{"id":364160,"date":"2025-09-03T21:17:10","date_gmt":"2025-09-03T21:17:10","guid":{"rendered":"https:\/\/www.europesays.com\/fr\/364160\/"},"modified":"2025-09-03T21:17:10","modified_gmt":"2025-09-03T21:17:10","slug":"avenir-renovations-ouvre-une-agence-a-lyon-avec-nicolas-val","status":"publish","type":"post","link":"https:\/\/www.europesays.com\/fr\/364160\/","title":{"rendered":"Avenir R\u00e9novations ouvre une agence \u00e0 Lyon avec Nicolas Val"},"content":{"rendered":"<p>                                                        <img loading=\"lazy\" decoding=\"async\" width=\"750\" height=\"750\" src=\"data:image\/svg+xml,%3Csvg%20xmlns=\" http:=\"\" class=\"thumb img-responsive m-x-auto block w-full\" alt=\"lyon entreprises avenir r\u00e9novations lyon\" caption=\"\" data-lazy-src=\"https:\/\/www.europesays.com\/fr\/wp-content\/uploads\/2025\/09\/lyon-entreprises-avenir-renovations-lyon.jpg\"\/><\/p>\n<p><strong>L\u2019enseigne Avenir R\u00e9novations poursuit son <a href=\"https:\/\/www.lyon-entreprises.com\/actualites\/article\/avenir-renovations-ouvre-une-agence-a-caluire-et-cuire\" rel=\"nofollow noopener\" target=\"_blank\">d\u00e9veloppement dans le Rh\u00f4ne<\/a> avec l\u2019ouverture d\u2019une nouvelle agence \u00e0 Lyon. \u00c0 sa t\u00eate, Nicolas Val, Manager Travaux, qui accompagnera les propri\u00e9taires dans leurs projets de r\u00e9novation en leur offrant un suivi complet, de la conception \u00e0 l\u2019ach\u00e8vement.<\/strong><\/p>\n<p>Un march\u00e9 en pleine croissance<\/p>\n<p>D\u2019apr\u00e8s une \u00e9tude r\u00e9alis\u00e9e par l\u2019enseigne, 71 % des propri\u00e9taires fran\u00e7ais envisagent de r\u00e9nover leur logement en 2025, et un tiers d\u2019entre eux comptent recourir \u00e0 une entreprise sp\u00e9cialis\u00e9e. Face \u00e0 cette forte demande, Avenir R\u00e9novations propose une offre cl\u00e9 en main avec un interlocuteur unique, capable de g\u00e9rer la complexit\u00e9 des chantiers et des d\u00e9marches administratives.<\/p>\n<p>Une offre diversifi\u00e9e<\/p>\n<p>L\u2019agence de Lyon met \u00e0 disposition une large palette de prestations :<\/p>\n<ul>\n<li>R\u00e9novation \u00e9nerg\u00e9tique<\/li>\n<li>R\u00e9novation compl\u00e8te ou partielle (cuisine, salle de bains, chambres\u2026)<\/li>\n<li>Am\u00e9nagements ext\u00e9rieurs (terrasse, portail, piscine\u2026)<\/li>\n<li>Travaux d\u2019agrandissement (extension, sur\u00e9l\u00e9vation)<\/li>\n<\/ul>\n<p>Les clients b\u00e9n\u00e9ficient \u00e9galement d\u2019un accompagnement pour l\u2019obtention des aides de l\u2019\u00c9tat, un appui non n\u00e9gligeable pour faciliter la r\u00e9alisation des travaux.<\/p>\n<p>Avenir R\u00e9novations, un r\u00e9seau national en expansion<\/p>\n<p>Fond\u00e9 en 2013, Avenir R\u00e9novations s\u2019est impos\u00e9 comme un acteur cl\u00e9 de la r\u00e9novation tous corps d\u2019\u00e9tat. Le r\u00e9seau compte 180 franchises sign\u00e9es et a g\u00e9n\u00e9r\u00e9 un chiffre d\u2019affaires de 66 millions d\u2019euros en 2024. Avec ses 32 collaborateurs d\u00e9di\u00e9s \u00e0 l\u2019accompagnement des agences, la soci\u00e9t\u00e9 ambitionne de devenir le num\u00e9ro un fran\u00e7ais du secteur.<\/p>\n","protected":false},"excerpt":{"rendered":"L\u2019enseigne Avenir R\u00e9novations poursuit son d\u00e9veloppement dans le Rh\u00f4ne avec l\u2019ouverture d\u2019une nouvelle agence \u00e0 Lyon. \u00c0 sa&hellip;\n","protected":false},"author":2,"featured_media":364161,"comment_status":"","ping_status":"","sticky":false,"template":"","format":"standard","meta":{"footnotes":""},"categories":[1889],"tags":[1111,11,2430,1777,674,1011,27,2428,12,25],"class_list":{"0":"post-364160","1":"post","2":"type-post","3":"status-publish","4":"format-standard","5":"has-post-thumbnail","7":"category-lyon","8":"tag-actu","9":"tag-actualites","10":"tag-auvergne-rhone-alpes","11":"tag-eu","12":"tag-europe","13":"tag-fr","14":"tag-france","15":"tag-lyon","16":"tag-news","17":"tag-republique-francaise"},"share_on_mastodon":{"url":"https:\/\/pubeurope.com\/@fr\/115142449121557512","error":""},"_links":{"self":[{"href":"https:\/\/www.europesays.com\/fr\/wp-json\/wp\/v2\/posts\/364160","targetHints":{"allow":["GET"]}}],"collection":[{"href":"https:\/\/www.europesays.com\/fr\/wp-json\/wp\/v2\/posts"}],"about":[{"href":"https:\/\/www.europesays.com\/fr\/wp-json\/wp\/v2\/types\/post"}],"author":[{"embeddable":true,"href":"https:\/\/www.europesays.com\/fr\/wp-json\/wp\/v2\/users\/2"}],"replies":[{"embeddable":true,"href":"https:\/\/www.europesays.com\/fr\/wp-json\/wp\/v2\/comments?post=364160"}],"version-history":[{"count":0,"href":"https:\/\/www.europesays.com\/fr\/wp-json\/wp\/v2\/posts\/364160\/revisions"}],"wp:featuredmedia":[{"embeddable":true,"href":"https:\/\/www.europesays.com\/fr\/wp-json\/wp\/v2\/media\/364161"}],"wp:attachment":[{"href":"https:\/\/www.europesays.com\/fr\/wp-json\/wp\/v2\/media?parent=364160"}],"wp:term":[{"taxonomy":"category","embeddable":true,"href":"https:\/\/www.europesays.com\/fr\/wp-json\/wp\/v2\/categories?post=364160"},{"taxonomy":"post_tag","embeddable":true,"href":"https:\/\/www.europesays.com\/fr\/wp-json\/wp\/v2\/tags?post=364160"}],"curies":[{"name":"wp","href":"https:\/\/api.w.org\/{rel}","templated":true}]}}