{"id":364162,"date":"2025-09-03T21:18:25","date_gmt":"2025-09-03T21:18:25","guid":{"rendered":"https:\/\/www.europesays.com\/fr\/364162\/"},"modified":"2025-09-03T21:18:25","modified_gmt":"2025-09-03T21:18:25","slug":"avenir-renovations-ouvre-une-agence-a-caluire-et-cuire","status":"publish","type":"post","link":"https:\/\/www.europesays.com\/fr\/364162\/","title":{"rendered":"Avenir R\u00e9novations ouvre une agence \u00e0 Caluire-et-Cuire"},"content":{"rendered":"<p>                                                        <img loading=\"lazy\" decoding=\"async\" width=\"1024\" height=\"576\" src=\"data:image\/svg+xml,%3Csvg%20xmlns=\" http:=\"\" class=\"thumb img-responsive m-x-auto block w-full\" alt=\"lyon entreprises avenir r\u00e9novations\" caption=\"\" data-lazy-src=\"https:\/\/www.europesays.com\/fr\/wp-content\/uploads\/2025\/09\/lyon-entreprises-avenir-renovations-1024x576.webp.webp\"\/><\/p>\n<p><strong>L\u2019enseigne Avenir R\u00e9novations poursuit son <a href=\"https:\/\/www.lyon-entreprises.com\/actualites\/article\/avenir-renovations-simplante-a-montbrison-avec-une-nouvelle-agence-pilotee-par-johan-poyet\" rel=\"nofollow noopener\" target=\"_blank\">d\u00e9veloppement en Auvergne-Rh\u00f4ne-Alpes<\/a> avec l\u2019ouverture d\u2019une nouvelle franchise \u00e0 Caluire-et-Cuire, dans le Rh\u00f4ne. Bruno Mechin prend la t\u00eate de cette agence, avec pour mission d\u2019accompagner les projets de r\u00e9novation des particuliers, de la conception \u00e0 la r\u00e9alisation.<\/strong><\/p>\n<p>R\u00e9pondre \u00e0 une demande croissante<\/p>\n<p>Selon une \u00e9tude men\u00e9e par l\u2019enseigne, 71 % des propri\u00e9taires fran\u00e7ais pr\u00e9voient de r\u00e9nover leur logement en 2025, dont un tiers envisage de faire appel \u00e0 une entreprise sp\u00e9cialis\u00e9e. Face \u00e0 cette tendance, Avenir R\u00e9novations propose une prise en charge compl\u00e8te des travaux gr\u00e2ce \u00e0 un interlocuteur unique, afin de simplifier la gestion des chantiers et d\u2019assurer leur bonne ex\u00e9cution.<\/p>\n<p>Une offre \u00e9largie de services<\/p>\n<p>L\u2019agence de Caluire-et-Cuire intervient sur un large panel de prestations :<\/p>\n<ul>\n<li>R\u00e9novation \u00e9nerg\u00e9tique<\/li>\n<li>R\u00e9novation compl\u00e8te ou partielle (cuisine, salle de bains, chambres\u2026)<\/li>\n<li>Am\u00e9nagements ext\u00e9rieurs (terrasse, portail, piscine\u2026)<\/li>\n<li>Travaux d\u2019agrandissement (extensions, sur\u00e9l\u00e9vations)<\/li>\n<\/ul>\n<p>En compl\u00e9ment, les clients b\u00e9n\u00e9ficient d\u2019un accompagnement dans leurs d\u00e9marches administratives et pour l\u2019obtention des aides de l\u2019\u00c9tat.<\/p>\n<p>Un r\u00e9seau en expansion<\/p>\n<p>Cr\u00e9\u00e9 en 2013, Avenir R\u00e9novations s\u2019est impos\u00e9 comme un acteur majeur de la r\u00e9novation tous corps d\u2019\u00e9tat. Le r\u00e9seau compte aujourd\u2019hui 180 franchises sign\u00e9es et a r\u00e9alis\u00e9 un chiffre d\u2019affaires de 66 millions d\u2019euros en 2024. Avec ses 32 collaborateurs d\u00e9di\u00e9s \u00e0 l\u2019accompagnement des agences, l\u2019entreprise ambitionne de devenir le num\u00e9ro un du secteur en France.<\/p>\n","protected":false},"excerpt":{"rendered":"L\u2019enseigne Avenir R\u00e9novations poursuit son d\u00e9veloppement en Auvergne-Rh\u00f4ne-Alpes avec l\u2019ouverture d\u2019une nouvelle franchise \u00e0 Caluire-et-Cuire, dans le Rh\u00f4ne.&hellip;\n","protected":false},"author":2,"featured_media":364163,"comment_status":"","ping_status":"","sticky":false,"template":"","format":"standard","meta":{"footnotes":""},"categories":[1889],"tags":[1111,11,2430,1777,674,1011,27,2428,12,25],"class_list":{"0":"post-364162","1":"post","2":"type-post","3":"status-publish","4":"format-standard","5":"has-post-thumbnail","7":"category-lyon","8":"tag-actu","9":"tag-actualites","10":"tag-auvergne-rhone-alpes","11":"tag-eu","12":"tag-europe","13":"tag-fr","14":"tag-france","15":"tag-lyon","16":"tag-news","17":"tag-republique-francaise"},"share_on_mastodon":{"url":"https:\/\/pubeurope.com\/@fr\/115142453033315184","error":""},"_links":{"self":[{"href":"https:\/\/www.europesays.com\/fr\/wp-json\/wp\/v2\/posts\/364162","targetHints":{"allow":["GET"]}}],"collection":[{"href":"https:\/\/www.europesays.com\/fr\/wp-json\/wp\/v2\/posts"}],"about":[{"href":"https:\/\/www.europesays.com\/fr\/wp-json\/wp\/v2\/types\/post"}],"author":[{"embeddable":true,"href":"https:\/\/www.europesays.com\/fr\/wp-json\/wp\/v2\/users\/2"}],"replies":[{"embeddable":true,"href":"https:\/\/www.europesays.com\/fr\/wp-json\/wp\/v2\/comments?post=364162"}],"version-history":[{"count":0,"href":"https:\/\/www.europesays.com\/fr\/wp-json\/wp\/v2\/posts\/364162\/revisions"}],"wp:featuredmedia":[{"embeddable":true,"href":"https:\/\/www.europesays.com\/fr\/wp-json\/wp\/v2\/media\/364163"}],"wp:attachment":[{"href":"https:\/\/www.europesays.com\/fr\/wp-json\/wp\/v2\/media?parent=364162"}],"wp:term":[{"taxonomy":"category","embeddable":true,"href":"https:\/\/www.europesays.com\/fr\/wp-json\/wp\/v2\/categories?post=364162"},{"taxonomy":"post_tag","embeddable":true,"href":"https:\/\/www.europesays.com\/fr\/wp-json\/wp\/v2\/tags?post=364162"}],"curies":[{"name":"wp","href":"https:\/\/api.w.org\/{rel}","templated":true}]}}