{"id":364168,"date":"2025-09-03T21:22:11","date_gmt":"2025-09-03T21:22:11","guid":{"rendered":"https:\/\/www.europesays.com\/fr\/364168\/"},"modified":"2025-09-03T21:22:11","modified_gmt":"2025-09-03T21:22:11","slug":"la-laisse-de-son-chien-se-coince-dans-les-portes-dun-rer-une-femme-perd-plusieurs-doigts","status":"publish","type":"post","link":"https:\/\/www.europesays.com\/fr\/364168\/","title":{"rendered":"La laisse de son chien se coince dans les portes d\u2019un RER, une femme perd plusieurs doigts"},"content":{"rendered":"<p class=\"mb-4 text-lg md:leading-8 break-words\">Une femme a \u00e9t\u00e9 victime d\u2019un grave accident \u00e0 la station de <a data-i13n=\"cpos:1;pos:1\" href=\"https:\/\/www.20minutes.fr\/dossier\/rer_c?at_medium=RSS%20feed&amp;at_campaign=ynews&amp;utm_source=yahoo&amp;utm_medium=rss&amp;utm_campaign=news_feed&amp;utm_content=in_article_link\" rel=\"nofollow noopener\" target=\"_blank\" data-ylk=\"slk:RER C;cpos:1;pos:1;elm:context_link;itc:0;sec:content-canvas\" class=\"link \">RER C<\/a> Boulainvilliers, dans le 16e arrondissement de <a data-i13n=\"cpos:2;pos:1\" href=\"https:\/\/www.20minutes.fr\/paris\/?at_medium=RSS%20feed&amp;at_campaign=ynews&amp;utm_source=yahoo&amp;utm_medium=rss&amp;utm_campaign=news_feed&amp;utm_content=in_article_link\" rel=\"nofollow noopener\" target=\"_blank\" data-ylk=\"slk:Paris;cpos:2;pos:1;elm:context_link;itc:0;sec:content-canvas\" class=\"link \">Paris<\/a>, selon <a data-i13n=\"cpos:3;pos:1\" href=\"https:\/\/www.francebleu.fr\/infos\/transports\/paris-la-laisse-de-son-chien-se-coince-dans-le-dans-les-portes-du-rer-c-une-femme-perd-deux-doigts-1637051?at_medium=RSS%20feed&amp;at_campaign=ynews&amp;utm_source=yahoo&amp;utm_medium=rss&amp;utm_campaign=news_feed&amp;utm_content=in_article_link\" rel=\"nofollow noopener\" target=\"_blank\" data-ylk=\"slk:Ici Paris \u00cele-de-France;cpos:3;pos:1;elm:context_link;itc:0;sec:content-canvas\" class=\"link \">Ici Paris \u00cele-de-France<\/a>.<\/p>\n<p class=\"mb-4 text-lg md:leading-8 break-words\">La laisse de son chien se serait retrouv\u00e9e bloqu\u00e9e dans les portes du train au moment o\u00f9 celui-ci quittait le quai. La victime aurait alors \u00e9t\u00e9 tra\u00een\u00e9e sur plusieurs m\u00e8tres. Elle aurait eu deux doigts de sectionn\u00e9s lors de cet accident. L\u2019animal de son c\u00f4t\u00e9 n\u2019a, semble-t-il, pas \u00e9t\u00e9 bless\u00e9.<\/p>\n<p>Les images de vid\u00e9osurveillance sont exploitables<\/p>\n<p class=\"mb-4 text-lg md:leading-8 break-words\">Cit\u00e9e par la radio, SNCF Voyageurs assure que l\u2019agent en gare \u00ab lui a port\u00e9 assistance imm\u00e9diatement \u00bb. L\u2019entreprise \u00ab m\u00e8ne une enqu\u00eate pour comprendre les circonstances exactes \u00bb de cet accident. Le conducteur du train a notamment \u00e9t\u00e9 entendu.<\/p>\n<p>Publicit\u00e9<\/p>\n<p>Publicit\u00e9<\/p>\n<p>Publicit\u00e9<\/p>\n<p>Publicit\u00e9<\/p>\n<p class=\"mb-4 text-lg md:leading-8 break-words\">Les images issues des cam\u00e9ras de la SNCF seraient exploitables. Selon Ici, la victime aurait fait part de son intention de porter plainte.<\/p>\n<p class=\"mb-4 text-lg md:leading-8 break-words\"><a data-i13n=\"cpos:4;pos:1\" href=\"https:\/\/www.20minutes.fr\/faits_divers\/4171066-20250903-paris-laisse-chien-coince-portes-rer-femme-perd-plusieurs-doigts?at_medium=RSS%20feed&amp;at_campaign=ynews&amp;utm_source=yahoo&amp;utm_medium=rss&amp;utm_campaign=news_feed&amp;utm_content=read_more_link%22\" rel=\"nofollow noopener\" target=\"_blank\" data-ylk=\"slk:Lire la suite sur 20minutes;cpos:4;pos:1;elm:context_link;itc:0;sec:content-canvas\" class=\"link \">Lire la suite sur 20minutes<\/a><\/p>\n<p>\u00c0 lire aussi :<br \/><a data-i13n=\"cpos:5;pos:1\" href=\"https:\/\/www.20minutes.fr\/faits_divers\/4159572-20250620-agde-trois-blesses-accident-bus-transportant-lyceens?at_medium=RSS%20feed&amp;at_campaign=ynews&amp;utm_source=yahoo&amp;utm_medium=rss&amp;utm_campaign=news_feed&amp;utm_content=related_content_link\" rel=\"nofollow noopener\" target=\"_blank\" data-ylk=\"slk:Agde : Sept bless\u00e9s en urgence relative dans l\u2019accident d\u2019un bus transportant des lyc\u00e9ens;cpos:5;pos:1;elm:context_link;itc:0;sec:content-canvas\" class=\"link \">Agde : Sept bless\u00e9s en urgence relative dans l\u2019accident d\u2019un bus transportant des lyc\u00e9ens<\/a><br \/><a data-i13n=\"cpos:6;pos:1\" href=\"https:\/\/www.20minutes.fr\/faits_divers\/4160494-20250626-dordogne-apres-grave-accident-route-meurent-brules-voiture?at_medium=RSS%20feed&amp;at_campaign=ynews&amp;utm_source=yahoo&amp;utm_medium=rss&amp;utm_campaign=news_feed&amp;utm_content=related_content_link\" rel=\"nofollow noopener\" target=\"_blank\" data-ylk=\"slk:Dordogne : Apr\u00e8s un grave accident de la route, ils meurent br\u00fbl\u00e9s dans leur voiture;cpos:6;pos:1;elm:context_link;itc:0;sec:content-canvas\" class=\"link \">Dordogne : Apr\u00e8s un grave accident de la route, ils meurent br\u00fbl\u00e9s dans leur voiture<\/a><\/p>\n","protected":false},"excerpt":{"rendered":"Une femme a \u00e9t\u00e9 victime d\u2019un grave accident \u00e0 la station de RER C Boulainvilliers, dans le 16e&hellip;\n","protected":false},"author":2,"featured_media":364169,"comment_status":"","ping_status":"","sticky":false,"template":"","format":"standard","meta":{"footnotes":""},"categories":[1888],"tags":[10690,1111,1928,11,1927,49881,1777,674,1011,27,49880,20084,12,1926,626,1925,25,2215],"class_list":{"0":"post-364168","1":"post","2":"type-post","3":"status-publish","4":"format-standard","5":"has-post-thumbnail","7":"category-paris","8":"tag-16e-arrondissement","9":"tag-actu","10":"tag-actu-paris","11":"tag-actualites","12":"tag-actualites-paris","13":"tag-c-boulainvilliers","14":"tag-eu","15":"tag-europe","16":"tag-fr","17":"tag-france","18":"tag-ici-paris","19":"tag-les-images","20":"tag-news","21":"tag-news-paris","22":"tag-paris","23":"tag-paris-news","24":"tag-republique-francaise","25":"tag-sncf"},"share_on_mastodon":{"url":"https:\/\/pubeurope.com\/@fr\/115142469107185490","error":""},"_links":{"self":[{"href":"https:\/\/www.europesays.com\/fr\/wp-json\/wp\/v2\/posts\/364168","targetHints":{"allow":["GET"]}}],"collection":[{"href":"https:\/\/www.europesays.com\/fr\/wp-json\/wp\/v2\/posts"}],"about":[{"href":"https:\/\/www.europesays.com\/fr\/wp-json\/wp\/v2\/types\/post"}],"author":[{"embeddable":true,"href":"https:\/\/www.europesays.com\/fr\/wp-json\/wp\/v2\/users\/2"}],"replies":[{"embeddable":true,"href":"https:\/\/www.europesays.com\/fr\/wp-json\/wp\/v2\/comments?post=364168"}],"version-history":[{"count":0,"href":"https:\/\/www.europesays.com\/fr\/wp-json\/wp\/v2\/posts\/364168\/revisions"}],"wp:featuredmedia":[{"embeddable":true,"href":"https:\/\/www.europesays.com\/fr\/wp-json\/wp\/v2\/media\/364169"}],"wp:attachment":[{"href":"https:\/\/www.europesays.com\/fr\/wp-json\/wp\/v2\/media?parent=364168"}],"wp:term":[{"taxonomy":"category","embeddable":true,"href":"https:\/\/www.europesays.com\/fr\/wp-json\/wp\/v2\/categories?post=364168"},{"taxonomy":"post_tag","embeddable":true,"href":"https:\/\/www.europesays.com\/fr\/wp-json\/wp\/v2\/tags?post=364168"}],"curies":[{"name":"wp","href":"https:\/\/api.w.org\/{rel}","templated":true}]}}