{"id":364172,"date":"2025-09-03T21:24:18","date_gmt":"2025-09-03T21:24:18","guid":{"rendered":"https:\/\/www.europesays.com\/fr\/364172\/"},"modified":"2025-09-03T21:24:18","modified_gmt":"2025-09-03T21:24:18","slug":"entretien-avec-volodymyr-zelensky-president-de-lukraine-a-paris","status":"publish","type":"post","link":"https:\/\/www.europesays.com\/fr\/364172\/","title":{"rendered":"Entretien avec Volodymyr Zelensky, Pr\u00e9sident de l&rsquo;Ukraine, \u00e0 Paris."},"content":{"rendered":"<p><strong>Le Pr\u00e9sident de la R\u00e9publique a accueilli\u00a0Volodymyr Zelensky, Pr\u00e9sident de l\u2019Ukraine, pour un entretien de travail et un d\u00eener ce mercredi 3 septembre au Palais de l\u2019\u00c9lys\u00e9e.<\/strong><\/p>\n<p>Cet entretien a eu lieu\u00a0\u00e0\u00a0la veille d&rsquo;une\u00a0r\u00e9union de la coalition des volontaires.<\/p>\n<p>Les deux dirigeants ont \u00e9voqu\u00e9 la situation sur le terrain et le Pr\u00e9sident Emmanuel Macron\u00a0a r\u00e9affirm\u00e9\u00a0son <strong>soutien ind\u00e9fectible \u00e0 l\u2019Ukraine<\/strong> afin de parvenir \u00e0 une paix juste et durable.<\/p>\n<p>Revoir les d\u00e9clarations\u00a0:<\/p>\n","protected":false},"excerpt":{"rendered":"Le Pr\u00e9sident de la R\u00e9publique a accueilli\u00a0Volodymyr Zelensky, Pr\u00e9sident de l\u2019Ukraine, pour un entretien de travail et un&hellip;\n","protected":false},"author":2,"featured_media":364173,"comment_status":"","ping_status":"","sticky":false,"template":"","format":"standard","meta":{"footnotes":""},"categories":[1888],"tags":[11,2813,1777,674,1011,27,14,12,626,25,220],"class_list":{"0":"post-364172","1":"post","2":"type-post","3":"status-publish","4":"format-standard","5":"has-post-thumbnail","7":"category-paris","8":"tag-actualites","9":"tag-article","10":"tag-eu","11":"tag-europe","12":"tag-fr","13":"tag-france","14":"tag-international","15":"tag-news","16":"tag-paris","17":"tag-republique-francaise","18":"tag-ukraine"},"share_on_mastodon":{"url":"https:\/\/pubeurope.com\/@fr\/115142476679639244","error":""},"_links":{"self":[{"href":"https:\/\/www.europesays.com\/fr\/wp-json\/wp\/v2\/posts\/364172","targetHints":{"allow":["GET"]}}],"collection":[{"href":"https:\/\/www.europesays.com\/fr\/wp-json\/wp\/v2\/posts"}],"about":[{"href":"https:\/\/www.europesays.com\/fr\/wp-json\/wp\/v2\/types\/post"}],"author":[{"embeddable":true,"href":"https:\/\/www.europesays.com\/fr\/wp-json\/wp\/v2\/users\/2"}],"replies":[{"embeddable":true,"href":"https:\/\/www.europesays.com\/fr\/wp-json\/wp\/v2\/comments?post=364172"}],"version-history":[{"count":0,"href":"https:\/\/www.europesays.com\/fr\/wp-json\/wp\/v2\/posts\/364172\/revisions"}],"wp:featuredmedia":[{"embeddable":true,"href":"https:\/\/www.europesays.com\/fr\/wp-json\/wp\/v2\/media\/364173"}],"wp:attachment":[{"href":"https:\/\/www.europesays.com\/fr\/wp-json\/wp\/v2\/media?parent=364172"}],"wp:term":[{"taxonomy":"category","embeddable":true,"href":"https:\/\/www.europesays.com\/fr\/wp-json\/wp\/v2\/categories?post=364172"},{"taxonomy":"post_tag","embeddable":true,"href":"https:\/\/www.europesays.com\/fr\/wp-json\/wp\/v2\/tags?post=364172"}],"curies":[{"name":"wp","href":"https:\/\/api.w.org\/{rel}","templated":true}]}}