{"id":364174,"date":"2025-09-03T21:25:11","date_gmt":"2025-09-03T21:25:11","guid":{"rendered":"https:\/\/www.europesays.com\/fr\/364174\/"},"modified":"2025-09-03T21:25:11","modified_gmt":"2025-09-03T21:25:11","slug":"jean-francois-colosimo-putin-and-trump-share-a-common-goal-bringing-europe-to-heel","status":"publish","type":"post","link":"https:\/\/www.europesays.com\/fr\/364174\/","title":{"rendered":"Jean-Fran\u00e7ois Colosimo: \u201cPutin and Trump Share a Common Goal: Bringing Europe to Heel.\u201d"},"content":{"rendered":"<p>Jean-Fran\u00e7ois Colosimo, a leading specialist on the Orthodox world, argues that the ongoing debates over the war in Ukraine expose Europe\u2019s growing marginalization in global affairs and cast a stark light on the imperial ambitions of both Russia and the United States.<\/p>\n<p class=\"fig-paragraph\">Theologian, essayist and publisher, Jean-Fran\u00e7ois Colosimo is the director of \u00c9ditions du Cerf, a French publishing house specializing in religious books. His publications include La Crucifixion de l\u2019Ukraine: Mille ans de guerres de religions en Europe (\u201cThe Crucifixion of Ukraine: A Thousand Years of Religious Wars in Europe\u201d). His latest book is Occident, ennemi mondial n\u00b0 1 (\u201cThe West, the World\u2019s N\u00b01 Enemy\u201d).<\/p>\n<p class=\"fig-paragraph\"><strong>LE FIGARO. \u2014 Speaking before Ukrainian President Volodymyr Zelensky and European leaders gathered in Washington on Monday, Aug. 18, U.S. President Donald Trump dismissed the prospect of a ceasefire, going against the advice of French President Emmanuel Macron and German Chancellor Friedrich Merz. Can a peace agreement be reached between Russia and Ukraine without first halting the fighting?<\/strong><\/p>\n<p class=\"fig-paragraph\"><strong>JEAN-FRAN\u00c7OIS COLOSIMO.<\/strong> \u2014\u00a0A master at misappropriating international law, Russian President Vladimir Putin has not hesitated to present the invasion of Ukraine as a humanitarian intervention necessary\u2026<\/p>\n<p class=\"fig-premium-paywall__infos\">\n        Cet article est r\u00e9serv\u00e9 aux abonn\u00e9s.        Il vous reste 92% \u00e0 d\u00e9couvrir.\n    <\/p>\n<p>                <img  data- alt=\"Le Figaro\" class=\"fig-img--complete fig-img\"\/><\/p>\n<p class=\"fig-premium-paywall__title\">Special Offer<\/p>\n<p class=\"fig-premium-paywall__subtitle\">\u20ac4.99\/month for 12 months.<\/p>\n<p class=\"fig-premium-paywall__connect\">\n                D\u00e9j\u00e0 abonn\u00e9\u00a0?                <a class=\"fig-premium-paywall__connect-link\" href=\"https:\/\/connect.lefigaro.fr\/login?client=horizon_web&amp;type=main&amp;redirect_uri=https%3A%2F%2Fwww.lefigaro.fr%2Fen%2Fworld%2Fjean-francois-colosimo-putin-and-trump-share-a-common-goal-bringing-europe-to-heel-20250903\" data-js-gtm=\"{&quot;customCategorie&quot;: &quot;conversion&quot;, &quot;customAction&quot;: &quot;before_Landing_Connexion_paywall_auto&quot;, &quot;customLabel&quot;: &quot;bGVmaWdhcm8uZnJfXzFmMDgzNThhLTBmN2EtNjUyNi04NzllLWM1ODYwMjZkMWI3N19fQXJ0aWNsZQ==_Jean-Fran\u00e7ois Colosimo: \u201cPutin and Trump Share a Common Goal: Bringing Europe to Heel.\u201d_191&quot;, &quot;customIDSPE&quot;: &quot;bGVmaWdhcm8uZnJfXzFmMDgzNThhLTBmN2EtNjUyNi04NzllLWM1ODYwMjZkMWI3N19fQXJ0aWNsZQ==&quot;, &quot;event&quot;: &quot;customEventSPE&quot;}\" rel=\"nofollow noopener\" target=\"_blank\"><br \/>\n                    Connectez-vous<br \/>\n                <\/a>\n            <\/p>\n","protected":false},"excerpt":{"rendered":"Jean-Fran\u00e7ois Colosimo, a leading specialist on the Orthodox world, argues that the ongoing debates over the war in&hellip;\n","protected":false},"author":2,"featured_media":364175,"comment_status":"","ping_status":"","sticky":false,"template":"","format":"standard","meta":{"footnotes":""},"categories":[1591],"tags":[11,1887,12,1885,1886,132,220],"class_list":{"0":"post-364174","1":"post","2":"type-post","3":"status-publish","4":"format-standard","5":"has-post-thumbnail","7":"category-russie","8":"tag-actualites","9":"tag-federation-de-russie","10":"tag-news","11":"tag-russia","12":"tag-russian-federation","13":"tag-russie","14":"tag-ukraine"},"share_on_mastodon":{"url":"https:\/\/pubeurope.com\/@fr\/115142480671285345","error":""},"_links":{"self":[{"href":"https:\/\/www.europesays.com\/fr\/wp-json\/wp\/v2\/posts\/364174","targetHints":{"allow":["GET"]}}],"collection":[{"href":"https:\/\/www.europesays.com\/fr\/wp-json\/wp\/v2\/posts"}],"about":[{"href":"https:\/\/www.europesays.com\/fr\/wp-json\/wp\/v2\/types\/post"}],"author":[{"embeddable":true,"href":"https:\/\/www.europesays.com\/fr\/wp-json\/wp\/v2\/users\/2"}],"replies":[{"embeddable":true,"href":"https:\/\/www.europesays.com\/fr\/wp-json\/wp\/v2\/comments?post=364174"}],"version-history":[{"count":0,"href":"https:\/\/www.europesays.com\/fr\/wp-json\/wp\/v2\/posts\/364174\/revisions"}],"wp:featuredmedia":[{"embeddable":true,"href":"https:\/\/www.europesays.com\/fr\/wp-json\/wp\/v2\/media\/364175"}],"wp:attachment":[{"href":"https:\/\/www.europesays.com\/fr\/wp-json\/wp\/v2\/media?parent=364174"}],"wp:term":[{"taxonomy":"category","embeddable":true,"href":"https:\/\/www.europesays.com\/fr\/wp-json\/wp\/v2\/categories?post=364174"},{"taxonomy":"post_tag","embeddable":true,"href":"https:\/\/www.europesays.com\/fr\/wp-json\/wp\/v2\/tags?post=364174"}],"curies":[{"name":"wp","href":"https:\/\/api.w.org\/{rel}","templated":true}]}}