{"id":364176,"date":"2025-09-03T21:26:16","date_gmt":"2025-09-03T21:26:16","guid":{"rendered":"https:\/\/www.europesays.com\/fr\/364176\/"},"modified":"2025-09-03T21:26:16","modified_gmt":"2025-09-03T21:26:16","slug":"dembele-a-atteint-une-sorte-de-plenitude-le-meilleur-de-la-conference-de-presse-de-kounde","status":"publish","type":"post","link":"https:\/\/www.europesays.com\/fr\/364176\/","title":{"rendered":"\u00ab\u00a0Demb\u00e9l\u00e9 a atteint une sorte de pl\u00e9nitude\u00a0\u00bb, le meilleur de la conf\u00e9rence de presse de Kound\u00e9"},"content":{"rendered":"<p>22h41<\/p>\n<p>Demb\u00e9l\u00e9 encore \u00e0 part, Dou\u00e9 en forme\u2026 les tendances de la compo pour l\u2019Ukraine<\/p>\n<p>Vendredi soir, \u00e0 20 heures 45, l&rsquo;\u00e9quipe de France se d\u00e9place en Pologne pour affronter l&rsquo;Ukraine. Le premier rendez-vous important pour les Bleus dans les qualifications pour la prochaine Coupe du monde 2026. Pour l&rsquo;occasion, le s\u00e9lectionneur Didier Deschamps pourrait composer avec une absence de taille: celle d&rsquo;Ousmane Demb\u00e9l\u00e9.<\/p>\n<p><a href=\"https:\/\/rmcsport.bfmtv.com\/football\/equipe-de-france\/equipe-de-france-dembele-encore-a-part-doue-en-forme-les-tendances-de-la-compo-pour-l-ukraine_AV-202509030920.html\" title=\"Equipe de France: Demb\u00e9l\u00e9 encore \u00e0 part, Dou\u00e9 en forme\u2026 les tendances de la compo pour l\u2019Ukraine\" class=\"internal_link\" rel=\"nofollow noopener\" target=\"_blank\">&gt;&gt; Demb\u00e9l\u00e9, Dou\u00e9, Rabiot, Kon\u00e9&#8230; les infos sur la compo des Bleus en Ukraine<\/a><\/p>\n<p>22h40<\/p>\n<p>Les images des bizutages en chanson d&rsquo;Ekitike et Akliouche sur du Aya Nakamura et Sexion d&rsquo;Assaut<\/p>\n<p>Convoqu\u00e9s pour la premi\u00e8re fois chez les A, Hugo Ekitike et Maghnes Akliouche ont eu droit de pousser la chansonnette en guise de bizutage. En reprenant Aya Nakamura pour l&rsquo;un et Sexion d\u2019Assaut pour l&rsquo;autre.<\/p>\n<p>12h47<\/p>\n<p>Entra\u00eenement \u00e0 huis clos<\/p>\n<p>A deux jours du match, les Bleus s&rsquo;entra\u00eenent \u00e0 l&rsquo;abri des regards ce mercredi. M\u00eame si on devrait avoir quelques indices sur la compo.<\/p>\n<p>12h18<\/p>\n<p>Kound\u00e9 sur les rassemblements de plus en plus courts en s\u00e9lection<\/p>\n<p>\u00ab\u00a0Le fait d&rsquo;avoir peu de jours de rassemblement, \u00e7a nous permet d&rsquo;\u00eatre encore plus focus. On a moins le temps de travailler donc il faut \u00eatre encore plus efficace et pr\u00e9sent. C&rsquo;est d\u00e9j\u00e0 une bonne chose qu&rsquo;on ne joue plus trois matchs mais deux.\u00a0\u00bb<\/p>\n<p>12h16<\/p>\n<p>Kound\u00e9 sur sa non nomination dans les 30 du Ballon d&rsquo;or<\/p>\n<p>\u00ab\u00a0C&rsquo;est toujours gratifiant. j&rsquo;aurais appr\u00e9ci\u00e9 y \u00eatre, je pense que j&rsquo;aurais pu y \u00eatre vu ma saison. Je n&rsquo;y suis pas, c&rsquo;est une source de motivation.\u00a0\u00bb<\/p>\n<p>12h16<\/p>\n<p>Kound\u00e9 sur sa forme actuelle<\/p>\n<p>\u00ab\u00a0Je me sens tr\u00e8s bien. A bient\u00f4t 27 ans, j&rsquo;entre s\u00fbrement dans mes meilleures ann\u00e9es. J&rsquo;\u00e9tais tr\u00e8s content de ce qu&rsquo;on a r\u00e9alis\u00e9 en club la saison derni\u00e8re, d&rsquo;y avoir grandement contribu\u00e9. Il n&rsquo;y a pas de place pour le rel\u00e2chement, \u00e7a va tr\u00e8s vite. J&rsquo;ai toujours tr\u00e8s faim, j&rsquo;aborde cette saison avec la m\u00eame envie de gagner, performer et m&rsquo;am\u00e9liorer.\u00a0\u00bb<\/p>\n<p>12h14<\/p>\n<p>Kound\u00e9 sur ce qu&rsquo;il changerait dans le foot pour le garder attractif<\/p>\n<p>\u00ab\u00a0Au-del\u00e0 des calendriers je ne sais pas. Cela pourrait \u00eatre certaines r\u00e8gles&#8230; en Liga, on commence \u00e0 r\u00e9ellement compter le nombre de secondes quand le gardien garde le ballon dans ses mains. Mais d\u00e9j\u00e0 avoir un peu moins de matchs. Je pense que cette formule de Ligue des champions, qui certes rajoute des matchs, a \u00e9t\u00e9 une r\u00e9ussite en termes de spectacle.\u00a0\u00bb<\/p>\n<p>12h13<\/p>\n<p>Kound\u00e9 sur les cadences pour les joueurs<\/p>\n<p>\u00ab\u00a0Il y a des choses \u00e0 am\u00e9liorer, des opinions \u00e0 consid\u00e9rer, les joueurs, les coachs mais aussi les staffs techniques, tous les gens qui travaillent autour du foot et sont aussi un peu victime de cette cadence d\u00e9mesur\u00e9e. C&rsquo;est tout un syst\u00e8me. Le fait d&rsquo;avoir \u00e9norm\u00e9ment de matchs&#8230; dans la vie, quand on abuse de certaines choses, on ne donne pas la m\u00eame importance. On se retrouve peut-\u00eatre parfois avec un moindre int\u00e9r\u00eat pour certains matchs parce que surconsommation.\u00a0\u00bb<\/p>\n<p>12h11<\/p>\n<p>Kound\u00e9 sur l&rsquo;arriv\u00e9e d&rsquo;Akliouche et Ekitike<\/p>\n<p>\u00ab\u00a0Ils sont d\u00e9j\u00e0 bien int\u00e9gr\u00e9s, je les ai trouv\u00e9 \u00e0 l&rsquo;aise \u00e0 l&rsquo;entra\u00eenement. C&rsquo;est toujours un plaisir d&rsquo;accueillir des nouvelles t\u00eates.\u00a0\u00bb<\/p>\n<p>12h10<\/p>\n<p>Kound\u00e9 sur le sch\u00e9ma 4-2-3-1<\/p>\n<p>\u00ab\u00a0C&rsquo;est un syst\u00e8me dans lequel, personnellement, j&rsquo;ai l&rsquo;habitude d&rsquo;\u00e9voluer. Le coach ne me bride pas sur les \u00e9ventuelles mont\u00e9es, \u00e7a demande juste des ajustements. C&rsquo;est un syst\u00e8me que j&rsquo;aime bien, qui apporte de la stabilit\u00e9, qui permet aussi de jouer entre les lignes avec un 10 et d&rsquo;avoir une menace importante.\u00a0\u00bb<\/p>\n<p>12h09<\/p>\n<p>Kound\u00e9 sur la qualification pour la Coupe du monde<\/p>\n<p>\u00ab\u00a0Non on n&rsquo;est pas qualifi\u00e9s. Loin de l\u00e0. Qu&rsquo;on soit les favoris dans ce groupe, c&rsquo;est une chose. Il faudra le d\u00e9montrer sur le terrain. Les qualifications sont tr\u00e8s rapproch\u00e9es, c&rsquo;est aussi au d\u00e9but de la saison. Il faudra \u00eatre vigilant.\u00a0\u00bb<\/p>\n<p>12h08<\/p>\n<p>Kound\u00e9 sur le capitanat de Mbapp\u00e9<\/p>\n<p>\u00ab\u00a0J&rsquo;ai toujours trouv\u00e9 qu&rsquo;il le faisait assez naturellement. Il est tr\u00e8s pr\u00e9sent pour ses co\u00e9quipiers, tr\u00e8s ouvert \u00e0 la discussion, il partage les responsabilit\u00e9s. Par le joueur qu&rsquo;il est, il inspire le respect, la reconnaissance de ses co\u00e9quipiers. C&rsquo;est assez naturel pour lui.\u00a0\u00bb<\/p>\n<p>12h07<\/p>\n<p>Kound\u00e9 sur le match entre le Bar\u00e7a et le PSG en Ligue des champions<\/p>\n<p>\u00ab\u00a0C&rsquo;est un match qu&rsquo;on a coch\u00e9 parce que c&rsquo;est une super affiche. La saison derni\u00e8re, je pense que c&rsquo;\u00e9tait l&rsquo;affiche que les gens voulaient probablement le plus voir, notamment en finale de Ligue des champions. Par l&rsquo;historique des confrontations aussi. Il y a une saveur particuli\u00e8re. Par la qualit\u00e9 du PSG aussi, on a toujours envie de se frotter aux meilleurs. C&rsquo;est un match qu&rsquo;on attend avec impatience.\u00a0\u00bb<\/p>\n<p>12h05<\/p>\n<p>Kound\u00e9 sur le Ballon d&rsquo;or et le duel Demb\u00e9l\u00e9-Yamal<\/p>\n<p>\u00ab\u00a0J&rsquo;ai d\u00e9j\u00e0 r\u00e9pondu, je vais le refaire. Les deux m\u00e9ritent. Ils ont fait une saison extraordinaire, avec des troph\u00e9es \u00e0 la cl\u00e9. En \u00e9tant co\u00e9quipier des deux, c&rsquo;est difficile. Ce n&rsquo;est pas moi qui vote et il y a des arguments pour les deux. Je suis tr\u00e8s content d&rsquo;\u00eatre avec Lamine, de voir comme il nous porte. Ousmane a atteint une sorte de pl\u00e9nitude, il joue son meilleur foot, avec les statistiques. Que le meilleur gagne.\u00a0\u00bb<\/p>\n<p>12h04<\/p>\n<p>Kound\u00e9 sur les fans ukrainiens<\/p>\n<p>\u00ab\u00a0On l&rsquo;a en t\u00eate, on sait qu&rsquo;il y aura un grosse pr\u00e9sence ukrainienne en Pologne. On sait le moment qu&rsquo;ils traversent. Le football, l&rsquo;\u00e9quipe nationale, \u00e7a permet parfois aux populations qui vivent des moments difficiles de s&rsquo;\u00e9chapper pour 90 minutes.\u00a0\u00bb<\/p>\n<p>12h03<\/p>\n<p>Kound\u00e9 sur sa blessure en fin de saison derni\u00e8re avec le Bar\u00e7a<\/p>\n<p>\u00ab\u00a0C&rsquo;\u00e9tait frustrant, \u00e7a arrive au moment le plus important de la saison, quand on jouait une demi-finale de Ligue des champions. Evidemment \u00e7a m&rsquo;a frustr\u00e9, \u00e7a arrive juste apr\u00e8s un haut avec la victoire contre Madrid en Coupe. C&rsquo;est la limite de jouer autant. J&rsquo;essaie de contr\u00f4ler un maximum de choses mais \u00e0 un moment le corps dit stop. L&rsquo;encha\u00eenement a \u00e9t\u00e9 tr\u00e8s rapide. Frustrant mais j&rsquo;ai bien r\u00e9cup\u00e9r\u00e9, \u00e7a fait partie du quotidien de se blesser.\u00a0\u00bb<\/p>\n<p>12h00<\/p>\n<p>Place \u00e0 Jules Kound\u00e9<\/p>\n<p>Le lat\u00e9ral du Bar\u00e7a arrive pour sa conf\u00e9rence de presse.<\/p>\n<p>11h45<\/p>\n<p>Fin de la conf\u00e9rence de presse pour Maghnes Akliouche<\/p>\n<p>Fin de la conf\u00e9rence de presse pour Maghnes Akliouche. Jules Kound\u00e9 va lui succ\u00e9der dans quelques instants.<\/p>\n<p>11h44<\/p>\n<p>Akliouche sur son r\u00f4le d\u00e9fensif<\/p>\n<p>\u00ab\u00a0\u00c7a doit faire partie du bagage d&rsquo;un joueur de haut niveau, je dois \u00eatre capable d&rsquo;apporter dans ce domaine. Une \u00e9quipe de haut niveau doit \u00eatre capable de bien d\u00e9fendre. Oui, je prends du plaisir, surtout pour r\u00e9cup\u00e9rer un ballon haut.\u00a0\u00bb<\/p>\n<p>11h43<\/p>\n<p>Akliouche sur la Coupe du monde<\/p>\n<p>\u00ab\u00a0C&rsquo;est la meilleure comp\u00e9tition qui soit. C&rsquo;est ma premi\u00e8re s\u00e9lection, je veux donner le meilleur de moi-m\u00eame et profiter de ces moments.\u00a0\u00bb<\/p>\n<p>11h42<\/p>\n<p>\u00ab\u00a0C&rsquo;\u00e9tait un peu mouvement\u00e9\u00a0\u00bb, Akliouche sur le mercato et les rumeurs de d\u00e9part (dont le PSG)<\/p>\n<p>\u00ab\u00a0C&rsquo;\u00e9tait un peu mouvement\u00e9 pour moi, un peu nouveau. \u00c7a fait partie de la vie d&rsquo;un footballeur, je m&rsquo;y suis adapt\u00e9. Je suis rest\u00e9 \u00e0 Monaco et je m&rsquo;y sens bien.\u00a0\u00bb<\/p>\n<p>11h41<\/p>\n<p>Akliouche cite ses mod\u00e8les et salue les conseils de Pogba<\/p>\n<p>\u00ab\u00a0Mes mod\u00e8les? Henry, Zidane, Pogba aussi. Il m&rsquo;a donn\u00e9 beaucoup de conseils et \u00e7a m&rsquo;a beacoup aid\u00e9.\u00a0\u00bb<\/p>\n<p>11h40<\/p>\n<p>Akliouche sur sa mani\u00e8re de \u00ab\u00a0consommer\u00a0\u00bb le foot<\/p>\n<p>\u00ab\u00a0Je regarde pas mal mes matchs, mais aussi la Ligue 1 et les gros matchs \u00e0 l&rsquo;\u00e9tranger. Je regarde les buts mais aussi les joueurs qui sont dans ma zone.\u00a0\u00bb<\/p>\n<p>11h39<\/p>\n<p>Akliouche heureux de retrouver Kon\u00e9 et Dou\u00e9<\/p>\n<p>\u00ab\u00a0\u00c7a m&rsquo;a fait plaisir de les revoir, ils m&rsquo;aident \u00e0 m&rsquo;int\u00e9grer, ils m&rsquo;apportent pour m&rsquo;int\u00e9grer rapidement au groupe.\u00a0\u00bb<\/p>\n<p>11h39<\/p>\n<p>Akliouche sur sa premi\u00e8re impression \u00e0 Clairefontaine<\/p>\n<p>\u00ab\u00a0Monter les martches du ch\u00e2teau &#8211; m\u00eame si je les avais mont\u00e9 lors des Jeux &#8211; avec les A, c&rsquo;est sp\u00e9cial et vraiment beau pour moi.\u00a0\u00bb<\/p>\n<p>11h38<\/p>\n<p>Akliouche pr\u00e9sente son profil<\/p>\n<p>\u00ab\u00a0J&rsquo;ai un profil offensif, je veux \u00eatre d\u00e9cisif, marquer ou faire la passe. C&rsquo;est mon t\u00f4le tout comme \u00eatre pr\u00e9ent d\u00e9fensivement.\u00a0\u00bb<\/p>\n<p>\u00ab\u00a0Petit, j&rsquo;ai beaucoup jou\u00e9 dans les city stade, \u00e7a m&rsquo;a beaucoup appris techniquement. Mais non, je n&rsquo;\u00e9tais pas un croqueur de ballon, je savais d\u00e9j\u00e0 la donner quand il fallait la donner.\u00a0\u00bb<\/p>\n<p>11h36<\/p>\n<p>Akliouche d\u00e9voile sa priorit\u00e9 lors de cette premi\u00e8re s\u00e9lection<\/p>\n<p>\u00ab\u00a0C&rsquo;est un honneur d&rsquo;\u00eatre l\u00e0 et de faire ma premi\u00e8re s\u00e9lection avec l&rsquo;\u00e9quipe premi\u00e8re;. Je profite et j&rsquo;essaie de prendre plaisir et rendre la confiance au coach. C&rsquo;est ma priorit\u00e9.\u00a0\u00bb<\/p>\n<p>11h35<\/p>\n<p>Maghnes Akliouche se pr\u00e9sente en premier<\/p>\n<p>Maghnes Akliouche est le premier \u00e0 s&rsquo;exprimer lors de cette conf\u00e9rence de presse.<\/p>\n<p>10h11<\/p>\n<p>\u00ab\u00a0Le coach me regarde comme le CPE\u00a0\u00bb, Konat\u00e9 explique sa tenue d&rsquo;\u00e9colier \u00e0 son arriv\u00e9e \u00e0 Clairefontaine<\/p>\n<p>Le d\u00e9fenseur de Liverpool Ibrahima Konat\u00e9 s&rsquo;est pr\u00e9sent\u00e9 lundi \u00e0 Clairefontaine avec une tenue d&rsquo;\u00e9colier pour sa rentr\u00e9e des classes avec l&rsquo;\u00e9quipe de France. Aucun d\u00e9tail n&rsquo;avait \u00e9t\u00e9 laiss\u00e9 au hasard.<\/p>\n<p>&gt;&gt; <a href=\"https:\/\/rmcsport.bfmtv.com\/football\/equipe-de-france\/equipe-de-france-le-coach-me-regarde-comme-le-cpe-konate-explique-sa-tenue-d-ecolier-a-son-arrivee-a-clairefontaine_AV-202509020220.html\" title=\"\u00c9quipe de France: &quot;Le coach me regarde comme le CPE&quot;, Konat\u00e9 explique sa tenue d&#039;\u00e9colier \u00e0 son arriv\u00e9e \u00e0 Clairefontaine\" class=\"internal_link\" rel=\"nofollow noopener\" target=\"_blank\">Les explications d&rsquo;Ibrahima Konat\u00e9 ici<\/a><\/p>\n<p><img decoding=\"async\" class=\"lozad\" src=\"https:\/\/www.europesays.com\/fr\/wp-content\/uploads\/2025\/09\/Ibrahima-Konate-a-son-arrivee-a-Clairefontaine-le-1er-septembre-2025-2130557.jpg\"  alt=\"Ibrahima Konat\u00e9 \u00e0 son arriv\u00e9e \u00e0 Clairefontaine le 1er septembre 2025\" title=\"Ibrahima Konat\u00e9 \u00e0 son arriv\u00e9e \u00e0 Clairefontaine le 1er septembre 2025\"\/>Ibrahima Konat\u00e9 \u00e0 son arriv\u00e9e \u00e0 Clairefontaine le 1er septembre 2025 \u00a9 Icon Sport<\/p>\n<p>10h09<\/p>\n<p>Pourquoi les Bleus ne jouent pas au Stade de France pour les \u00e9liminatoires de la Coupe du monde 2026<\/p>\n<p>L\u2019\u00e9quipe de France va disputer ses trois matchs de qualification pour la Coupe du monde 2026 \u00e0 domicile au Parc des Princes et non au Stade de France. Une d\u00e9cision li\u00e9e \u00e0 un probl\u00e8me administratif autour de l\u2019habituelle enceinte des Bleus.<\/p>\n<p>&gt;&gt; Plus de d\u00e9tails ici<\/p>\n<p><img decoding=\"async\" class=\"lozad\" src=\"https:\/\/www.europesays.com\/fr\/wp-content\/uploads\/2025\/09\/Kylian-Mbappe-lors-du-match-Allemagne-France-en-Ligue-des-nations-le-8-juin-2025-2127925.jpg\"  alt=\"Kylian Mbapp\u00e9 lors du match Allemagne-France en Ligue des nations, le 8 juin 2025\" title=\"Kylian Mbapp\u00e9 lors du match Allemagne-France en Ligue des nations, le 8 juin 2025\"\/>Kylian Mbapp\u00e9 lors du match Allemagne-France en Ligue des nations, le 8 juin 2025 \u00a9 Icon Sport<\/p>\n<p>10h07<\/p>\n<p>Demb\u00e9l\u00e9 poursuit son protocole de soins, Rabiot et Pavard de retour \u00e0 l&rsquo;entra\u00eenement<\/p>\n<p>Les joueurs de l&rsquo;\u00e9quipe de France se sont entra\u00een\u00e9s \u00e0 Clairefontaine mardi en fin de journ\u00e9e, \u00e0 trois jours de leur d\u00e9placement en Pologne pour affronter l&rsquo;Ukraine en \u00e9liminatoires du Mondial 2026.<\/p>\n<p>&gt;&gt; <a href=\"https:\/\/rmcsport.bfmtv.com\/football\/equipe-de-france\/equipe-de-france-dembele-poursuit-son-protocole-de-soins-rabiot-et-pavard-de-retour-a-l-entrainement_AV-202509020800.html\" title=\"Equipe de France: Demb\u00e9l\u00e9 poursuit son protocole de soins, Rabiot et Pavard de retour \u00e0 l&#039;entra\u00eenement\" class=\"internal_link\" rel=\"nofollow noopener\" target=\"_blank\">Toutes les pr\u00e9cisions ici<\/a><\/p>\n<p><img decoding=\"async\" class=\"lozad\" src=\"https:\/\/www.europesays.com\/fr\/wp-content\/uploads\/2025\/09\/Ousmane-Dembele-avec-l-equipe-de-France-a-Clairefontaine-le-1er-septembre-2025-2130339.jpg\"  alt=\"Ousmane Demb\u00e9l\u00e9 avec l'\u00e9quipe de France \u00e0 Clairefontaine, le 1er septembre 2025\" title=\"Ousmane Demb\u00e9l\u00e9 avec l'\u00e9quipe de France \u00e0 Clairefontaine, le 1er septembre 2025\"\/>Ousmane Demb\u00e9l\u00e9 avec l&rsquo;\u00e9quipe de France \u00e0 Clairefontaine, le 1er septembre 2025 \u00a9 FRANCK FIFE \/ AFP<\/p>\n<p>10h02<\/p>\n<p>Bienvenue \u00e0 tous<\/p>\n<p>L&rsquo;\u00e9quipe de France va entamer sa campagne de qualification \u00e0 la Coupe du monde 2026 <a href=\"https:\/\/rmcsport.bfmtv.com\/football\/clubs\/paris-saint-germain\/psg-je-n-entretiens-aucune-relation-avec-les-russes-zabarnyi-prend-la-parole-sur-sa-cohabitation-avec-safonov_AV-202509010178.html\" title=\"PSG: &quot;Je n&#039;entretiens aucune relation avec les Russes&quot;, Zabarnyi prend la parole sur sa cohabitation avec Safonov\" class=\"internal_link\" rel=\"nofollow noopener\" target=\"_blank\">face \u00e0 l&rsquo;Ukraine<\/a>, ce vendredi au sud de la Pologne (20h45). Avant ce rendez-vous, pr\u00e9vu au stade de Wroclaw, suivez en live toutes les infos et les conf\u00e9rences de presse des Bleus de <a href=\"https:\/\/rmcsport.bfmtv.com\/football\/equipe-de-france\/equipe-de-france-a-un-moment-on-en-a-marre-de-votre-tronche-c-est-francais-la-reponse-amusee-de-deschamps-aux-critiques_AV-202509010540.html\" title=\"Equipe de France: &quot;A un moment, on en a marre de votre tronche. C&#039;est Fran\u00e7ais&quot;, la r\u00e9ponse amus\u00e9e de Deschamps aux critiques\" class=\"internal_link\" rel=\"nofollow noopener\" target=\"_blank\">Didier Deschamps<\/a>. En commen\u00e7ant par le passage devant la presse ce mercredi \u00e0 11h30 de Jules Kound\u00e9, le d\u00e9fenseur du FC Barcelone, et Maghnes Akliouche, le milieu offensif de Monaco (appel\u00e9 pour la premi\u00e8re fois en s\u00e9lection).<\/p>\n","protected":false},"excerpt":{"rendered":"22h41 Demb\u00e9l\u00e9 encore \u00e0 part, Dou\u00e9 en forme\u2026 les tendances de la compo pour l\u2019Ukraine Vendredi soir, \u00e0&hellip;\n","protected":false},"author":2,"featured_media":364177,"comment_status":"","ping_status":"","sticky":false,"template":"","format":"standard","meta":{"footnotes":""},"categories":[1590],"tags":[11,1777,674,12,220],"class_list":{"0":"post-364176","1":"post","2":"type-post","3":"status-publish","4":"format-standard","5":"has-post-thumbnail","7":"category-ukraine","8":"tag-actualites","9":"tag-eu","10":"tag-europe","11":"tag-news","12":"tag-ukraine"},"share_on_mastodon":{"url":"https:\/\/pubeurope.com\/@fr\/115142484729346958","error":""},"_links":{"self":[{"href":"https:\/\/www.europesays.com\/fr\/wp-json\/wp\/v2\/posts\/364176","targetHints":{"allow":["GET"]}}],"collection":[{"href":"https:\/\/www.europesays.com\/fr\/wp-json\/wp\/v2\/posts"}],"about":[{"href":"https:\/\/www.europesays.com\/fr\/wp-json\/wp\/v2\/types\/post"}],"author":[{"embeddable":true,"href":"https:\/\/www.europesays.com\/fr\/wp-json\/wp\/v2\/users\/2"}],"replies":[{"embeddable":true,"href":"https:\/\/www.europesays.com\/fr\/wp-json\/wp\/v2\/comments?post=364176"}],"version-history":[{"count":0,"href":"https:\/\/www.europesays.com\/fr\/wp-json\/wp\/v2\/posts\/364176\/revisions"}],"wp:featuredmedia":[{"embeddable":true,"href":"https:\/\/www.europesays.com\/fr\/wp-json\/wp\/v2\/media\/364177"}],"wp:attachment":[{"href":"https:\/\/www.europesays.com\/fr\/wp-json\/wp\/v2\/media?parent=364176"}],"wp:term":[{"taxonomy":"category","embeddable":true,"href":"https:\/\/www.europesays.com\/fr\/wp-json\/wp\/v2\/categories?post=364176"},{"taxonomy":"post_tag","embeddable":true,"href":"https:\/\/www.europesays.com\/fr\/wp-json\/wp\/v2\/tags?post=364176"}],"curies":[{"name":"wp","href":"https:\/\/api.w.org\/{rel}","templated":true}]}}