{"id":364178,"date":"2025-09-03T21:27:10","date_gmt":"2025-09-03T21:27:10","guid":{"rendered":"https:\/\/www.europesays.com\/fr\/364178\/"},"modified":"2025-09-03T21:27:10","modified_gmt":"2025-09-03T21:27:10","slug":"aux-etats-unis-les-etats-republicains-et-democrates-saffrontent-sur-les-vaccins-obligatoires","status":"publish","type":"post","link":"https:\/\/www.europesays.com\/fr\/364178\/","title":{"rendered":"Aux \u00c9tats-Unis, les \u00c9tats r\u00e9publicains et d\u00e9mocrates s&rsquo;affrontent sur les vaccins obligatoires"},"content":{"rendered":"<p>                             Par Le Figaro avec AFP<\/p>\n<p>                Le 3 septembre 2025 \u00e0 23h23<\/p>\n<p>    Ici, une jeune femme est vaccin\u00e9e contre le coronavirus (COVID-19) lors d\u2019une campagne de vaccination organis\u00e9e \u00e0 Miami, le 5 ao\u00fbt 2021.<br \/>\n                Marco Bello \/ REUTERS<\/p>\n<p>La Floride a annonc\u00e9 mercredi vouloir supprimer toutes les obligations vaccinales, y compris pour les \u00e9coliers.<\/p>\n<p class=\"fig-paragraph\">Ce sont deux Am\u00e9rique que tout oppose. La Floride a annonc\u00e9 mercredi vouloir supprimer toutes les obligations\u00a0<a href=\"https:\/\/www.lefigaro.fr\/tag\/vaccin\" target=\"_blank\" rel=\"sponsored noopener\" data-gtm-custom-categorie=\"navigation\" data-gtm-custom-action=\"crossclick\" data-gtm-custom-label=\"Contextuel\" data-gtm-event=\"customEventSPE\">vaccinales<\/a>, y compris pour les \u00e9coliers, au moment o\u00f9 la Californie forme une \u00aballiance sanitaire\u00bb contre les politiques antivax, dans un contexte de forte division entre \u00c9tats pro et anti-Trump.<\/p>\n<p class=\"fig-paragraph\">Depuis le retour au pouvoir du pr\u00e9sident r\u00e9publicain\u00a0<a href=\"http:\/\/www.lefigaro.fr\/international\/pour-trump-xi-jinping-conspire-contre-les-etats-unis-avec-vladimir-poutine-et-kim-jong-un-a-pekin-20250903\" target=\"_blank\" data-fig-type=\"NewsFlash\" rel=\"noopener\" data-gtm-custom-categorie=\"navigation\" data-gtm-custom-action=\"crossclick\" data-gtm-custom-label=\"Contextuel\" data-gtm-event=\"customEventSPE\" data-fig-domain=\"LEFIGARO\">Donald Trump<\/a>, les \u00c9tats-Unis ont amorc\u00e9, sous la houlette du ministre de la Sant\u00e9, Robert Kennedy Jr., une profonde refonte de la politique vaccinale, restreignant par exemple l&rsquo;acc\u00e8s aux vaccins contre le Covid-19 ou coupant des fonds au d\u00e9veloppement de nouveaux vaccins.<\/p>\n<p>                                    <a class=\"fig-a11y-skip a11y-hidden\" href=\"#fig-a11y-skip-main-inarticle\"><br \/>\n        Passer la publicit\u00e9<br \/>\n    <\/a><\/p>\n<p class=\"fig-paragraph\">Suivant cette ligne, le plus haut responsable de la sant\u00e9 en Floride s&rsquo;est engag\u00e9 mercredi \u00e0 mettre fin \u00e0 toutes les obligations vaccinales, y compris celles impos\u00e9es dans les \u00e9coles, comparant cette mesure visant \u00e0 pr\u00e9venir les maladies infantiles \u00e0 de l&rsquo;\u00abesclavage\u00bb. \u00abLe minist\u00e8re de la Sant\u00e9 de Floride, en partenariat avec le gouverneur, va s&rsquo;efforcer de mettre fin \u00e0 toutes les obligations vaccinales en Floride, toutes sans exception, jusqu&rsquo;\u00e0 la derni\u00e8re\u00bb, a d\u00e9clar\u00e9 Joseph Ladapo, devant un public enthousiaste \u00e0 l&rsquo;\u00e9cole chr\u00e9tienne Grace Christian School, dans le centre de cet \u00c9tat r\u00e9publicain, o\u00f9 se situe la fameuse r\u00e9sidence Mar-a-Lago du pr\u00e9sident Trump.<\/p>\n<p>\u00abVotre corps est un don de Dieu\u00bb<\/p>\n<p class=\"fig-paragraph\">\u00abQui suis-je, moi qui me tiens ici devant vous, pour vous dire ce que vous devez mettre dans votre corps? Qui suis-je pour vous dire ce que votre enfant doit mettre dans son corps? Je n&rsquo;ai pas ce droit. Votre corps est un don de Dieu\u00bb, a lanc\u00e9 ce m\u00e9decin connu pour son opposition aux vaccins contre le Covid-19.<\/p>\n<p class=\"fig-paragraph\">Si cette mesure venait \u00e0 s&rsquo;appliquer, la Floride deviendrait le premier \u00c9tat am\u00e9ricain \u00e0 abandonner les obligations vaccinales, pourtant consid\u00e9r\u00e9es comme ayant permis d&rsquo;\u00e9radiquer des maladies comme la rougeole, les oreillons, la rub\u00e9ole, la polio et l&rsquo;h\u00e9patite B.<\/p>\n<p class=\"fig-paragraph\">Pour Amesh Adalja, expert en maladies infectieuses \u00e0 l&rsquo;universit\u00e9 Johns Hopkins, l&rsquo;annonce de la Floride rel\u00e8ve d&rsquo;\u00abune capitulation servile devant le mouvement nihiliste antivaccins\u00bb. \u00abLes vaccins sont s\u00fbrs, efficaces et sauvent des vies\u00bb, abonde l&rsquo;\u00e9pid\u00e9miologiste Syra Madad. Selon elle, supprimer la vaccination obligatoire \u00e0 l&rsquo;\u00e9cole revient \u00e0 \u00abmettre en danger les enfants et des millions d&rsquo;autres personnes\u00bb.<\/p>\n<p class=\"fig-paragraph\">Les critiques contre les vaccins se sont amplifi\u00e9es ces derni\u00e8res ann\u00e9es, aliment\u00e9es par de fausses all\u00e9gations comme celles les associant \u00e0 l&rsquo;autisme. Mais les conservateurs ont toujours \u00e9t\u00e9 plus enclins \u00e0 demander des exemptions pour des raisons religieuses. En 2025, les \u00c9tats-Unis ont connu leur pire \u00e9pid\u00e9mie de rougeole en plus de trois d\u00e9cennies, avec environ 1400 cas concentr\u00e9s dans une communaut\u00e9 mennonite ultraconservatrice du Texas.<\/p>\n<p>                                    <a class=\"fig-a11y-skip a11y-hidden\" href=\"#fig-a11y-skip-main-inarticle_mtf\"><br \/>\n        Passer la publicit\u00e9<br \/>\n    <\/a><\/p>\n<p>La riposte de l\u2019Ouest<\/p>\n<p class=\"fig-paragraph\">\u00c0 l&rsquo;autre bout du pays, la Californie et deux autres \u00c9tats de l&rsquo;ouest ont ripost\u00e9 mercredi en annon\u00e7ant la formation d&rsquo;une \u00aballiance sanitaire\u00bb, en \u00abr\u00e9ponse\u00bb au limogeage la semaine derni\u00e8re de Susan Monarez, qui \u00e9tait \u00e0 la t\u00eate des Centres pour le contr\u00f4le et la pr\u00e9vention des maladies (CDC), la principale agence sanitaire du pays.<\/p>\n<p class=\"fig-paragraph\">Accusant le gouvernement Trump de \u00abpolitisation de la science\u00bb, les dirigeants d\u00e9mocrates de la Californie, de l&rsquo;Oregon et de l&rsquo;\u00c9tat de Washington ont expliqu\u00e9 dans un communiqu\u00e9 vouloir fournir \u00e0 leurs r\u00e9sidents des recommandations vaccinales ainsi que des informations sur l&rsquo;efficacit\u00e9 et la s\u00fbret\u00e9 des vaccins \u00ab\u00e9labor\u00e9es par des scientifiques, des m\u00e9decins et d&rsquo;autres responsables de sant\u00e9 publique de confiance\u00bb.<\/p>\n<p class=\"fig-paragraph\">Ce n&rsquo;est pas la premi\u00e8re fois que le gouverneur de la Californie,\u00a0<a href=\"http:\/\/www.lefigaro.fr\/international\/il-est-temps-pour-nous-tous-de-nous-redresser-gavin-newsom-le-gouverneur-de-californie-qui-s-oppose-a-donald-trump-20250611\" target=\"_blank\" data-fig-type=\"Article\" rel=\"noopener\" data-gtm-custom-categorie=\"navigation\" data-gtm-custom-action=\"crossclick\" data-gtm-custom-label=\"Contextuel\" data-gtm-event=\"customEventSPE\" data-fig-domain=\"LEFIGARO\">Gavin Newsom<\/a>, s&rsquo;\u00e9rige contre le gouvernement de Donald Trump, de nombreux observateurs le consid\u00e9rant comme un futur candidat s\u00e9rieux \u00e0 la pr\u00e9sidentielle. En juin, lors des manifestations anti-Trump de Los Angeles, l\u2019ancien maire de San Francisco s&rsquo;\u00e9tait oppos\u00e9 au d\u00e9ploiement de l&rsquo;arm\u00e9e par le pr\u00e9sident, qui a impos\u00e9 cette m\u00eame mesure \u00e0 d&rsquo;autres \u00c9tats d\u00e9mocrates. Plus r\u00e9cemment, le dirigeant d\u00e9mocrate est entr\u00e9 dans une bataille des cartes \u00e9lectorales lanc\u00e9e par l&rsquo;\u00c9tat r\u00e9publicain du Texas, avec pour chacun l&rsquo;objectif de favoriser son camp respectif.<\/p>\n","protected":false},"excerpt":{"rendered":"Par Le Figaro avec AFP Le 3 septembre 2025 \u00e0 23h23 Ici, une jeune femme est vaccin\u00e9e contre&hellip;\n","protected":false},"author":2,"featured_media":364179,"comment_status":"","ping_status":"","sticky":false,"template":"","format":"standard","meta":{"footnotes":""},"categories":[1589],"tags":[11,442,228,440,441,436,73,1866,226,12,439,229,435,437,227,438,1864,1865,1863,308],"class_list":{"0":"post-364178","1":"post","2":"type-post","3":"status-publish","4":"format-standard","5":"has-post-thumbnail","7":"category-etats-unis","8":"tag-actualites","9":"tag-administration-de-la-sante","10":"tag-diagnostic","11":"tag-droit-a-la-sante","12":"tag-education-sanitaire-education-sanitaire-individuelle-et-collective","13":"tag-environnement","14":"tag-etats-unis","15":"tag-etats-unis-damerique","16":"tag-maladie","17":"tag-news","18":"tag-niveau-de-vie","19":"tag-pathologie","20":"tag-sante-de-la-population","21":"tag-services-medicaux","22":"tag-traitement","23":"tag-traitement-preventif","24":"tag-united-states","25":"tag-united-states-of-america","26":"tag-us","27":"tag-usa"},"share_on_mastodon":{"url":"https:\/\/pubeurope.com\/@fr\/115142488440580379","error":""},"_links":{"self":[{"href":"https:\/\/www.europesays.com\/fr\/wp-json\/wp\/v2\/posts\/364178","targetHints":{"allow":["GET"]}}],"collection":[{"href":"https:\/\/www.europesays.com\/fr\/wp-json\/wp\/v2\/posts"}],"about":[{"href":"https:\/\/www.europesays.com\/fr\/wp-json\/wp\/v2\/types\/post"}],"author":[{"embeddable":true,"href":"https:\/\/www.europesays.com\/fr\/wp-json\/wp\/v2\/users\/2"}],"replies":[{"embeddable":true,"href":"https:\/\/www.europesays.com\/fr\/wp-json\/wp\/v2\/comments?post=364178"}],"version-history":[{"count":0,"href":"https:\/\/www.europesays.com\/fr\/wp-json\/wp\/v2\/posts\/364178\/revisions"}],"wp:featuredmedia":[{"embeddable":true,"href":"https:\/\/www.europesays.com\/fr\/wp-json\/wp\/v2\/media\/364179"}],"wp:attachment":[{"href":"https:\/\/www.europesays.com\/fr\/wp-json\/wp\/v2\/media?parent=364178"}],"wp:term":[{"taxonomy":"category","embeddable":true,"href":"https:\/\/www.europesays.com\/fr\/wp-json\/wp\/v2\/categories?post=364178"},{"taxonomy":"post_tag","embeddable":true,"href":"https:\/\/www.europesays.com\/fr\/wp-json\/wp\/v2\/tags?post=364178"}],"curies":[{"name":"wp","href":"https:\/\/api.w.org\/{rel}","templated":true}]}}