{"id":36418,"date":"2025-04-19T11:55:09","date_gmt":"2025-04-19T11:55:09","guid":{"rendered":"https:\/\/www.europesays.com\/fr\/36418\/"},"modified":"2025-04-19T11:55:09","modified_gmt":"2025-04-19T11:55:09","slug":"hermes-vuitton-chanel-sur-tiktok-les-geants-du-luxe-cibles-dune-campagne-de-desinformation-venue-de-chine","status":"publish","type":"post","link":"https:\/\/www.europesays.com\/fr\/36418\/","title":{"rendered":"Herm\u00e8s, Vuitton, Chanel&#8230; Sur TikTok, les g\u00e9ants du luxe cibles d\u2019une campagne de d\u00e9sinformation venue de Chine"},"content":{"rendered":"<p><strong>D\u00c9CRYPTAGE &#8211;<\/strong> L\u2019application est inond\u00e9e de vid\u00e9os qui pr\u00e9tendent r\u00e9v\u00e9ler le secret des maisons de luxe\u00a0: tout viendrait de Chine. L\u2019offensive a fait flamber les t\u00e9l\u00e9chargements du service chinois d\u2019e-commerce DHGate.<\/p>\n<p class=\"fig-paragraph\"><a href=\"http:\/\/www.lefigaro.fr\/style\/exclusif-demna-nomme-directeur-artistique-de-gucci-20250313\" data-fig-type=\"Article\" data-gtm-custom-categorie=\"navigation\" data-gtm-custom-action=\"crossclick\" data-gtm-custom-label=\"Contextuel\" data-gtm-event=\"customEventSPE\" data-fig-domain=\"LEFIGARO\" target=\"_blank\" rel=\"noopener\">Gucci<\/a>,\u00a0<a href=\"http:\/\/www.lefigaro.fr\/societes\/luxe-prada-rachete-sa-rivale-versace-pour-1-25-milliard-d-euros-20250410\" data-fig-type=\"NewsFlash\" data-gtm-custom-categorie=\"navigation\" data-gtm-custom-action=\"crossclick\" data-gtm-custom-label=\"Contextuel\" data-gtm-event=\"customEventSPE\" data-fig-domain=\"LEFIGARO\" target=\"_blank\" rel=\"noopener\">Prada<\/a>,\u00a0<a href=\"http:\/\/www.lefigaro.fr\/style\/dans-la-fabrique-du-legendaire-2-55-de-chanel-20250411\" data-fig-type=\"Article\" data-gtm-custom-categorie=\"navigation\" data-gtm-custom-action=\"crossclick\" data-gtm-custom-label=\"Contextuel\" data-gtm-event=\"customEventSPE\" data-fig-domain=\"LEFIGARO\" target=\"_blank\" rel=\"noopener\">Chanel<\/a>,\u00a0<a href=\"http:\/\/www.lefigaro.fr\/arts-expositions\/a-la-fondation-louis-vuitton-david-hockney-recree-son-royaume-dans-une-oeuvre-d-art-totale-20250407\" data-fig-type=\"Article\" data-gtm-custom-categorie=\"navigation\" data-gtm-custom-action=\"crossclick\" data-gtm-custom-label=\"Contextuel\" data-gtm-event=\"customEventSPE\" data-fig-domain=\"LEFIGARO\" target=\"_blank\" rel=\"noopener\">Louis Vuitton<\/a>\u2026 Les produits tant admir\u00e9s de ces marques bien connues seraient-ils en r\u00e9alit\u00e9 fabriqu\u00e9s en\u00a0<a href=\"http:\/\/www.lefigaro.fr\/flash-eco\/le-patron-de-bpifrance-veut-accelerer-les-enquetes-anti-dumping-visant-la-chine-20250417\" data-fig-type=\"NewsFlash\" data-gtm-custom-categorie=\"navigation\" data-gtm-custom-action=\"crossclick\" data-gtm-custom-label=\"Contextuel\" data-gtm-event=\"customEventSPE\" data-fig-domain=\"LEFIGARO\" target=\"_blank\" rel=\"noopener\">Chine\u00a0<\/a>avant d\u2019\u00eatre revendus, estampill\u00e9s \u00abmade in France\u00bb ou \u00abmade in Italy\u00bb, aux\u00a0<a href=\"http:\/\/www.lefigaro.fr\/societes\/bernard-arnault-plaide-pour-une-zone-de-libre-echange-entre-l-europe-et-les-etats-unis-20250417\" data-fig-type=\"NewsFlash\" data-gtm-custom-categorie=\"navigation\" data-gtm-custom-action=\"crossclick\" data-gtm-custom-label=\"Contextuel\" data-gtm-event=\"customEventSPE\" data-fig-domain=\"LEFIGARO\" target=\"_blank\" rel=\"noopener\">\u00c9tats-Unis<\/a>\u00a0et en\u00a0<a href=\"http:\/\/www.lefigaro.fr\/secteur\/high-tech\/la-geopolitique-s-invite-au-sein-des-comites-executifs-ovhcloud-veut-profiter-du-reveil-souverain-de-l-europe-20250417\" data-fig-type=\"Article\" data-gtm-custom-categorie=\"navigation\" data-gtm-custom-action=\"crossclick\" data-gtm-custom-label=\"Contextuel\" data-gtm-event=\"customEventSPE\" data-fig-domain=\"LEFIGARO\" target=\"_blank\" rel=\"noopener\">Europe<\/a>\u00a0? C\u2019est, en tout cas, ce que pr\u00e9tendent plusieurs vid\u00e9os devenues virales sur\u00a0<a href=\"http:\/\/www.lefigaro.fr\/secteur\/high-tech\/couche-toi-en-ayant-faim-avec-skinnytok-les-injonctions-a-la-maigreur-envahissent-tiktok-20250409\" data-fig-type=\"Article\" data-gtm-custom-categorie=\"navigation\" data-gtm-custom-action=\"crossclick\" data-gtm-custom-label=\"Contextuel\" data-gtm-event=\"customEventSPE\" data-fig-domain=\"LEFIGARO\" target=\"_blank\" rel=\"noopener\">TikTok<\/a>\u00a0ces derniers jours. On y voit de pr\u00e9tendus fabricants chinois \u00abr\u00e9v\u00e9ler\u00bb, dans un anglais approximatif, l\u2019un des \u00absecrets\u00bb les mieux gard\u00e9s de\u00a0<a href=\"http:\/\/www.lefigaro.fr\/societes\/lvmh-honte-a-toi-des-militants-protestent-devant-l-assemblee-generale-du-geant-de-luxe-a-paris-20250417\" data-fig-type=\"NewsFlash\" data-gtm-custom-categorie=\"navigation\" data-gtm-custom-action=\"crossclick\" data-gtm-custom-label=\"Contextuel\" data-gtm-event=\"customEventSPE\" data-fig-domain=\"LEFIGARO\" target=\"_blank\" rel=\"noopener\">l\u2019industrie du luxe<\/a>, permettant \u00e0 cette derni\u00e8re de d\u00e9gager des marges faramineuses \u00e0 l\u2019insu de ses clients. Et c\u2019est en repr\u00e9sailles aux droits de douane impos\u00e9s par\u00a0<a href=\"http:\/\/www.lefigaro.fr\/international\/giorgia-meloni-l-europeenne-qui-chuchote-a-l-oreille-de-donald-trump-en-mission-impossible-a-washington-20250417\" data-fig-type=\"Article\" data-gtm-custom-categorie=\"navigation\" data-gtm-custom-action=\"crossclick\" data-gtm-custom-label=\"Contextuel\" data-gtm-event=\"customEventSPE\" data-fig-domain=\"LEFIGARO\" target=\"_blank\" rel=\"noopener\">Donald Trump<\/a>\u00a0que la Chine aurait d\u00e9cid\u00e9 de briser la \u00abclause de confidentialit\u00e9\u00bb impos\u00e9e par les grandes maisons occidentales.<\/p>\n<p class=\"fig-paragraph\">\u00abHerm\u00e8s quality\u00a0!\u00bb, clame l\u2019un de ces influenceurs en exhibant un sac qui ressemble \u00e0 s\u2019y m\u00e9prendre au mythique<a href=\"https:\/\/www.lefigaro.fr\/culture\/2015\/07\/29\/03004-20150729ARTFIG00049-jane-birkin-ne-veut-plus-que-le-sac-hermes-en-crocodile-porte-son-nom.php\" data-fig-type=\"Article\" data-gtm-custom-categorie=\"navigation\" data-gtm-custom-action=\"crossclick\" data-gtm-custom-label=\"Contextuel\" data-gtm-event=\"customEventSPE\" data-fig-domain=\"LEFIGARO\" target=\"_blank\" rel=\"noopener\">\u00a0Birkin<\/a>\u00a0<a href=\"http:\/\/www.lefigaro.fr\/societes\/hermes-augmente-ses-prix-aux-etats-unis-pour-compenser-integralement-les-10-de-droits-de-douane-20250417\" data-fig-type=\"NewsFlash\" data-gtm-custom-categorie=\"navigation\" data-gtm-custom-action=\"crossclick\" data-gtm-custom-label=\"Contextuel\" data-gtm-event=\"customEventSPE\" data-fig-domain=\"LEFIGARO\" target=\"_blank\" rel=\"noopener\">d\u2019Herm\u00e8s<\/a>, vendu jusqu\u2019\u00e0 38.000 dollars aux \u00c9tats-Unis. \u00abDans notre pays, il ne vous co\u00fbtera que 1000 dollars\u00bb, assure-t-il. De quoi app\u00e2ter l\u2019internaute \u00e0 la recherche d\u2019une bonne affaire. En suivant les conseils de la vid\u00e9o, celui-ci risque pourtant de tomber sur de p\u00e2les imitations des sacs et autres produits des marques de luxe.\u00a0<\/p>\n<p class=\"fig-premium-paywall__infos\">\n        Cet article est r\u00e9serv\u00e9 aux abonn\u00e9s.        Il vous reste 81% \u00e0 d\u00e9couvrir.\n    <\/p>\n<p>                <img  data- alt=\"Le Figaro\" class=\"fig-img--complete fig-img\"\/><\/p>\n<p class=\"fig-premium-paywall__title\">Vous avez envie de lire la suite ?<\/p>\n<p class=\"fig-premium-paywall__subtitle\">D\u00e9bloquez tous les articles imm\u00e9diatement.<\/p>\n<p class=\"fig-premium-paywall__connect\">\n                D\u00e9j\u00e0 abonn\u00e9\u00a0?                <a class=\"fig-premium-paywall__connect-link\" href=\"https:\/\/connect.lefigaro.fr\/login?client=horizon_web&amp;type=main&amp;redirect_uri=https%3A%2F%2Fwww.lefigaro.fr%2Fsecteur%2Fhigh-tech%2Fhermes-vuitton-chanel-sur-tiktok-les-geants-du-luxe-cibles-d-une-campagne-de-desinformation-venue-de-chine-20250418\" data-js-gtm=\"{&quot;customCategorie&quot;: &quot;conversion&quot;, &quot;customAction&quot;: &quot;before_Landing_Connexion_paywall_manuel&quot;, &quot;customLabel&quot;: &quot;bGVmaWdhcm8uZnJfXzFmMDFiOWI1LTE3OTQtNjRhYy04NWJjLTViZTMzN2UyNzNkNF9fQXJ0aWNsZQ==_Herm\u00e8s, Vuitton, Chanel... Sur TikTok, les g\u00e9ants du luxe cibles d\u2019une campagne de d\u00e9sinformation venue de Chine_1171&quot;, &quot;customIDSPE&quot;: &quot;bGVmaWdhcm8uZnJfXzFmMDFiOWI1LTE3OTQtNjRhYy04NWJjLTViZTMzN2UyNzNkNF9fQXJ0aWNsZQ==&quot;, &quot;event&quot;: &quot;customEventSPE&quot;}\" target=\"_blank\" rel=\"noopener\"><br \/>\n                    Connectez-vous<br \/>\n                <\/a>\n            <\/p>\n","protected":false},"excerpt":{"rendered":"D\u00c9CRYPTAGE &#8211; L\u2019application est inond\u00e9e de vid\u00e9os qui pr\u00e9tendent r\u00e9v\u00e9ler le secret des maisons de luxe\u00a0: tout viendrait&hellip;\n","protected":false},"author":2,"featured_media":36419,"comment_status":"","ping_status":"","sticky":false,"template":"","format":"standard","meta":{"footnotes":""},"categories":[6],"tags":[47,722,723,35,309,33,34,73,1011,27,727,726,1074,142,310,655,720,719,11702,724,725,717,718,721,728],"class_list":{"0":"post-36418","1":"post","2":"type-post","3":"status-publish","4":"format-standard","5":"has-post-thumbnail","7":"category-economie","8":"tag-actualite","9":"tag-blog","10":"tag-blogs","11":"tag-business","12":"tag-chine","13":"tag-economie","14":"tag-economy","15":"tag-etats-unis","16":"tag-fr","17":"tag-france","18":"tag-gadget","19":"tag-gadgets","20":"tag-guerre-commerciale","21":"tag-high-tech","22":"tag-internet","23":"tag-iphone","24":"tag-multimedia","25":"tag-nouvelles-technolgies","26":"tag-plateformes-numeriques","27":"tag-smartphone","28":"tag-tablette","29":"tag-technologie","30":"tag-tic","31":"tag-web","32":"tag-widgets"},"share_on_mastodon":{"url":"https:\/\/pubeurope.com\/@fr\/114364502731286506","error":""},"_links":{"self":[{"href":"https:\/\/www.europesays.com\/fr\/wp-json\/wp\/v2\/posts\/36418","targetHints":{"allow":["GET"]}}],"collection":[{"href":"https:\/\/www.europesays.com\/fr\/wp-json\/wp\/v2\/posts"}],"about":[{"href":"https:\/\/www.europesays.com\/fr\/wp-json\/wp\/v2\/types\/post"}],"author":[{"embeddable":true,"href":"https:\/\/www.europesays.com\/fr\/wp-json\/wp\/v2\/users\/2"}],"replies":[{"embeddable":true,"href":"https:\/\/www.europesays.com\/fr\/wp-json\/wp\/v2\/comments?post=36418"}],"version-history":[{"count":0,"href":"https:\/\/www.europesays.com\/fr\/wp-json\/wp\/v2\/posts\/36418\/revisions"}],"wp:featuredmedia":[{"embeddable":true,"href":"https:\/\/www.europesays.com\/fr\/wp-json\/wp\/v2\/media\/36419"}],"wp:attachment":[{"href":"https:\/\/www.europesays.com\/fr\/wp-json\/wp\/v2\/media?parent=36418"}],"wp:term":[{"taxonomy":"category","embeddable":true,"href":"https:\/\/www.europesays.com\/fr\/wp-json\/wp\/v2\/categories?post=36418"},{"taxonomy":"post_tag","embeddable":true,"href":"https:\/\/www.europesays.com\/fr\/wp-json\/wp\/v2\/tags?post=36418"}],"curies":[{"name":"wp","href":"https:\/\/api.w.org\/{rel}","templated":true}]}}