{"id":364180,"date":"2025-09-03T21:28:10","date_gmt":"2025-09-03T21:28:10","guid":{"rendered":"https:\/\/www.europesays.com\/fr\/364180\/"},"modified":"2025-09-03T21:28:10","modified_gmt":"2025-09-03T21:28:10","slug":"la-solitude-liee-a-des-couts-de-sante-nhs-plus-eleves-et-a-une-bonne-sante-au-royaume-uni","status":"publish","type":"post","link":"https:\/\/www.europesays.com\/fr\/364180\/","title":{"rendered":"La solitude li\u00e9e \u00e0 des co\u00fbts de sant\u00e9 NHS plus \u00e9lev\u00e9s et \u00e0 une bonne sant\u00e9 au Royaume-Uni"},"content":{"rendered":"<p>Les personnes solitaires encourent 850 \u00a3 suppl\u00e9mentaires en co\u00fbts de sant\u00e9 annuels pour le NHS, ainsi que de la bonne sant\u00e9 mentale et physique<\/p>\n<p>Au Royaume-Uni, 4 citoyens sur 10 s&rsquo;identifient comme \u00e9tant seuls au moins une partie du temps, et les personnes qui d\u00e9clarent \u00eatre souvent solitaires encourent environ 850 \u00a3 de plus en co\u00fbts annuels de services de sant\u00e9 que leurs homologues non lone Plos un par Nia Morrish de l&rsquo;Universit\u00e9 d&rsquo;Exeter et des coll\u00e8gues.<\/p>\n<p> L&rsquo;Organisation mondiale de la sant\u00e9 reconna\u00eet la solitude comme un \u00abprobl\u00e8me de sant\u00e9 publique prioritaire\u00bb. La recherche soutient cette affirmation, mais l&rsquo;effet de la solitude sur les co\u00fbts des soins de sant\u00e9 reste largement inconnu.<\/p>\n<p> Morrish et ses coll\u00e8gues ont analys\u00e9 l&rsquo;\u00e9tude longitudinale du m\u00e9nage de la Soci\u00e9t\u00e9 de la Soci\u00e9t\u00e9, qui rassemble et interviewe les donn\u00e9es d&rsquo;adultes britanniques. Ils ont examin\u00e9 les mesures de solitude, de sant\u00e9 et de bien-\u00eatre autod\u00e9clar\u00e9es et les d\u00e9penses nationales des services de sant\u00e9 chez 23 071 participants de 2021 \u00e0 2023. Les frais de sant\u00e9 \u00e9taient estim\u00e9s \u00e0 49 \u00a3 par visite g\u00e9n\u00e9rale, 217 \u00a3 par visite ambulatoire et 1 111 \u00a3 par dossier hospitalier.<\/p>\n<p> Environ 32% des participants se sont sentis seuls par le temps et environ 8% ont d\u00e9clar\u00e9 se sentir seuls \u00absouvent\u00bb. La solitude \u00e9tait associ\u00e9e \u00e0 une d\u00e9tresse mentale, un bien-\u00eatre mental pire et un fonctionnement physique et mental plus pauvre.<\/p>\n<p>Les individus solitaires \u2013 ceux qui ont d\u00e9clar\u00e9 se sentir souvent seuls \u2013 engageaient environ 900 \u00a3 de plus en co\u00fbts annuels de services de sant\u00e9 nationaux (y compris les soins g\u00e9n\u00e9ralistes, ambulatoires et hospitaliers) que les individus non loney. Cela sugg\u00e8re que ceux qui \u00e9prouvent de la solitude ont r\u00e9serv\u00e9 des visites en ambulatoire et des rendez-vous GP.<\/p>\n<p>Les auteurs ont observ\u00e9 que la diff\u00e9rence des co\u00fbts des soins de sant\u00e9 associ\u00e9es \u00e0 la solitude avait tendance \u00e0 augmenter avec l&rsquo;\u00e2ge, de sorte que les personnes \u00e2g\u00e9es solitaires avaient tendance \u00e0 encourir relativement plus dans les co\u00fbts du NHS par rapport \u00e0 leurs pairs non-vous que les adultes d&rsquo;\u00e2ge moyen solitaires. L&rsquo;exception a \u00e9t\u00e9 les plus jeunes adultes souvent solitaires, \u00e2g\u00e9s de 16 \u00e0 24 ans, qui ont en fait engag\u00e9 des co\u00fbts plus \u00e9lev\u00e9s par rapport \u00e0 leurs pairs non-vous que ceux des groupes d&rsquo;\u00e2ge suivants de 25 \u00e0 34 ans et de 35 \u00e0 49 ans. Le co\u00fbt de la solitude li\u00e9e \u00e0 l&rsquo;\u00e2ge pourrait donc \u00eatre en forme de U.<\/p>\n<p>Les auteurs notent que leur constatation selon laquelle la solitude affecte la sant\u00e9 et les co\u00fbts connexes chez les 16-24 ans soutient la fourniture de ressources de sant\u00e9 accrues pour les jeunes adultes solitaires. Comme leur ensemble de donn\u00e9es comprenait principalement des Britanniques blancs, ils encouragent \u00e9galement l&rsquo;\u00e9tude de l&rsquo;impact de la solitude sur les minorit\u00e9s ethniques et les groupes sous-\u00e9tudi\u00e9s.<\/p>\n<p>L&rsquo;auteur principal Nia Morrish, associ\u00e9e de recherche postdoctorale en \u00e9conomie de la sant\u00e9 publique de l&rsquo;Universit\u00e9 d&rsquo;Exeter, a d\u00e9clar\u00e9: \u00ab\u00a0Nous savons que la solitude a un effet significatif sur la sant\u00e9 et le bien-\u00eatre, en particulier chez les personnes \u00e2g\u00e9es. Cependant, nous savons beaucoup moins sur son impact \u00e0 travers la population plus large et sur l&rsquo;utilisation des services de sant\u00e9. En utilisant un grand ensemble de donn\u00e9es bas\u00e9 au Royaume-Uni, cette \u00e9tude a examin\u00e9 \u00e0 la fois la sant\u00e9 et les cons\u00e9quences \u00e9conomiques de la solitude. L&rsquo;\u00e2ge adulte et plus tard la vie entra\u00eenent des co\u00fbts NHS plus \u00e9lev\u00e9s par rapport \u00e0 ceux qui ne sont pas solitaires.<\/p>\n<blockquote>\n<p>Nos r\u00e9sultats soulignent l&rsquo;importance de reconna\u00eetre la solitude comme un probl\u00e8me de sant\u00e9 publique et une priorit\u00e9 du NHS. Trop souvent n\u00e9glig\u00e9, la solitude a des co\u00fbts personnels et soci\u00e9taux substantiels. En les rendant visibles, nous esp\u00e9rons encourager de nouvelles approches pour aider les gens \u00e0 \u00e9tablir des connexions, \u00e0 am\u00e9liorer le bien-\u00eatre et, finalement, \u00e0 r\u00e9duire le fardeau des services de sant\u00e9. \u00ab\u00a0<\/p>\n<p style=\"text-align: right;\">Antonieta Medina-Lara, co-auteur, professeur, Universit\u00e9 d&rsquo;Exeter<\/p>\n<\/blockquote>\n","protected":false},"excerpt":{"rendered":"Les personnes solitaires encourent 850 \u00a3 suppl\u00e9mentaires en co\u00fbts de sant\u00e9 annuels pour le NHS, ainsi que de&hellip;\n","protected":false},"author":2,"featured_media":364181,"comment_status":"","ping_status":"","sticky":false,"template":"","format":"standard","meta":{"footnotes":""},"categories":[1588],"tags":[11,11690,15722,154,1121,1777,674,47469,12,49882,473,1853,1873,71,15563,1851,96,1850,1852],"class_list":{"0":"post-364180","1":"post","2":"type-post","3":"status-publish","4":"format-standard","5":"has-post-thumbnail","7":"category-royaume-uni","8":"tag-actualites","9":"tag-bonne","10":"tag-couts","11":"tag-des","12":"tag-eleves","13":"tag-eu","14":"tag-europe","15":"tag-liee","16":"tag-news","17":"tag-nhs","18":"tag-royaume-uni","19":"tag-royaume-uni-de-grande-bretagne-et-dirlande-du-nord","20":"tag-royaumeuni","21":"tag-sante","22":"tag-solitude","23":"tag-uk","24":"tag-une","25":"tag-united-kingdom","26":"tag-united-kingdom-of-great-britain-and-northern-ireland"},"share_on_mastodon":{"url":"https:\/\/pubeurope.com\/@fr\/115142492362863260","error":""},"_links":{"self":[{"href":"https:\/\/www.europesays.com\/fr\/wp-json\/wp\/v2\/posts\/364180","targetHints":{"allow":["GET"]}}],"collection":[{"href":"https:\/\/www.europesays.com\/fr\/wp-json\/wp\/v2\/posts"}],"about":[{"href":"https:\/\/www.europesays.com\/fr\/wp-json\/wp\/v2\/types\/post"}],"author":[{"embeddable":true,"href":"https:\/\/www.europesays.com\/fr\/wp-json\/wp\/v2\/users\/2"}],"replies":[{"embeddable":true,"href":"https:\/\/www.europesays.com\/fr\/wp-json\/wp\/v2\/comments?post=364180"}],"version-history":[{"count":0,"href":"https:\/\/www.europesays.com\/fr\/wp-json\/wp\/v2\/posts\/364180\/revisions"}],"wp:featuredmedia":[{"embeddable":true,"href":"https:\/\/www.europesays.com\/fr\/wp-json\/wp\/v2\/media\/364181"}],"wp:attachment":[{"href":"https:\/\/www.europesays.com\/fr\/wp-json\/wp\/v2\/media?parent=364180"}],"wp:term":[{"taxonomy":"category","embeddable":true,"href":"https:\/\/www.europesays.com\/fr\/wp-json\/wp\/v2\/categories?post=364180"},{"taxonomy":"post_tag","embeddable":true,"href":"https:\/\/www.europesays.com\/fr\/wp-json\/wp\/v2\/tags?post=364180"}],"curies":[{"name":"wp","href":"https:\/\/api.w.org\/{rel}","templated":true}]}}