{"id":364182,"date":"2025-09-03T21:29:11","date_gmt":"2025-09-03T21:29:11","guid":{"rendered":"https:\/\/www.europesays.com\/fr\/364182\/"},"modified":"2025-09-03T21:29:11","modified_gmt":"2025-09-03T21:29:11","slug":"en-allemagne-le-drapeau-et-lhymne-national-en-debat","status":"publish","type":"post","link":"https:\/\/www.europesays.com\/fr\/364182\/","title":{"rendered":"En Allemagne, le drapeau et l\u2019hymne national en d\u00e9bat"},"content":{"rendered":"<p>                         <img loading=\"lazy\" decoding=\"async\" src=\"https:\/\/www.europesays.com\/fr\/wp-content\/uploads\/2025\/09\/681b070_ftp-import-images-1-qxc38mdw1dek-2025-09-03t181750z-1316263057-rc2ikgahdzgq-rtrmadp-3-german.jpeg\" alt=\"Les drapeaux europ\u00e9en et allemand, devant le b\u00e2timent du Reichstag, \u00e0 Berlin, le 3\u00a0septembre 2025.\"   width=\"664\" height=\"443\"\/>    Les drapeaux europ\u00e9en et allemand, devant le b\u00e2timent du Reichstag, \u00e0 Berlin, le 3\u00a0septembre 2025.  FABRIZIO BENSCH\/REUTERS                 <\/p>\n<p class=\"article__paragraph  \">A un mois de la f\u00eate nationale allemande qui c\u00e9l\u00e8bre, le 3\u00a0octobre, l\u2019anniversaire de la r\u00e9unification, l\u2019Allemange s\u2019est offert un d\u00e9bat sur ses symboles que sont le drapeau et l\u2019hymne national. C\u2019est Bodo Ramelow, figure du parti de gauche Die Linke, vice-pr\u00e9sident du Bundestag et ancien ministre-pr\u00e9sident de Thuringe, un Land d\u2019ex-Allemagne de l\u2019Est, qui a questionn\u00e9 la pertinence de ces deux embl\u00e8mes.<\/p>\n<p class=\"article__paragraph  \">Dans un entretien au Rhenische Post, paru le 29\u00a0ao\u00fbt, il appelle \u00e0 remplacer l\u2019hymne national par un po\u00e8me de Bertolt Brecht (1898-1956) et \u00e0 changer le drapeau allemand. Son argument\u00a0: ceux-ci ne feraient toujours pas consensus dans l\u2019Est de l\u2019Allemagne.<\/p>\n<p class=\"article__paragraph  \">Si ces deux symboles ne font gu\u00e8re d\u00e9bat dans la soci\u00e9t\u00e9 allemande, l\u2019extr\u00eame gauche et l\u2019extr\u00eame droite les contestent \u00e0 intervalles r\u00e9guliers, questionnant l\u2019identit\u00e9 nationale sur fond de clivage entre l\u2019Est et l\u2019Ouest. L\u2019origine des couleurs du drapeau allemand \u2212\u00a0noir, rouge, or \u2212 n\u2019est pas clairement identifiable historiquement, mais celles-ci sont aujourd\u2019hui associ\u00e9es aux valeurs d\u00e9mocratiques, en particulier depuis que le drapeau a \u00e9t\u00e9 brandi par les manifestants est-allemands, avant la chute du mur de Berlin, comme un symbole de libert\u00e9.<\/p>\n<p class=\"reading-mode-only \"><strong>Il vous reste 80.53% de cet article \u00e0 lire. La suite est r\u00e9serv\u00e9e aux abonn\u00e9s.<\/strong><\/p>\n","protected":false},"excerpt":{"rendered":"Les drapeaux europ\u00e9en et allemand, devant le b\u00e2timent du Reichstag, \u00e0 Berlin, le 3\u00a0septembre 2025. FABRIZIO BENSCH\/REUTERS A&hellip;\n","protected":false},"author":2,"featured_media":364183,"comment_status":"","ping_status":"","sticky":false,"template":"","format":"standard","meta":{"footnotes":""},"categories":[1587],"tags":[11,672,1804,1805,1803,1777,674,1801,12,1802],"class_list":{"0":"post-364182","1":"post","2":"type-post","3":"status-publish","4":"format-standard","5":"has-post-thumbnail","7":"category-allemagne","8":"tag-actualites","9":"tag-allemagne","10":"tag-bundesrepublik-deutschland","11":"tag-de","12":"tag-deutschland","13":"tag-eu","14":"tag-europe","15":"tag-germany","16":"tag-news","17":"tag-republique-federale-dallemagne"},"share_on_mastodon":{"url":"https:\/\/pubeurope.com\/@fr\/115142496372202891","error":""},"_links":{"self":[{"href":"https:\/\/www.europesays.com\/fr\/wp-json\/wp\/v2\/posts\/364182","targetHints":{"allow":["GET"]}}],"collection":[{"href":"https:\/\/www.europesays.com\/fr\/wp-json\/wp\/v2\/posts"}],"about":[{"href":"https:\/\/www.europesays.com\/fr\/wp-json\/wp\/v2\/types\/post"}],"author":[{"embeddable":true,"href":"https:\/\/www.europesays.com\/fr\/wp-json\/wp\/v2\/users\/2"}],"replies":[{"embeddable":true,"href":"https:\/\/www.europesays.com\/fr\/wp-json\/wp\/v2\/comments?post=364182"}],"version-history":[{"count":0,"href":"https:\/\/www.europesays.com\/fr\/wp-json\/wp\/v2\/posts\/364182\/revisions"}],"wp:featuredmedia":[{"embeddable":true,"href":"https:\/\/www.europesays.com\/fr\/wp-json\/wp\/v2\/media\/364183"}],"wp:attachment":[{"href":"https:\/\/www.europesays.com\/fr\/wp-json\/wp\/v2\/media?parent=364182"}],"wp:term":[{"taxonomy":"category","embeddable":true,"href":"https:\/\/www.europesays.com\/fr\/wp-json\/wp\/v2\/categories?post=364182"},{"taxonomy":"post_tag","embeddable":true,"href":"https:\/\/www.europesays.com\/fr\/wp-json\/wp\/v2\/tags?post=364182"}],"curies":[{"name":"wp","href":"https:\/\/api.w.org\/{rel}","templated":true}]}}