{"id":364184,"date":"2025-09-03T21:30:10","date_gmt":"2025-09-03T21:30:10","guid":{"rendered":"https:\/\/www.europesays.com\/fr\/364184\/"},"modified":"2025-09-03T21:30:10","modified_gmt":"2025-09-03T21:30:10","slug":"la-folie-des-delocalisations-de-matchs-en-europe-suscite-une-vague-de-protestations","status":"publish","type":"post","link":"https:\/\/www.europesays.com\/fr\/364184\/","title":{"rendered":"La folie des d\u00e9localisations de matchs en Europe suscite une vague de protestations"},"content":{"rendered":"<p><strong>Les projets de la Liga et de la Serie A d\u2019exporter des rencontres officielles hors d\u2019Europe mobilisent les supporters et inqui\u00e8tent les institutions.<\/strong><\/p>\n<p>Une fronde sans pr\u00e9c\u00e9dent agite le paysage footballistique europ\u00e9en. Plus de quatre cents groupes de supporters issus de vingt-cinq pays ont uni leurs voix pour d\u00e9noncer les projets de d\u00e9localisation de matches de championnat hors du continent. La Liga envisage d\u2019organiser Villarreal-Barcelone \u00e0 Miami en d\u00e9cembre, tandis que la Serie A projette AC Milan-C\u00f4me \u00e0 Perth en f\u00e9vrier 2026. Ces initiatives sont per\u00e7ues comme une d\u00e9naturation profonde de l\u2019esprit sportif.<\/p>\n<p>Les d\u00e9tracteurs pointent l\u2019absurdit\u00e9 logistique et l\u2019irresponsabilit\u00e9 \u00e9cologique de tels d\u00e9placements transoc\u00e9aniques pour une simple rencontre domestique. L\u2019UEFA, saisie du dossier, doit rendre sa d\u00e9cision le 11 septembre prochain, mais son pouvoir d\u2019intervention semble limit\u00e9 si les f\u00e9d\u00e9rations nationales maintiennent leur position.<\/p>\n<p>Derri\u00e8re ces projets se cachent des motivations essentiellement commerciales. Les ligues espagnole et italienne entendent \u00e9largir leur audience internationale et satisfaire des partenariats strat\u00e9giques, \u00e0 l\u2019image des NBA Games. La Serie A invoque \u00e9galement l\u2019indisponibilit\u00e9 du stade San Siro en raison des Jeux Olympiques d\u2019hiver. Cette logique n\u2019est pourtant pas nouvelle : les Supercoupes se jouent d\u00e9j\u00e0 r\u00e9guli\u00e8rement en Arabie saoudite, en Chine ou au Qatar.<\/p>\n<p>Si les f\u00e9d\u00e9rations nationales d\u00e9tiennent l\u2019essentiel du pouvoir d\u00e9cisionnel, les oppositions se multiplient. Le commissaire europ\u00e9en aux Sports a \u00e9voqu\u00e9 une \u00ab\u00a0trahison\u00a0\u00bb, le syndicat des joueurs espagnols a exprim\u00e9 son d\u00e9saccord, et le Real Madrid met en garde contre une \u00ab\u00a0falsification de la comp\u00e9tition\u00a0\u00bb. La mobilisation d\u00e9passe donc largement le cercle des supporters, soulignant une fracture croissante entre les int\u00e9r\u00eats financiers et l\u2019identit\u00e9 sportive europ\u00e9enne.<\/p>\n","protected":false},"excerpt":{"rendered":"Les projets de la Liga et de la Serie A d\u2019exporter des rencontres officielles hors d\u2019Europe mobilisent les&hellip;\n","protected":false},"author":2,"featured_media":364185,"comment_status":"","ping_status":"","sticky":false,"template":"","format":"standard","meta":{"footnotes":""},"categories":[1586],"tags":[11,1777,674,1011,27,12,25],"class_list":{"0":"post-364184","1":"post","2":"type-post","3":"status-publish","4":"format-standard","5":"has-post-thumbnail","7":"category-europe","8":"tag-actualites","9":"tag-eu","10":"tag-europe","11":"tag-fr","12":"tag-france","13":"tag-news","14":"tag-republique-francaise"},"share_on_mastodon":{"url":"https:\/\/pubeurope.com\/@fr\/115142500242893052","error":""},"_links":{"self":[{"href":"https:\/\/www.europesays.com\/fr\/wp-json\/wp\/v2\/posts\/364184","targetHints":{"allow":["GET"]}}],"collection":[{"href":"https:\/\/www.europesays.com\/fr\/wp-json\/wp\/v2\/posts"}],"about":[{"href":"https:\/\/www.europesays.com\/fr\/wp-json\/wp\/v2\/types\/post"}],"author":[{"embeddable":true,"href":"https:\/\/www.europesays.com\/fr\/wp-json\/wp\/v2\/users\/2"}],"replies":[{"embeddable":true,"href":"https:\/\/www.europesays.com\/fr\/wp-json\/wp\/v2\/comments?post=364184"}],"version-history":[{"count":0,"href":"https:\/\/www.europesays.com\/fr\/wp-json\/wp\/v2\/posts\/364184\/revisions"}],"wp:featuredmedia":[{"embeddable":true,"href":"https:\/\/www.europesays.com\/fr\/wp-json\/wp\/v2\/media\/364185"}],"wp:attachment":[{"href":"https:\/\/www.europesays.com\/fr\/wp-json\/wp\/v2\/media?parent=364184"}],"wp:term":[{"taxonomy":"category","embeddable":true,"href":"https:\/\/www.europesays.com\/fr\/wp-json\/wp\/v2\/categories?post=364184"},{"taxonomy":"post_tag","embeddable":true,"href":"https:\/\/www.europesays.com\/fr\/wp-json\/wp\/v2\/tags?post=364184"}],"curies":[{"name":"wp","href":"https:\/\/api.w.org\/{rel}","templated":true}]}}