{"id":364192,"date":"2025-09-03T21:34:10","date_gmt":"2025-09-03T21:34:10","guid":{"rendered":"https:\/\/www.europesays.com\/fr\/364192\/"},"modified":"2025-09-03T21:34:10","modified_gmt":"2025-09-03T21:34:10","slug":"les-images-des-bizutages-en-chanson-dekitike-et-akliouche-sur-du-aya-nakamura-et-sexion-dassaut","status":"publish","type":"post","link":"https:\/\/www.europesays.com\/fr\/364192\/","title":{"rendered":"les images des bizutages en chanson d&rsquo;Ekitike et Akliouche sur du Aya Nakamura et Sexion d&rsquo;Assaut"},"content":{"rendered":"<p>Convoqu\u00e9s pour la premi\u00e8re fois chez les A, Hugo Ekitike et Maghnes Akliouche ont eu droit de pousser la chansonnette en guise de bizutage. En reprenant Aya Nakamura pour l&rsquo;un et Sexion d\u2019Assaut pour l&rsquo;autre.<\/p>\n<p>Ils ne pouvaient pas y \u00e9chapper. Nouveaux venus en \u00e9quipe de France, <a href=\"https:\/\/rmcsport.bfmtv.com\/football\/premier-league\/liverpool-je-n-ai-pas-encore-compris-toutes-les-connexions-salah-evoque-sa-relation-compliquee-pour-le-moment-sur-le-terrain-avec-ekitike_AV-202509030420.html\" title=\"Liverpool: &quot;Je n&#039;ai pas encore compris toutes les connexions&quot;, Salah \u00e9voque sa relation compliqu\u00e9e (pour le moment) sur le terrain avec Ekitike\" class=\"internal_link\" rel=\"nofollow noopener\" target=\"_blank\">Hugo Ekitike<\/a> (23 ans) et <a href=\"https:\/\/rmcsport.bfmtv.com\/football\/equipe-de-france\/equipe-de-france-comment-deschamps-justifie-la-premiere-convocation-de-maghnes-akliouche_AV-202508270498.html\" title=\"Equipe de France: comment Deschamps justifie la premi\u00e8re convocation de Maghnes Akliouche\" class=\"internal_link\" rel=\"nofollow noopener\" target=\"_blank\">Maghnes Akliouche<\/a> (23 ans) ont eu droit au traditionnel bizutage en chanson. Devant un public un brin chambreur.<\/p>\n<p>Aya Nakamura et Sexion d\u2019Assaut<\/p>\n<p>Plut\u00f4t \u00e0 l\u2019aise, l&rsquo;attaquant de Liverpool a opt\u00e9 pour le tube \u00ab\u00a0Djadja\u00a0\u00bb d\u2019Aya Nakamura, carton de l\u2019ann\u00e9e 2018, emmenant avec lui Ousmane Demb\u00e9l\u00e9 et Marcus Thuram. Bien plus timide au micro, ou plut\u00f4t bouteille en main, Akliouche a timidement rendu hommage au groupe Sexion d\u2019Assaut avec le titre \u00ab\u00a0Probl\u00e8mes d&rsquo;adultes\u00a0\u00bb sorti en 2012.<\/p>\n<p>\u00c0 Clairefontaine, ce d\u00e9but de rassemblement a \u00e9galement \u00e9t\u00e9 l\u2019occasion pour les Bleus de f\u00eater le 23e anniversaire du Parisien Bradley Barcola. R\u00e9unis depuis lundi, les hommes de Didier Deschamps affronteront vendredi l\u2019Ukraine (20h45), dans la ville polonaise de Wroclaw, dans le cadre des qualifications pour la Coupe du monde 2026. Ils encha\u00eeneront d\u00e8s mardi avec la r\u00e9ception de l\u2019Islande (20h45), au Parc des Princes.<\/p>\n<p>\u00ab\u00a0Il n&rsquo;y a pas d&rsquo;exc\u00e8s de confiance. Ce n&rsquo;est jamais une formalit\u00e9 et il faut en avoir conscience. Je vais leur rappeler. Parfois, on pense que&#8230; C&rsquo;est \u00e7a le haut niveau, quand on fait un peu moins&#8230; Il faut \u00eatre vigilant et conscient que rien n&rsquo;est fait. La qualification, il va falloir aller la chercher\u00a0\u00bb, a d&rsquo;ores et d\u00e9j\u00e0 pr\u00e9venu Deschamps.<\/p>\n","protected":false},"excerpt":{"rendered":"Convoqu\u00e9s pour la premi\u00e8re fois chez les A, Hugo Ekitike et Maghnes Akliouche ont eu droit de pousser&hellip;\n","protected":false},"author":2,"featured_media":364193,"comment_status":"","ping_status":"","sticky":false,"template":"","format":"standard","meta":{"footnotes":""},"categories":[4],"tags":[11,1011,27,12,25],"class_list":{"0":"post-364192","1":"post","2":"type-post","3":"status-publish","4":"format-standard","5":"has-post-thumbnail","7":"category-france","8":"tag-actualites","9":"tag-fr","10":"tag-france","11":"tag-news","12":"tag-republique-francaise"},"share_on_mastodon":{"url":"https:\/\/pubeurope.com\/@fr\/115142515907410894","error":""},"_links":{"self":[{"href":"https:\/\/www.europesays.com\/fr\/wp-json\/wp\/v2\/posts\/364192","targetHints":{"allow":["GET"]}}],"collection":[{"href":"https:\/\/www.europesays.com\/fr\/wp-json\/wp\/v2\/posts"}],"about":[{"href":"https:\/\/www.europesays.com\/fr\/wp-json\/wp\/v2\/types\/post"}],"author":[{"embeddable":true,"href":"https:\/\/www.europesays.com\/fr\/wp-json\/wp\/v2\/users\/2"}],"replies":[{"embeddable":true,"href":"https:\/\/www.europesays.com\/fr\/wp-json\/wp\/v2\/comments?post=364192"}],"version-history":[{"count":0,"href":"https:\/\/www.europesays.com\/fr\/wp-json\/wp\/v2\/posts\/364192\/revisions"}],"wp:featuredmedia":[{"embeddable":true,"href":"https:\/\/www.europesays.com\/fr\/wp-json\/wp\/v2\/media\/364193"}],"wp:attachment":[{"href":"https:\/\/www.europesays.com\/fr\/wp-json\/wp\/v2\/media?parent=364192"}],"wp:term":[{"taxonomy":"category","embeddable":true,"href":"https:\/\/www.europesays.com\/fr\/wp-json\/wp\/v2\/categories?post=364192"},{"taxonomy":"post_tag","embeddable":true,"href":"https:\/\/www.europesays.com\/fr\/wp-json\/wp\/v2\/tags?post=364192"}],"curies":[{"name":"wp","href":"https:\/\/api.w.org\/{rel}","templated":true}]}}