{"id":364196,"date":"2025-09-03T21:37:13","date_gmt":"2025-09-03T21:37:13","guid":{"rendered":"https:\/\/www.europesays.com\/fr\/364196\/"},"modified":"2025-09-03T21:37:13","modified_gmt":"2025-09-03T21:37:13","slug":"15-ans-apres-ils-ont-enfin-rejoue-ensemble","status":"publish","type":"post","link":"https:\/\/www.europesays.com\/fr\/364196\/","title":{"rendered":"15 ans apr\u00e8s, ils ont enfin rejou\u00e9 ensemble"},"content":{"rendered":"<p>            Par<br \/>\n        <strong><br \/>\n            <a href=\"https:\/\/actu.fr\/auteur\/clement-mazella\" title=\"Consulter tous les articles de Cl\u00e9ment Mazella\" target=\"_blank\" rel=\"noopener\">Cl\u00e9ment Mazella<\/a><br \/>\n        <\/strong><\/p>\n<p>        Publi\u00e9 le<\/p>\n<p>            3 sept. 2025 \u00e0 17h04<br \/>\n        ; mis \u00e0 jour le 3 sept. 2025 \u00e0 17h05    <\/p>\n<p>\u00ab\u00a0Avec le rugby, le monde est petit. Notre histoire est assez incroyable\u00a0\u00bb. Tout sourire, <strong>Caleb Timu<\/strong> se r\u00e9jouit d\u2019\u00e9voquer aupr\u00e8s d\u2019<a href=\"https:\/\/actu.fr\/rugby\/\" target=\"_blank\" rel=\"noopener\">Actu Rugby<\/a> son co\u00e9quipier <strong>Phil Kit\u00e9<\/strong>, arriv\u00e9 durant l\u2019intersaison \u00e0 <a href=\"https:\/\/actu.fr\/tag\/colomiers-rugby\" target=\"_blank\" rel=\"noopener\">Colomiers<\/a> en provenance de Vannes. Un renfort qui soul\u00e8ve une ribambelle de souvenirs : les deux hommes ont jou\u00e9 ensemble au lyc\u00e9e. Face \u00e0 Mont-de-Marsan lors de <a href=\"https:\/\/actu.fr\/sports\/rugby\/pro-d2\/rugby-pro-d2-tous-les-resultats-de-la-1ere-journee-biarritz-cartonne-et-agen-sombre_63092884.html\" target=\"_blank\" rel=\"noopener\">la 1\u00e8re journ\u00e9e de Pro D2<\/a>, vendredi 29 septembre 2025, ils ont de nouveau \u00e9volu\u00e9 sous le m\u00eame maillot, apr\u00e8s <strong>15 ans d\u2019attente<\/strong>. Un moment particulier, forc\u00e9ment. Et surtout, riche en \u00e9motions.<\/p>\n<p>Phil Kite et Caleb Timu ensemble au lyc\u00e9e<\/p>\n<p class=\" wall-content\">Sur la pelouse de Guy-Boniface, le moment est immortalis\u00e9 : Phil Kit\u00e9 et Caleb Timu prennent la pose. Certes, Colomiers a obtenu une pr\u00e9cieuse victoire dans les Landes (20-24), mais pour les deux hommes, les sourires affich\u00e9s ont une tout autre explication : ils ont enfin rejou\u00e9 ensemble, eux qui se sont connus au Saint Joseph\u2019s Nudgee College \u00e0 Brisbane en Australie. C\u2019\u00e9tait en 2010. Durant un an, ils avaient \u00e9t\u00e9 co\u00e9quipiers.<\/p>\n<p class=\" wall-content\">N\u00e9 en Nouvelle-Z\u00e9lande, Phil Kit\u00e9, d\u2019origine tongienne, a d\u00e9barqu\u00e9 en Australie pour vivre chez son oncle et sa tante. Caleb Timu, qui a lui aussi vu le jour au pays des All Blacks, a rejoint l\u2019\u00eele continent \u00e0 seulement 5 ans, ses parents pr\u00e9f\u00e9rant travailler l\u00e0-bas. Le ballon ovale constitue la passion de Caleb, et par bonheur, il int\u00e8gre le Saint Joseph\u2019s Nudgee College, institut r\u00e9put\u00e9 pour avoir form\u00e9 plusieurs Wallabies, comme James O\u2019Connor, Rocky Elsom, Elton Flatley ou encore Sean McMahon.<\/p>\n<p class=\" wall-content\">\u00ab\u00a0Une tr\u00e8s bonne \u00e9cole pour le rugby. Nous avons eu beaucoup de chance de fr\u00e9quenter ce lyc\u00e9e\u00a0\u00bb, admet aupr\u00e8s d\u2019Actu Rugby Phil Kit\u00e9. Le solide pilier droit, plus \u00e2g\u00e9 d\u2019un an que Caleb Timu, n\u2019a rien oubli\u00e9 de cette saison o\u00f9 le 3e ligne est arriv\u00e9 dans l\u2019\u00e9tablissement. \u00ab\u00a0Il venait du XIII, c\u2019\u00e9tait un tr\u00e8s bon porteur de balle. Il \u00e9tait destin\u00e9 \u00e0 \u00eatre 3e ligne. Moi, je l\u2019esp\u00e9rais, mais j\u2019ai d\u00fb me r\u00e9soudre \u00e0 jouer pilier\u00a0\u00bb, rigole Kite, qui a pass\u00e9 8 ans en Bretagne.<\/p>\n<p>    <img   decoding=\"async\" loading=\"lazy\" src=\"https:\/\/www.europesays.com\/fr\/wp-content\/uploads\/2025\/09\/phil-kite-caleb-timu-college-rugby-australie-960x640.jpg\" alt=\"Phil Kit\u00e9 et Caleb Timu, au rang d'en haut, \" width=\"960\" height=\"640\"\/><br \/>\n    Phil Kit\u00e9 et Caleb Timu, au rang d\u2019en haut, au St Joseph\u2019s Nudgee College (\u00a9Photo fournie par Caleb Timu)Ils se retrouvent \u00e0 Colomiers<\/p>\n<p class=\" wall-content\">En 2010, sous les m\u00eames couleurs, Kite, qui \u00e9tait capitaine de l\u2019\u00e9quipe, et Timu remportent le championnat GPS auquel ils participent. \u00ab\u00a0\u00c7a fait longtemps, tr\u00e8s longtemps\u00a0\u00bb, plaisante Kit\u00e9. S\u2019il y a eu apr\u00e8s quelques mois v\u00e9cus en commun chez les Reds, leurs routes se sont s\u00e9par\u00e9es. Avant de se recroiser, \u00e0 Colomiers, et de rejouer ensemble 15 ans apr\u00e8s.<\/p>\n<p class=\" wall-content\">\u00ab\u00a0Je ne pensais jamais que cela arriverait\u00a0\u00bb, admet Caleb Timu. \u00ab\u00a0C\u2019est g\u00e9nial. Je trouve notre histoire incroyable\u00a0\u00bb. Malgr\u00e9 la distance, Phil et Caleb n\u2019ont jamais perdu le contact, que ce soit via Facebook et Instagram. \u00ab\u00a0Un jour, Phil m\u2019a \u00e9crit pour que je lui parle de Colomiers. Je lui ai vite r\u00e9pondu\u00a0\u00bb, reconna\u00eet le 3e ligne.<\/p>\n<p class=\" wall-content\">Outre Timu, Kit\u00e9 conna\u00eet Bazin et Alonso Munoz, anciens de Vannes, mais aussi Myles Edwards, qui s\u2019est engag\u00e9 derni\u00e8rement avec le club de la Colombe. Des pr\u00e9sences qui motivent le pilier droit \u00e0 relever le d\u00e9fi colum\u00e9rin. \u00ab\u00a0Le choix a \u00e9t\u00e9 facile\u00a0\u00bb, appuie le Tongien d\u2019origine. Et de rajouter : \u00ab\u00a0Pour moi, c\u2019est quand m\u00eame un grand moment de pouvoir rejouer aux c\u00f4t\u00e9s de Caleb dans un club ambitieux\u00a0\u00bb.<\/p>\n<p>Votre r\u00e9gion, votre actu !<\/p>\n<p>Recevez chaque jour les infos qui comptent pour vous.<\/p>\n<p>\t<a href=\"https:\/\/actu.fr\/newsletter\" class=\"ac-btn ac-btn--corner ac-btn--medium ac-btn--blue800\" target=\"_blank\" rel=\"noopener\">S&rsquo;incrire<\/a><\/p>\n<p>    <img   decoding=\"async\" loading=\"lazy\" src=\"https:\/\/www.europesays.com\/fr\/wp-content\/uploads\/2025\/09\/phil-kite-caleb-timu-college-rugby-960x640.jpg\" alt=\"Phil Kit\u00e9 et Caleb Timu avec le troph\u00e9e symbolisant le championnat remport\u00e9.\" width=\"960\" height=\"640\"\/><br \/>\n    Phil Kit\u00e9 et Caleb Timu avec le troph\u00e9e symbolisant le championnat remport\u00e9. (\u00a9Photo fournie par Caleb Timu)Une boucle boucl\u00e9e<\/p>\n<p class=\" wall-content\">Entre les deux gar\u00e7ons, <strong>le respect est plus que palpable<\/strong>. \u00ab\u00a0Phil m\u2019a aid\u00e9 quand je suis arriv\u00e9 au lyc\u00e9e parce que j\u2019\u00e9tais nouveau\u00a0\u00bb, admet Timu. \u00ab\u00a0En retour, j\u2019ai essay\u00e9 de l\u2019int\u00e9grer au maximum lors du stage de d\u00e9but de saison avec Colomiers. Et en dehors, on partage de bons moments \u00e9galement avec nos familles\u00a0\u00bb.\u00a0<\/p>\n<p class=\" wall-content\">Lors du premier match de la saison \u00e0 Mont-de-Marsan, Phil et Caleb n\u2019ont \u00e9voqu\u00e9 que bri\u00e8vement cette opportunit\u00e9 offerte de rejouer ensemble apr\u00e8s 15 ans d\u2019attente. Dans les vestiaires, peu de regards, chacun \u00e9tait focus sur sa rencontre. \u00ab\u00a0Nous nous sommes mis en mode match. Et finalement, on a agi comme si nous \u00e9tions co\u00e9quipiers depuis longtemps\u00a0\u00bb.<\/p>\n<p>    <img   decoding=\"async\" loading=\"lazy\" src=\"https:\/\/www.europesays.com\/fr\/wp-content\/uploads\/2025\/09\/phil-kite-caleb-timu-jeunes-rugby-960x640.jpg\" alt=\"Phil Kit\u00e9, au centre, et Caleb Timu, \u00e0 droite, sous le m\u00eame maillot en 2010.\" width=\"960\" height=\"640\"\/><br \/>\n    Phil Kit\u00e9, au centre, et Caleb Timu, \u00e0 droite, sous le m\u00eame maillot en 2010. (\u00a9Photo fournie par Caleb Timu)<\/p>\n<p class=\" wall-content\">Le pilier droit souligne \u00e9galement l\u2019honn\u00eatet\u00e9 qu\u2019il y a entre eux. \u00ab\u00a0Si je faisais quelque chose de nul, il me le disait. Et s\u2019il faisait quelque chose de mauvais, je lui balan\u00e7ais \u00ab\u00a0Oh, r\u00e9veille-toi\u00a0\u00bb ou \u00ab\u00a0bouge-toi\u00a0\u00bb. C\u2019\u00e9tait comme une relation fraternelle. On s\u2019est dit les choses telles qu\u2019elles \u00e9taient\u00a0\u00bb.<\/p>\n<p class=\" wall-content\">La victoire obtenue, les \u00e9motions ont alors jailli. \u00ab\u00a0J\u2019\u00e9tais tellement fier de le retrouver\u00a0\u00bb, assure Timu. Kit\u00e9 confirme : \u00ab\u00a0C\u2019\u00e9tait un privil\u00e8ge et un honneur d\u2019\u00e9voluer de nouveau \u00e0 ses c\u00f4t\u00e9s. Cela fait partie des moments forts de ma carri\u00e8re. C\u2019\u00e9tait vraiment g\u00e9nial. La boucle est boucl\u00e9e\u00a0\u00bb.<\/p>\n<p>Pro D2 : le programme de la 2e journ\u00e9e<\/p>\n<p>Jeudi 4 septembre : Colomiers &#8211; Biarritz (21h)<br \/>Vendredi 5 septembre. Carcassonne &#8211; Oyonnax (19h)<br \/>Vendredi 5 septembre. B\u00e9ziers &#8211; Nevers (19h30)<br \/>Vendredi 5 septembre. Grenoble &#8211; Aurillac (19h30)<br \/>Vendredi 5 septembre. Provence Rugby &#8211; Valence-Romans (19h30)<br \/>Vendredi 5 septembre. Agen &#8211; Mont-de-Marsan (19h30)<br \/>Vendredi 5 septembre. Dax &#8211; Brive (19h30)<br \/>Vendredi 5 septembre. Vannes &#8211; Soyaux-Angoul\u00eame (21h).<\/p>\n<p class=\" wall-content\">Personnalisez votre actualit\u00e9 en ajoutant vos villes et m\u00e9dias en favori avec <a href=\"https:\/\/moncompte.actu.fr\" title=\"D\u00e9couvez Mon Actu\" rel=\"nofollow noopener\" data-trk=\"{&quot;cta&quot;:{&quot;action&quot;:&quot;https:\\\/\\\/moncompte.actu.fr&quot;,&quot;category&quot;:&quot;mon compte&quot;,&quot;from&quot;:&quot;article footer&quot;,&quot;name&quot;:&quot;Mon actu&quot;,&quot;type&quot;:&quot;cta&quot;}}\" target=\"_blank\">Mon Actu<\/a>.<\/p>\n","protected":false},"excerpt":{"rendered":"Par Cl\u00e9ment Mazella Publi\u00e9 le 3 sept. 2025 \u00e0 17h04 ; mis \u00e0 jour le 3 sept. 2025&hellip;\n","protected":false},"author":2,"featured_media":364197,"comment_status":"","ping_status":"","sticky":false,"template":"","format":"standard","meta":{"footnotes":""},"categories":[1416],"tags":[11282,1011,27,2308,479,1468,60],"class_list":{"0":"post-364196","1":"post","2":"type-post","3":"status-publish","4":"format-standard","5":"has-post-thumbnail","7":"category-rugby","8":"tag-colomiers-rugby","9":"tag-fr","10":"tag-france","11":"tag-pro-d2","12":"tag-rugby","13":"tag-rugby-football","14":"tag-sports"},"share_on_mastodon":{"url":"https:\/\/pubeurope.com\/@fr\/115142527873086474","error":""},"_links":{"self":[{"href":"https:\/\/www.europesays.com\/fr\/wp-json\/wp\/v2\/posts\/364196","targetHints":{"allow":["GET"]}}],"collection":[{"href":"https:\/\/www.europesays.com\/fr\/wp-json\/wp\/v2\/posts"}],"about":[{"href":"https:\/\/www.europesays.com\/fr\/wp-json\/wp\/v2\/types\/post"}],"author":[{"embeddable":true,"href":"https:\/\/www.europesays.com\/fr\/wp-json\/wp\/v2\/users\/2"}],"replies":[{"embeddable":true,"href":"https:\/\/www.europesays.com\/fr\/wp-json\/wp\/v2\/comments?post=364196"}],"version-history":[{"count":0,"href":"https:\/\/www.europesays.com\/fr\/wp-json\/wp\/v2\/posts\/364196\/revisions"}],"wp:featuredmedia":[{"embeddable":true,"href":"https:\/\/www.europesays.com\/fr\/wp-json\/wp\/v2\/media\/364197"}],"wp:attachment":[{"href":"https:\/\/www.europesays.com\/fr\/wp-json\/wp\/v2\/media?parent=364196"}],"wp:term":[{"taxonomy":"category","embeddable":true,"href":"https:\/\/www.europesays.com\/fr\/wp-json\/wp\/v2\/categories?post=364196"},{"taxonomy":"post_tag","embeddable":true,"href":"https:\/\/www.europesays.com\/fr\/wp-json\/wp\/v2\/tags?post=364196"}],"curies":[{"name":"wp","href":"https:\/\/api.w.org\/{rel}","templated":true}]}}