{"id":364198,"date":"2025-09-03T21:38:10","date_gmt":"2025-09-03T21:38:10","guid":{"rendered":"https:\/\/www.europesays.com\/fr\/364198\/"},"modified":"2025-09-03T21:38:10","modified_gmt":"2025-09-03T21:38:10","slug":"us-open-h-auger-aliassime-se-paie-un-nouveau-top-10","status":"publish","type":"post","link":"https:\/\/www.europesays.com\/fr\/364198\/","title":{"rendered":"US Open (H) : Auger-Aliassime se paie un nouveau top 10"},"content":{"rendered":"<p class=\"date\">\n                                                            Faraj Benlahoucine, Media365, publi\u00e9 le mercredi 03 septembre 2025 \u00e0 22h33\n                                                    <\/p>\n<p>F\u00e9lix Auger-Aliassime a domin\u00e9 Alex De Minaur \u00e0 l&rsquo;US Open, se payant un deuxi\u00e8me joueur du top 10 mondial. Pour la deuxi\u00e8me fois de sa carri\u00e8re, le Canadien acc\u00e8de aux demies du Grand Chelem new yorkais.<\/p>\n<p>Le quart de finale DE L4us oPEN entre Alex de Minaur et F\u00e9lix Auger-Aliassime, annonc\u00e9 ouvert entre deux joueurs en forme, a tenu ses promesses. T\u00eate de s\u00e9rie n\u00b08, le premier nomm\u00e9 a pris l&rsquo;ascendant en premi\u00e8re manche (4-6), sauv\u00e9 par ses retours inspir\u00e9s et les 15 fautes directes du Canadien. N\u00e9anmoins celui-ci a r\u00e9agi. Dans son style caract\u00e9ristique, il s&rsquo;est repos\u00e9 sur son service canon (22 aces) tandis que son adversaire n&rsquo;a pas \u00e9t\u00e9 en mesure d&rsquo;atteindre les 50% de premi\u00e8res balles. Un d\u00e9ficit grandement pr\u00e9judiciable face \u00e0 un adversaire dont la force de frappe est redoutable.<\/p>\n<p>Plus r\u00e9gulier. Mais avant tout plus serein lors des moments-cl\u00e9s du match, F\u00e9lix Auger-Aliassime a par la suite remport\u00e9 le second set au tie-break (9-7). En troisi\u00e8me manche, il a subtilis\u00e9 le service de l&rsquo;Australien \u00e0 5-5 avant de confirmer sur sa mise en jeu (7-5). Puis dans le quatri\u00e8me acte on ne peut plus serr\u00e9, le 27e mondial a une nouvelle fois nettement mieux n\u00e9goci\u00e9 le jeu d\u00e9cisif (7-4) pour s&rsquo;imposer apr\u00e8s avoir \u00e9t\u00e9 men\u00e9 d&rsquo;une manche et 2-5 dans le quatri\u00e8me set (4-6, 7-6(7), 7-5, 7-6(4)). F\u00e9lix Auger-Aliassime acc\u00e8de pour la seconde fois de sa carri\u00e8re aux demies d&rsquo;un Grand Chelem. La premi\u00e8re fois c&rsquo;\u00e9tait d\u00e9j\u00e0 \u00e0 l&rsquo;US Open en 2021.<\/p>\n<p>De Minaur maudit en Grand Chelem<\/p>\n<p>Au-del\u00e0 de cette qualification, le Canadien a accroch\u00e9 \u00e0 son tableau de chasse un deuxi\u00e8me pensionnaire du top 10 mondial. Apr\u00e8s avoir croqu\u00e9 le n\u00b03 mondial, Alexander Zverev, au troisi\u00e8me tour, il vient de s&rsquo;offrir le scalp du 8e mondial. Entre ces deux performances de haut vol, le vainqueur 2025 du tournoi de Montpellier a balay\u00e9 le 15e mondial, Andrey Rublev. F\u00e9lix Auger-Aliassime attend d\u00e9sormais de conna\u00eetre l&rsquo;identit\u00e9 de son futur adversaire qui sera d\u00e9voil\u00e9e la nuit prochaine au terme du duel 100% italien entre Jannik Sinner et Lorenzo Musetti. Quant \u00e0 Alex De Minaur, maudit en Grand Chelem, il s&rsquo;incline pour la sixi\u00e8me fois en autant de participations en quarts d&rsquo;un majeur.<\/p>\n","protected":false},"excerpt":{"rendered":"Faraj Benlahoucine, Media365, publi\u00e9 le mercredi 03 septembre 2025 \u00e0 22h33 F\u00e9lix Auger-Aliassime a domin\u00e9 Alex De Minaur&hellip;\n","protected":false},"author":2,"featured_media":364199,"comment_status":"","ping_status":"","sticky":false,"template":"","format":"standard","meta":{"footnotes":""},"categories":[1415],"tags":[1011,27,60,1467],"class_list":{"0":"post-364198","1":"post","2":"type-post","3":"status-publish","4":"format-standard","5":"has-post-thumbnail","7":"category-tennis","8":"tag-fr","9":"tag-france","10":"tag-sports","11":"tag-tennis"},"share_on_mastodon":{"url":"https:\/\/pubeurope.com\/@fr\/115142531646713319","error":""},"_links":{"self":[{"href":"https:\/\/www.europesays.com\/fr\/wp-json\/wp\/v2\/posts\/364198","targetHints":{"allow":["GET"]}}],"collection":[{"href":"https:\/\/www.europesays.com\/fr\/wp-json\/wp\/v2\/posts"}],"about":[{"href":"https:\/\/www.europesays.com\/fr\/wp-json\/wp\/v2\/types\/post"}],"author":[{"embeddable":true,"href":"https:\/\/www.europesays.com\/fr\/wp-json\/wp\/v2\/users\/2"}],"replies":[{"embeddable":true,"href":"https:\/\/www.europesays.com\/fr\/wp-json\/wp\/v2\/comments?post=364198"}],"version-history":[{"count":0,"href":"https:\/\/www.europesays.com\/fr\/wp-json\/wp\/v2\/posts\/364198\/revisions"}],"wp:featuredmedia":[{"embeddable":true,"href":"https:\/\/www.europesays.com\/fr\/wp-json\/wp\/v2\/media\/364199"}],"wp:attachment":[{"href":"https:\/\/www.europesays.com\/fr\/wp-json\/wp\/v2\/media?parent=364198"}],"wp:term":[{"taxonomy":"category","embeddable":true,"href":"https:\/\/www.europesays.com\/fr\/wp-json\/wp\/v2\/categories?post=364198"},{"taxonomy":"post_tag","embeddable":true,"href":"https:\/\/www.europesays.com\/fr\/wp-json\/wp\/v2\/tags?post=364198"}],"curies":[{"name":"wp","href":"https:\/\/api.w.org\/{rel}","templated":true}]}}