{"id":364200,"date":"2025-09-03T21:40:12","date_gmt":"2025-09-03T21:40:12","guid":{"rendered":"https:\/\/www.europesays.com\/fr\/364200\/"},"modified":"2025-09-03T21:40:12","modified_gmt":"2025-09-03T21:40:12","slug":"motogp-herve-poncharal-livre-la-feuille-de-route-de-tech3-en-2027-ils-voleront-de-leurs-propres-ailes","status":"publish","type":"post","link":"https:\/\/www.europesays.com\/fr\/364200\/","title":{"rendered":"MotoGP, Herv\u00e9 Poncharal livre la feuille de route de Tech3 en 2027 : \u00ab\u00a0ils voleront de leurs propres ailes\u00a0\u00bb"},"content":{"rendered":"<p><strong>Le patron charismatique du MotoGP, Herv\u00e9 Poncharal, a<br \/>\nconfirm\u00e9 qu\u2019il passerait le relais chez Tech3 \u00e0 la fin de 2026. Le<br \/>\nFran\u00e7ais, figure incontournable du paddock, a officialis\u00e9 le<br \/>\nprincipe de la vente de son \u00e9quipe Tech3, annon\u00e7ant une nouvelle<br \/>\n\u00e8re pour la structure qui sera marqu\u00e9e par une autonomie<br \/>\ntotale.<\/strong><\/p>\n<p>Poncharal, toujours franc et passionn\u00e9, a comment\u00e9 \u00e0 propos de<br \/>\nses propres troupes sur <a href=\"https:\/\/www.gpone.com\/en\/2025\/09\/03\/motogp\/herve-poncharal-about-selling-his-team-theyll-fly-on-their-own-wings-in-2027.html\" target=\"_blank\" rel=\"noopener\"><br \/>\nGPOne<\/a> \u00e0 la veille du <a href=\"https:\/\/www.paddock-gp.com\/motogp-catalogne-les-horaires-de-barcelone-derniere-etape-avant-le-possible-sacre-de-marc-marquez-a-misano\/\" target=\"_blank\" rel=\"noopener\"><br \/>\n<strong>Grand Prix de Catalogne<\/strong><\/a> de ce week-end\u00a0:<br \/>\n\u00ab ils voleront de leurs propres ailes en 2027. \u00bb<\/p>\n<p>L\u2019homme qui a accompagn\u00e9 des g\u00e9n\u00e9rations de pilotes vers l\u2019\u00e9lite<br \/>\na expliqu\u00e9 sa d\u00e9cision sans d\u00e9tour. \u00ab J\u2019ai donn\u00e9 toute ma vie<br \/>\nau MotoGP. Maintenant, il est temps de passer la main et de<br \/>\n<strong>laisser Tech3 continuer avec sa propre identit\u00e9, dans une<br \/>\norganisation solide<\/strong>. \u00bb<\/p>\n<p>Cette transition marque un tournant : apr\u00e8s <strong>plus de 30<br \/>\nans<\/strong> dans les coulisses et sur les grilles de d\u00e9part,<br \/>\n<strong>Poncharal<\/strong> choisit de se mettre en retrait, avec<br \/>\nune certaine s\u00e9r\u00e9nit\u00e9. \u00ab Je ne pars pas f\u00e2ch\u00e9, ni triste. Au<br \/>\ncontraire, <strong>je pars heureux<\/strong> de voir que l\u2019\u00e9quipe<br \/>\nest pr\u00eate pour le futur. \u00bb<\/p>\n<p><img loading=\"lazy\" decoding=\"async\" class=\"aligncenter size-full wp-image-1072225\" src=\"https:\/\/www.europesays.com\/fr\/wp-content\/uploads\/2025\/09\/Herve-Poncharal.jpg\" alt=\"Herv\u00e9 Poncharal\" width=\"900\" height=\"594\"  \/><\/p>\n<p><strong>Herv\u00e9 Poncharal\u00a0: \u00ab<br \/>\nj\u2019ai toujours voulu que Tech3 vive au-del\u00e0 de<br \/>\nmoi\u00a0\u00bb<\/strong><\/p>\n<p>Tech3, un h\u00e9ritage qui continue. <strong>Poncharal<\/strong><br \/>\ninsiste : le projet est entre de bonnes mains. \u00ab J\u2019ai toujours<br \/>\nvoulu que Tech3 vive au-del\u00e0 de moi. <strong>D\u00e9sormais, c\u2019est chose<br \/>\nfaite<\/strong>. \u00bb<\/p>\n<p>En 2027, l\u2019\u00e9quipe \u2013 qui a vu passer des talents comme, entre<br \/>\nautres,<a href=\"https:\/\/www.paddock-gp.com\/motogp-johann-zarco-prolonge-chez-lcr-honda-mais-il-meritait-le-guidon-usine\/\" target=\"_blank\" rel=\"noopener\">\u00a0<\/a><a href=\"https:\/\/www.paddock-gp.com\/motogp-johann-zarco-prolonge-chez-lcr-honda-mais-il-meritait-le-guidon-usine\/\" target=\"_blank\" rel=\"noopener\"><strong>Zarco<\/strong><\/a><br \/>\n<strong>, Oliveira<\/strong>, et <a href=\"https:\/\/www.paddock-gp.com\/motogp-sylvain-guintoli-revele-pedro-acosta-sest-accroche-avec-son-equipe-au-point-de-le-regretter\/\" target=\"_blank\" rel=\"noopener\"><br \/>\n<strong>Acosta<\/strong><\/a> \u2013 sera int\u00e9gr\u00e9e plus directement dans<br \/>\nl\u2019organigramme <a href=\"https:\/\/www.paddock-gp.com\/motogp-ktm-renait-et-derriere-le-miracle-un-stratege-discret-dani-pedrosa\/\" target=\"_blank\" rel=\"noopener\"><br \/>\n<strong>KTM<\/strong><\/a>, avec une libert\u00e9 de d\u00e9veloppement accrue.<br \/>\n\u00ab Le MotoGP change, et il faut \u00eatre plus fort que jamais.<br \/>\n<strong>C\u2019est la bonne d\u00e9cision pour l\u2019\u00e9quipe, pour KTM et pour les<br \/>\npilotes<\/strong> \u00bb \u00e9value le Fran\u00e7ais.<\/p>\n<p>Avec son franc-parler habituel, <strong>Poncharal<\/strong><br \/>\nr\u00e9sume la situation en une phrase qui sonne comme un adieu mais<br \/>\naussi une promesse : \u00ab ils voleront de leurs propres ailes.<br \/>\n<strong>Moi, je les regarderai avec fiert\u00e9, depuis<br \/>\nl\u2019ext\u00e9rieu<\/strong><strong>r<\/strong>. \u00bb<\/p>\n<p>Un chapitre se ferme, mais l\u2019h\u00e9ritage de <strong>Herv\u00e9<br \/>\nPoncharal<\/strong> restera grav\u00e9 dans le paddock.<\/p>\n<p><img loading=\"lazy\" decoding=\"async\" class=\"aligncenter wp-image-754237\" src=\"https:\/\/www.europesays.com\/fr\/wp-content\/uploads\/2025\/05\/305488_herve-poncharal_tech3_ktm-rc16_motogp_2019_silverstone-circuit-_gbr_2019_08_23-1512-copia.gal.jpeg\" alt=\"Herv\u00e9 Poncharal\" width=\"1200\" height=\"800\"  \/><\/p>\n","protected":false},"excerpt":{"rendered":"Le patron charismatique du MotoGP, Herv\u00e9 Poncharal, a confirm\u00e9 qu\u2019il passerait le relais chez Tech3 \u00e0 la fin&hellip;\n","protected":false},"author":2,"featured_media":233002,"comment_status":"","ping_status":"","sticky":false,"template":"","format":"standard","meta":{"footnotes":""},"categories":[1413],"tags":[1011,27,1457,1456,60],"class_list":{"0":"post-364200","1":"post","2":"type-post","3":"status-publish","4":"format-standard","5":"has-post-thumbnail","7":"category-moto","8":"tag-fr","9":"tag-france","10":"tag-moto","11":"tag-motocycle","12":"tag-sports"},"share_on_mastodon":{"url":"https:\/\/pubeurope.com\/@fr\/115142539642092463","error":""},"_links":{"self":[{"href":"https:\/\/www.europesays.com\/fr\/wp-json\/wp\/v2\/posts\/364200","targetHints":{"allow":["GET"]}}],"collection":[{"href":"https:\/\/www.europesays.com\/fr\/wp-json\/wp\/v2\/posts"}],"about":[{"href":"https:\/\/www.europesays.com\/fr\/wp-json\/wp\/v2\/types\/post"}],"author":[{"embeddable":true,"href":"https:\/\/www.europesays.com\/fr\/wp-json\/wp\/v2\/users\/2"}],"replies":[{"embeddable":true,"href":"https:\/\/www.europesays.com\/fr\/wp-json\/wp\/v2\/comments?post=364200"}],"version-history":[{"count":0,"href":"https:\/\/www.europesays.com\/fr\/wp-json\/wp\/v2\/posts\/364200\/revisions"}],"wp:featuredmedia":[{"embeddable":true,"href":"https:\/\/www.europesays.com\/fr\/wp-json\/wp\/v2\/media\/233002"}],"wp:attachment":[{"href":"https:\/\/www.europesays.com\/fr\/wp-json\/wp\/v2\/media?parent=364200"}],"wp:term":[{"taxonomy":"category","embeddable":true,"href":"https:\/\/www.europesays.com\/fr\/wp-json\/wp\/v2\/categories?post=364200"},{"taxonomy":"post_tag","embeddable":true,"href":"https:\/\/www.europesays.com\/fr\/wp-json\/wp\/v2\/tags?post=364200"}],"curies":[{"name":"wp","href":"https:\/\/api.w.org\/{rel}","templated":true}]}}