{"id":364201,"date":"2025-09-03T21:41:13","date_gmt":"2025-09-03T21:41:13","guid":{"rendered":"https:\/\/www.europesays.com\/fr\/364201\/"},"modified":"2025-09-03T21:41:13","modified_gmt":"2025-09-03T21:41:13","slug":"les-images-valent-mieux-que-mille-mots-le-frere-de-michael-schumacher-de-retour-dans-un-lieu-que-le-pilote-de-f1-na-surement-pas-oublie","status":"publish","type":"post","link":"https:\/\/www.europesays.com\/fr\/364201\/","title":{"rendered":"\u00ab\u00a0Les images valent mieux que mille mots\u00a0\u00bb : Le fr\u00e8re de Michael Schumacher de retour dans un lieu que le pilote de F1 n&rsquo;a s\u00fbrement pas oubli\u00e9"},"content":{"rendered":"<p>            <img loading=\"lazy\" decoding=\"async\" src=\"https:\/\/www.europesays.com\/fr\/wp-content\/uploads\/2025\/04\/70-60dc2d431f18d-35x35-1.jpg\" class=\"author-article-picture\" width=\"35\" height=\"35\"\/><\/p>\n<p>                Par<br \/>\n                                    <a class=\"author-article-bio-link\" href=\"https:\/\/www.purepeople.com\/auteur\/liane-lazaar_a70\" rel=\"nofollow noopener\" target=\"_blank\">Liane Lazaar<\/a><br \/>\n                                                    | R\u00e9dactrice<\/p>\n<p>\n                Liane Lazaar est r\u00e9dactrice web rattach\u00e9e au p\u00f4le TV de Purepeople.com. Elle conna\u00eet autant le parcours de Jean-Pierre Pernaut sur TF1 que les derniers rebondissements des candidats de t\u00e9l\u00e9-r\u00e9alit\u00e9 et a un go\u00fbt prononc\u00e9 pour les histoires de coeur.\n            <\/p>\n<p>\n    Ce mercredi 3 septembre 2025, Ralf Schumacher a v\u00e9cu un moment d&rsquo;\u00e9motion. Le fr\u00e8re cadet de Michael Schumacher a eu l&rsquo;occasion de se rendre dans un lieu qui a beaucoup compt\u00e9 pour ce dernier, toujours en soin depuis son accident de ski.\n<\/p>\n<p>                            <img loading=\"lazy\" decoding=\"async\" class=\"player-thumbnail\" src=\"https:\/\/www.europesays.com\/fr\/wp-content\/uploads\/2025\/09\/a0aa8b7b512bf624-580x326-2.jpg\" width=\"580\" height=\"326\"\/><\/p>\n<p>                    \u00ab\u00a0Les images valent mieux que mille mots\u00a0\u00bb : Le fr\u00e8re de Michael Schumacher de retour dans un lieu que le pilote de F1 n&rsquo;a s\u00fbrement pas oubli\u00e9<\/p>\n<p>La suite apr\u00e8s la publicit\u00e9<\/p>\n<p>Depuis son tragique accident de ski \u00e0 M\u00e9ribel en d\u00e9cembre 2013, <a href=\"https:\/\/www.purepeople.com\/people\/michael-schumacher_p951\" rel=\"nofollow noopener\" target=\"_blank\">Michael Schumacher<\/a> est toujours plong\u00e9 dans un lourd secret m\u00e9dical et <a href=\"https:\/\/www.purepeople.com\/article\/je-le-vois-sourire-un-proche-puissant-de-michael-schumacher-sepanche-sur-leur-relation-et-son-etat_a538949\/1\" rel=\"nofollow noopener\" target=\"_blank\">les nouvelles se veulent rares<\/a>. Mais le septuple champion du monde de Formule 1 de 56 ans, notamment sous les couleurs de la Scuderia Ferrari, est toujours dans les esprits. Encore plus dans celui de son fr\u00e8re <strong>Ralf Schumacher<\/strong>, ce mercredi 3 septembre 2025.\u00a0<\/p>\n<p>Pour cause, l&rsquo;ancien pilote devenu commentateur a fait savoir qu&rsquo;il se trouvait dans un lieu qui a beaucoup compt\u00e9 pour Michael Schumacher, <strong>\u00e0 savoir le Ristorante Montana<\/strong> situ\u00e9 \u00e0 Fiorano Modenese, une commune de la province de Mod\u00e8ne en \u00c9milie-Romagne (Italie), \u00e0 proximit\u00e9 du\u00a0prestigieux circuit de Formule 1\u00a0de Ferrari. En story Instagram, celui qui a <a href=\"https:\/\/www.purepeople.com\/article\/michael-schumacher-son-frere-ralf-et-son-compagnon-ancien-politique-francais-amoureux-sur-le-tapis-rouge_a529274\/1\" rel=\"nofollow noopener\" target=\"_blank\">refait sa vie avec \u00c9tienne Bousquet-Cassagne<\/a>, une figure locale de l\u2019extr\u00eame droite lot-et-garonnaise, apr\u00e8s son mariage pass\u00e9 avec la pr\u00e9sentatrice allemande Cora Brinkmann, m\u00e8re de son fils unique, David (n\u00e9 en 2001) a partag\u00e9 en story Instagram des images de son passage dans l&rsquo;\u00e9tablissement italien.<\/p>\n<p>Michael Schumacher avec le sourire en Italie, une photo empreinte de nostalgie<\/p>\n<p>Il y prend notamment la pose aupr\u00e8s de la cheffe, devant une grande <strong>photo d&rsquo;elle et Michael Schumacher prise il y a plusieurs ann\u00e9es<\/strong>, la l\u00e9gende de la Formule 1 apparaissant souriant et d\u00e9gustant une bonne assiette de p\u00e2tes. Ralf Schumacher a aussi pu se rendre en cuisine pour lui-m\u00eame tester la nourriture de celle qui est surnomm\u00e9e \u00ab\u00a0mamma Rossella\u00a0\u00bb, qu&rsquo;il rencontrait \u00e0 son tour pour la premi\u00e8re fois. \u00ab\u00a0<strong>La premi\u00e8re fois chez Rossella. Que puis-je dire\u00a0? Les images en disent plus que mille mots. Un grand merci, Rossella<\/strong>\u00ab\u00a0, a-t-il \u00e9crit en l\u00e9gende de son post Instagram.<\/p>\n<p>\u00c0 noter que si Ralf Schumacher rend r\u00e9guli\u00e8rement hommage \u00e0 son fr\u00e8re a\u00een\u00e9, il reste mutique quant \u00e0 son \u00e9tat, lui qui est toujours en soin. \u00ab\u00a0Michael a souvent eu de la chance dans sa vie, puis il y a eu cet accident. <strong>Heureusement, les moyens m\u00e9dicaux modernes ont permis de faire beaucoup de choses.<\/strong> Mais malgr\u00e9 cela, rien n&rsquo;est plus comme avant\u00a0\u00bb, avait-il d\u00e9clar\u00e9 en interview.<\/p>\n","protected":false},"excerpt":{"rendered":"Par Liane Lazaar | R\u00e9dactrice Liane Lazaar est r\u00e9dactrice web rattach\u00e9e au p\u00f4le TV de Purepeople.com. Elle conna\u00eet&hellip;\n","protected":false},"author":2,"featured_media":364202,"comment_status":"","ping_status":"","sticky":false,"template":"","format":"standard","meta":{"footnotes":""},"categories":[1412],"tags":[1451,1452,1453,1454,1455,1011,27,60],"class_list":{"0":"post-364201","1":"post","2":"type-post","3":"status-publish","4":"format-standard","5":"has-post-thumbnail","7":"category-f1","8":"tag-f1","9":"tag-formula-1","10":"tag-formula1","11":"tag-formule-1","12":"tag-formule1","13":"tag-fr","14":"tag-france","15":"tag-sports"},"share_on_mastodon":{"url":"https:\/\/pubeurope.com\/@fr\/115142543602717016","error":""},"_links":{"self":[{"href":"https:\/\/www.europesays.com\/fr\/wp-json\/wp\/v2\/posts\/364201","targetHints":{"allow":["GET"]}}],"collection":[{"href":"https:\/\/www.europesays.com\/fr\/wp-json\/wp\/v2\/posts"}],"about":[{"href":"https:\/\/www.europesays.com\/fr\/wp-json\/wp\/v2\/types\/post"}],"author":[{"embeddable":true,"href":"https:\/\/www.europesays.com\/fr\/wp-json\/wp\/v2\/users\/2"}],"replies":[{"embeddable":true,"href":"https:\/\/www.europesays.com\/fr\/wp-json\/wp\/v2\/comments?post=364201"}],"version-history":[{"count":0,"href":"https:\/\/www.europesays.com\/fr\/wp-json\/wp\/v2\/posts\/364201\/revisions"}],"wp:featuredmedia":[{"embeddable":true,"href":"https:\/\/www.europesays.com\/fr\/wp-json\/wp\/v2\/media\/364202"}],"wp:attachment":[{"href":"https:\/\/www.europesays.com\/fr\/wp-json\/wp\/v2\/media?parent=364201"}],"wp:term":[{"taxonomy":"category","embeddable":true,"href":"https:\/\/www.europesays.com\/fr\/wp-json\/wp\/v2\/categories?post=364201"},{"taxonomy":"post_tag","embeddable":true,"href":"https:\/\/www.europesays.com\/fr\/wp-json\/wp\/v2\/tags?post=364201"}],"curies":[{"name":"wp","href":"https:\/\/api.w.org\/{rel}","templated":true}]}}