{"id":364203,"date":"2025-09-03T21:42:14","date_gmt":"2025-09-03T21:42:14","guid":{"rendered":"https:\/\/www.europesays.com\/fr\/364203\/"},"modified":"2025-09-03T21:42:14","modified_gmt":"2025-09-03T21:42:14","slug":"luci-condamne-fermement-les-manifestations-qui-ont-conduit-a-la-neutralisation-de-la-11e-etape-de-la-vuelta-lequipe","status":"publish","type":"post","link":"https:\/\/www.europesays.com\/fr\/364203\/","title":{"rendered":"L&#039;UCI \u00abcondamne fermement\u00bb les manifestations qui ont conduit \u00e0 la neutralisation de la 11e \u00e9tape de la Vuelta &#8211; L&#039;\u00c9quipe"},"content":{"rendered":"<ol>\n<li><a href=\"https:\/\/news.google.com\/rss\/articles\/CBMi_gFBVV95cUxNVE9ZX1JUN3pra1YzdUpKMkhxWWc3N2FOclFuUDdxbmtWd0dHcHVOM3ljdkx0MHp2cHBwV19ZRnNndXdZaWpQcXltM21lZEY0RUxmSHhzRGVGR3JWT1RwczFQb3M2bGw5dG1MY0o3RFUzaGJmeE1UemZLY0lyNy1ydVE3OHFTWE5qTWVqMG40WFl1MEk3bzd5OTV3bDNaQWxuRmV0dWdqcFBoMHRVemY3bHlOMmU0VDN0RGF2T21WYkgtajBFSUVZRmZQUk9wX0J2UURmOHR5RkR6SUdnTzBDamZDN1ZqMm0waXNvcUgtMnM2dGphQVQxVkhDXzlOdw?oc=5\" target=\"_blank\" rel=\"nofollow noopener\">L&rsquo;UCI \u00abcondamne fermement\u00bb les manifestations qui ont conduit \u00e0 la neutralisation de la 11e \u00e9tape de la Vuelta<\/a>&nbsp;&nbsp;L&rsquo;\u00c9quipe<\/li>\n<li><a href=\"https:\/\/news.google.com\/rss\/articles\/CBMi9wFBVV95cUxNWDg1OXFyOGFvdmR6R3pGdkt6MzMtWUtpRUZyWXlKaUxzRlp4bnFUcTg3Ny1xUzRlTXRnb3dnVXhjUnpmZlAyM2hDbVM0dEJGc1Nnam92eFVMR1Z0c0ZNSXFjc2RobTNzdXBoaWE2cm1SWjcyWC1pdlRDZlRINWdqYzVGb2xGRGYyLVkyQU9OLWNxMEpOVllVR1daaWhCcWlkaUFIa1EzLXdCeFRfWldab0pYRkZPY19Nb01oVjItRUIyMzJhU0ZBOWZrWjNOVW1nbmVfMVd3LTd1TDJaaXZjRTlsWDlXWW1qa2duZUYyeXc3X2NtMlJB?oc=5\" target=\"_blank\" rel=\"nofollow noopener\">\u00ab C&rsquo;\u00e9tait chaud, il fallait prendre une d\u00e9cision rapidement \u00bb : le conflit isra\u00e9lo-palestinien \u00e9branle la Vuelta<\/a>&nbsp;&nbsp;L&rsquo;\u00c9quipe<\/li>\n<li><a href=\"https:\/\/news.google.com\/rss\/articles\/CBMihwJBVV95cUxNTFZLSHBRTlNZdS1vWDNLbUtBdmlUbEJDS0ZTNlUtbldvLUZvaEpaaGdHdWlJcDNkYkJkQVBfVmVmWXVZWXpJNVNLaGlHd1lBeUUxTUowS0hsblFRRDI0WDZHUFIwMmJzSUJTckFlenY3LVdxa0VrMTRYZUtja1ROOXYtODdTaXNvVUlSTmYtSFdYNnFhc0k1QklMYnY4SldPajRtWjZnVFNGajllWFBGSzBnTWtmb3QyN1NQck5tTGd2NXFNS3BpbzE5WF9VMGgtNzNkR1RLbmpWRGFDdURnTndUNWNlYzRmLXJqbnJJRjVPMGlVSkUyWnNZNDBCX2lYUEZJZDhJRQ?oc=5\" target=\"_blank\" rel=\"nofollow noopener\">Tour d&rsquo;Espagne 2025 | Israel-Premier Tech \u00ab\u00a0reste d\u00e9termin\u00e9e \u00e0 participer : toute autre d\u00e9cision cr\u00e9erait\u00a0\u00bb<\/a>&nbsp;&nbsp;Eurosport<\/li>\n<li><a href=\"https:\/\/news.google.com\/rss\/articles\/CBMi7AFBVV95cUxPOV9ZdTk5aEpZWXBQei1Idkk2Wk1xNzFZUUhnM0d4Wm82MmdLQ05OUUpYQk5Dc1lGUjRnQ0UtcHMwZHVlajN2RGc0VDJQYm5rWWV6c3hZVzNyUnpDa2hfVDBhdFUwWnNEN0YxS0RsZ0dabE0wMGxXUGhmUTFQcGJldmJFTGVPMjAzcGtCdVhmSk5reTY3RDRNWVNiS2NldU5QWm0yQ3B4RF80WDUyNEx0RTBrNEtsQ2IxWVpEM3UwOHFPTG9xUHlWUHd6d2lLTmRRN3p3ZlYxc1hPOFBKLWlINkJqWUFteElrQXRUdg?oc=5\" target=\"_blank\" rel=\"nofollow noopener\">La 11\u1d49 \u00e9tape de la Vuelta \u00e9court\u00e9e en raison d\u2019une manifestation propalestinienne \u00e0 Bilbao<\/a>&nbsp;&nbsp;Le Monde.fr<\/li>\n<li><a href=\"https:\/\/news.google.com\/rss\/articles\/CBMijAJBVV95cUxPNTdERmk4R183SUl0S3U0N2ZTVjc5NGQzSjBZeTl4b2x4blB4U0ZCQkl3aVUwUERWMDJqNFJMUHFPUmxVMDhQQWN5VTBOUVR2VWlKNWgxTHNjbnVUSkU0dTQ0V0ZWVGYtWEl3Z3NOb3QxSkpLdDlJMzJ2ZjdTeGRYcng5d3FGWktCVkZoYnctLXB0UmNZQjM2M0stN2VPVTY5cF9EM1J1aTM1YmN5RzMzZFNsZFhwZl9jVmtrZzNQZ0cwczkwU3M2ZDQwM1BZTXd4WnphdXlwcTdCRlVkNm83UVJETkdKVm9INjhPZzNObE9hM1REcm9ueWZnakNXZ3ZLb3R3UDE5RURMN1d6?oc=5\" target=\"_blank\" rel=\"nofollow noopener\">Ce que l\u2019on sait des incidents li\u00e9s \u00e0 des manifestations pro-palestiniennes sur le Tour d\u2019Espagne<\/a>&nbsp;&nbsp;RTL.fr<\/li>\n<\/ol>\n","protected":false},"excerpt":{"rendered":"L&rsquo;UCI \u00abcondamne fermement\u00bb les manifestations qui ont conduit \u00e0 la neutralisation de la 11e \u00e9tape de la Vuelta&nbsp;&nbsp;L&rsquo;\u00c9quipe&hellip;\n","protected":false},"author":2,"featured_media":1445,"comment_status":"","ping_status":"","sticky":false,"template":"","format":"standard","meta":{"footnotes":""},"categories":[1411],"tags":[1154,207,1011,27,60],"class_list":{"0":"post-364203","1":"post","2":"type-post","3":"status-publish","4":"format-standard","5":"has-post-thumbnail","7":"category-cyclisme","8":"tag-cycling","9":"tag-cyclisme","10":"tag-fr","11":"tag-france","12":"tag-sports"},"share_on_mastodon":{"url":"https:\/\/pubeurope.com\/@fr\/115142547457420009","error":""},"_links":{"self":[{"href":"https:\/\/www.europesays.com\/fr\/wp-json\/wp\/v2\/posts\/364203","targetHints":{"allow":["GET"]}}],"collection":[{"href":"https:\/\/www.europesays.com\/fr\/wp-json\/wp\/v2\/posts"}],"about":[{"href":"https:\/\/www.europesays.com\/fr\/wp-json\/wp\/v2\/types\/post"}],"author":[{"embeddable":true,"href":"https:\/\/www.europesays.com\/fr\/wp-json\/wp\/v2\/users\/2"}],"replies":[{"embeddable":true,"href":"https:\/\/www.europesays.com\/fr\/wp-json\/wp\/v2\/comments?post=364203"}],"version-history":[{"count":0,"href":"https:\/\/www.europesays.com\/fr\/wp-json\/wp\/v2\/posts\/364203\/revisions"}],"wp:featuredmedia":[{"embeddable":true,"href":"https:\/\/www.europesays.com\/fr\/wp-json\/wp\/v2\/media\/1445"}],"wp:attachment":[{"href":"https:\/\/www.europesays.com\/fr\/wp-json\/wp\/v2\/media?parent=364203"}],"wp:term":[{"taxonomy":"category","embeddable":true,"href":"https:\/\/www.europesays.com\/fr\/wp-json\/wp\/v2\/categories?post=364203"},{"taxonomy":"post_tag","embeddable":true,"href":"https:\/\/www.europesays.com\/fr\/wp-json\/wp\/v2\/tags?post=364203"}],"curies":[{"name":"wp","href":"https:\/\/api.w.org\/{rel}","templated":true}]}}