{"id":364204,"date":"2025-09-03T21:43:10","date_gmt":"2025-09-03T21:43:10","guid":{"rendered":"https:\/\/www.europesays.com\/fr\/364204\/"},"modified":"2025-09-03T21:43:10","modified_gmt":"2025-09-03T21:43:10","slug":"des-joueurs-pourraient-encore-quitter-lol","status":"publish","type":"post","link":"https:\/\/www.europesays.com\/fr\/364204\/","title":{"rendered":"des joueurs pourraient encore quitter l\u2019OL"},"content":{"rendered":"<p>Le mercato de l\u2019Olympique Lyonnais n\u2019est peut-\u00eatre pas termin\u00e9. Le directeur sportif Matthieu Louis-Jean a confi\u00e9 que les Gones se laissaient le temps de la r\u00e9flexion concernant la venue d\u2019un joker. <\/p>\n<p>            La suite apr\u00e8s cette publicit\u00e9<\/p>\n<p>Mais le dirigeant a aussi confirm\u00e9 la possibilit\u00e9 de voir des d\u00e9parts se produire. \u00ab\u00a0Des sorties ? C\u2019est possible qu\u2019un joueur, voire deux, parte, parce qu\u2019il y a des march\u00e9s encore ouverts\u00a0\u00bb. C\u2019est le cas de l\u2019Arabie saoudite, de la Russie, de la Turquie <a href=\"https:\/\/www.footmercato.net\/a1896059709502566398-ces-pays-ou-le-mercato-est-encore-ouvert?preview=0.6571352681047974\" rel=\"nofollow noopener\" target=\"_blank\">et de plusieurs autres pays<\/a>.<\/p>\n<p>\n    Pub. le 03\/09\/2025 22:29<br \/>\n            &#8211; MAJ le 03\/09\/2025 23:34\n    <\/p>\n","protected":false},"excerpt":{"rendered":"Le mercato de l\u2019Olympique Lyonnais n\u2019est peut-\u00eatre pas termin\u00e9. Le directeur sportif Matthieu Louis-Jean a confi\u00e9 que les&hellip;\n","protected":false},"author":2,"featured_media":364205,"comment_status":"","ping_status":"","sticky":false,"template":"","format":"standard","meta":{"footnotes":""},"categories":[1410],"tags":[63,1011,27,60],"class_list":{"0":"post-364204","1":"post","2":"type-post","3":"status-publish","4":"format-standard","5":"has-post-thumbnail","7":"category-football","8":"tag-football","9":"tag-fr","10":"tag-france","11":"tag-sports"},"share_on_mastodon":{"url":"https:\/\/pubeurope.com\/@fr\/115142551455636798","error":""},"_links":{"self":[{"href":"https:\/\/www.europesays.com\/fr\/wp-json\/wp\/v2\/posts\/364204","targetHints":{"allow":["GET"]}}],"collection":[{"href":"https:\/\/www.europesays.com\/fr\/wp-json\/wp\/v2\/posts"}],"about":[{"href":"https:\/\/www.europesays.com\/fr\/wp-json\/wp\/v2\/types\/post"}],"author":[{"embeddable":true,"href":"https:\/\/www.europesays.com\/fr\/wp-json\/wp\/v2\/users\/2"}],"replies":[{"embeddable":true,"href":"https:\/\/www.europesays.com\/fr\/wp-json\/wp\/v2\/comments?post=364204"}],"version-history":[{"count":0,"href":"https:\/\/www.europesays.com\/fr\/wp-json\/wp\/v2\/posts\/364204\/revisions"}],"wp:featuredmedia":[{"embeddable":true,"href":"https:\/\/www.europesays.com\/fr\/wp-json\/wp\/v2\/media\/364205"}],"wp:attachment":[{"href":"https:\/\/www.europesays.com\/fr\/wp-json\/wp\/v2\/media?parent=364204"}],"wp:term":[{"taxonomy":"category","embeddable":true,"href":"https:\/\/www.europesays.com\/fr\/wp-json\/wp\/v2\/categories?post=364204"},{"taxonomy":"post_tag","embeddable":true,"href":"https:\/\/www.europesays.com\/fr\/wp-json\/wp\/v2\/tags?post=364204"}],"curies":[{"name":"wp","href":"https:\/\/api.w.org\/{rel}","templated":true}]}}