{"id":364206,"date":"2025-09-03T21:44:10","date_gmt":"2025-09-03T21:44:10","guid":{"rendered":"https:\/\/www.europesays.com\/fr\/364206\/"},"modified":"2025-09-03T21:44:10","modified_gmt":"2025-09-03T21:44:10","slug":"ce-que-lon-sait-de-la-reunion-sur-la-succession-dalain-delon","status":"publish","type":"post","link":"https:\/\/www.europesays.com\/fr\/364206\/","title":{"rendered":"Ce que l&rsquo;on sait de la r\u00e9union sur la succession d\u2019Alain Delon"},"content":{"rendered":"<p>                        <a class=\"author\" href=\"https:\/\/www.parismatch.com\/auteurs\/laurence-pieau\" rel=\"nofollow noopener\" target=\"_blank\">Laurence Pieau<\/a><br \/>\n        03\/09\/2025 \u00e0 21:42, Mis \u00e0 jour le 03\/09\/2025 \u00e0 21:52<\/p>\n<p class=\"intro\">Apr\u00e8s avoir assign\u00e9 son fr\u00e8re Anthony et sa s\u0153ur, Anouchka, Alain-Fabien a expliqu\u00e9 ses motivations. Il conteste le testament du 24\u00a0novembre 2022.<\/p>\n<p>Pendant quatre longues heures ce 3\u00a0septembre, le dernier des Delon est venu accompagn\u00e9 de son avocate Florence Watrin \u00e0 la r\u00e9union organis\u00e9e avec les trois ex\u00e9cuteurs testamentaires de la succession Delon. Objet de la r\u00e9union\u00a0: qu\u2019<a href=\"https:\/\/www.parismatch.com\/People\/testament-dalain-delon-alain-fabien-veut-assigner-son-frere-et-sa-soeur-anthony-et-anouchka-256416\" rel=\"nofollow noopener\" target=\"_blank\">Alain Fabien explique les raisons qui ont motiv\u00e9 sa r\u00e9cente plainte, demandant l\u2019annulation du testament du 24\u00a0novembre 2022<\/a> ainsi que l\u2019annulation d\u2019une donation effectu\u00e9e le 22\u00a0f\u00e9vrier 2023 attribuant \u00e0 Anouchka 51\u00a0% des parts d\u2019Adid (Alain Delon International Distribution), elle qui en d\u00e9tenait d\u00e9j\u00e0 49\u00a0%. Adid est la soci\u00e9t\u00e9 qui d\u00e9tient la marque et les droits \u00e0 l\u2019image d\u2019Alain Delon.<\/p>\n<p>Dans une longue explication qui transpirait son mal-\u00eatre, <a href=\"https:\/\/www.parismatch.com\/People\/alain-fabien-delon-sa-compagne-laura-critiquee-sous-ses-photos-post-accouchement-elle-replique-254382\" rel=\"nofollow noopener\" target=\"_blank\">Alain-Fabien, d\u00e9sormais papa<\/a>, a assur\u00e9 que sa motivation n\u2019\u00e9tait nullement p\u00e9cuniaire.<\/p>\n<p>    La suite apr\u00e8s cette publicit\u00e9<\/p>\n<p>Une premi\u00e8re audience le 9\u00a0mars prochain<\/p>\n<p>C\u2019est en effet le droit moral qu\u2019Alain-Fabien &#8211; qui se fait d\u00e9sormais appeler Alain &#8211; demande \u00e0 partager avec ses fr\u00e8re et s\u0153ur. Un droit qui est actuellement exclusivement g\u00e9r\u00e9 par sa s\u0153ur Anouchka. Ne pas avoir son mot \u00e0 dire sur tout ce qui pourrait toucher \u00e0 l\u2019image de son p\u00e8re lui est, argue-t-il, insupportable.<\/p>\n<p>    La suite apr\u00e8s cette publicit\u00e9<\/p>\n<p>Le 9\u00a0mars prochain, une premi\u00e8re audience civile devrait se d\u00e9rouler devant le tribunal judiciaire de Paris. Lors de cette audience, le Tribunal devra examiner les pi\u00e8ces produites par les diff\u00e9rentes parties. Il est tr\u00e8s probable qu\u2019\u00e0 l\u2019issue de cette audience, le tribunal d\u00e9signe alors un expert, voire un coll\u00e8ge d\u2019experts, charg\u00e9s d\u2019examiner les nombreux rapports m\u00e9dicaux r\u00e9alis\u00e9s de 2019 \u00e0 2024, les six ann\u00e9es pr\u00e9c\u00e9dant la mort de l\u2019acteur.<\/p>\n<p>Alain Delon avait-il en\u00a02022 et\u00a02023 le discernement suffisant pour r\u00e9diger un testament et faire une donation\u00a0? Les experts devront trancher. Si, au terme de leur expertise, le plein discernement n\u2019est pas \u00e9tabli, Alain Fabien pourrait alors obtenir 25\u00a0% d\u2019Adid. Les 75\u00a0% restants seraient alors r\u00e9partis pour 50\u00a0% \u00e0 Anouchka et 25\u00a0% \u00e0 Anthony.<\/p>\n","protected":false},"excerpt":{"rendered":"Laurence Pieau 03\/09\/2025 \u00e0 21:42, Mis \u00e0 jour le 03\/09\/2025 \u00e0 21:52 Apr\u00e8s avoir assign\u00e9 son fr\u00e8re Anthony&hellip;\n","protected":false},"author":2,"featured_media":364207,"comment_status":"","ping_status":"","sticky":false,"template":"","format":"standard","meta":{"footnotes":""},"categories":[1359],"tags":[58,59,1011,27,973],"class_list":{"0":"post-364206","1":"post","2":"type-post","3":"status-publish","4":"format-standard","5":"has-post-thumbnail","7":"category-people","8":"tag-divertissement","9":"tag-entertainment","10":"tag-fr","11":"tag-france","12":"tag-people"},"share_on_mastodon":{"url":"https:\/\/pubeurope.com\/@fr\/115142555832588690","error":""},"_links":{"self":[{"href":"https:\/\/www.europesays.com\/fr\/wp-json\/wp\/v2\/posts\/364206","targetHints":{"allow":["GET"]}}],"collection":[{"href":"https:\/\/www.europesays.com\/fr\/wp-json\/wp\/v2\/posts"}],"about":[{"href":"https:\/\/www.europesays.com\/fr\/wp-json\/wp\/v2\/types\/post"}],"author":[{"embeddable":true,"href":"https:\/\/www.europesays.com\/fr\/wp-json\/wp\/v2\/users\/2"}],"replies":[{"embeddable":true,"href":"https:\/\/www.europesays.com\/fr\/wp-json\/wp\/v2\/comments?post=364206"}],"version-history":[{"count":0,"href":"https:\/\/www.europesays.com\/fr\/wp-json\/wp\/v2\/posts\/364206\/revisions"}],"wp:featuredmedia":[{"embeddable":true,"href":"https:\/\/www.europesays.com\/fr\/wp-json\/wp\/v2\/media\/364207"}],"wp:attachment":[{"href":"https:\/\/www.europesays.com\/fr\/wp-json\/wp\/v2\/media?parent=364206"}],"wp:term":[{"taxonomy":"category","embeddable":true,"href":"https:\/\/www.europesays.com\/fr\/wp-json\/wp\/v2\/categories?post=364206"},{"taxonomy":"post_tag","embeddable":true,"href":"https:\/\/www.europesays.com\/fr\/wp-json\/wp\/v2\/tags?post=364206"}],"curies":[{"name":"wp","href":"https:\/\/api.w.org\/{rel}","templated":true}]}}