{"id":364208,"date":"2025-09-03T21:45:28","date_gmt":"2025-09-03T21:45:28","guid":{"rendered":"https:\/\/www.europesays.com\/fr\/364208\/"},"modified":"2025-09-03T21:45:28","modified_gmt":"2025-09-03T21:45:28","slug":"une-ancienne-usine-avec-voutes-en-etoile-et-persiennes-marocaines","status":"publish","type":"post","link":"https:\/\/www.europesays.com\/fr\/364208\/","title":{"rendered":"Une ancienne usine avec vo\u00fbtes en \u00e9toile et persiennes marocaines"},"content":{"rendered":"<p><strong>Une ancienne usine pr\u00e8s de Lecce se transforme en une maison aux persiennes marocaines et aux charmantes vo\u00fbtes en \u00e9toile.<\/strong><\/p>\n<p>De tr\u00e8s hauts <a href=\"https:\/\/www.admagazine.fr\/advisitesprivees\/article\/appartement-creatifs-plafonds-voutes-baigne-lumiere\" rel=\"nofollow noopener\" target=\"_blank\">plafonds<\/a> en \u00e9toile, une petite lucarne qui, aujourd\u2019hui, diffuse une lumi\u00e8re po\u00e9tique \u00e0 l\u2019heure du d\u00e9jeuner, tombant sur la longue table o\u00f9 se r\u00e9unit la famille. \u00c0 l\u2019ext\u00e9rieur, une douce brise effleure les branches du caroubier dans la cour ensoleill\u00e9e, garantissant intimit\u00e9 et silence face \u00e0 la rue. Nous sommes \u00e0 Trepuzzi, un village \u00e0 quelques minutes de Lecce, dans ce qui fut autrefois une usine et qui accueille d\u00e9sormais la nouvelle g\u00e9n\u00e9ration de la m\u00eame famille, mais comme maison.<\/p>\n<p>La chemin\u00e9e contemporaine sert \u00e9galement \u00e0 s\u00e9parer la cuisine\/salle \u00e0 manger du salon. \u00c0 gauche, on aper\u00e7oit la <a href=\"https:\/\/www.admagazine.fr\/adinspiration\/article\/chambre-mezzanine-architectes\" rel=\"nofollow noopener\" target=\"_blank\">mezzanine<\/a>. La lucarne est d\u2019origine. Sol en terre cuite Cotto d\u2019Este, chemin\u00e9e Palazzatti recouverte de dalles Laminam, table et chaises en laiton Romeo Rega.<\/p>\n<p>Foto Daniele NotaroD\u2019ancienne usine \u00e0 maison familiale<\/p>\n<p>\u00ab Cette structure, aux plafonds majestueux de six m\u00e8tres, avec des vo\u00fbtes en \u00e9toile et des piliers porteurs, avait \u00e9t\u00e9 con\u00e7ue comme une usine, mais on ne sait pas exactement si elle \u00e9tait destin\u00e9e \u00e0 moudre le bl\u00e9 ou si c\u2019\u00e9tait un moulin \u00e0 huile. Ce qui est certain, c\u2019est qu\u2019elle est ensuite devenue l\u2019<a href=\"https:\/\/www.admagazine.fr\/article\/atelier-couple-dartistes-paris-brutaliste\" rel=\"nofollow noopener\" target=\"_blank\">atelier<\/a> d\u2019un \u00e9b\u00e9niste r\u00e9put\u00e9 de la r\u00e9gion, dont mes clients, aujourd\u2019hui propri\u00e9taires, sont les petits-enfants \u00bb, explique Sara Lagna, architecte bas\u00e9e \u00e0 Galatina, charg\u00e9e de transformer ce lieu de production en r\u00e9sidence contemporaine. Le complexe occupait autrefois tout un p\u00e2t\u00e9 de maisons et a \u00e9t\u00e9 divis\u00e9 pour cr\u00e9er une habitation de 150 m\u00e8tres carr\u00e9s. \u00ab Le travail de changement d\u2019affectation s\u2019est r\u00e9v\u00e9l\u00e9 complexe, non pas tant en raison des permis que par l\u2019imagination n\u00e9cessaire pour inventer de nouveaux flux et fonctions domestiques. Il n\u2019y avait aucun <a href=\"https:\/\/www.admagazine.fr\/article\/meilleures-idees-eclairage-salon\" rel=\"nofollow noopener\" target=\"_blank\">\u00e9clairage<\/a> naturel, hormis une lucarne ; l\u2019endroit \u00e9tait sombre, marqu\u00e9 par une succession de trav\u00e9es typiques des usines locales. \u00bb<\/p>\n<p>La chemin\u00e9e \u00e9tait un \u00e9l\u00e9ment incontournable pour les propri\u00e9taires. Le conduit de fum\u00e9e peint en noir cr\u00e9e un contraste inhabituel avec les vo\u00fbtes blanches.<\/p>\n<p>Foto Daniele NotaroUne vo\u00fbte d\u00e9molie pour cr\u00e9er une cour<\/p>\n<p>L\u2019id\u00e9e d\u00e9cisive a \u00e9t\u00e9 la d\u00e9molition de l\u2019une des vo\u00fbtes en \u00e9toile pour cr\u00e9er une cour, apportant \u00e0 la maison lumi\u00e8re et calme face au bruit de la rue. Une d\u00e9cision \u00ab difficile \u00bb, selon Sara Lagna, mais qui s\u2019est r\u00e9v\u00e9l\u00e9e payante. \u00ab Nous avons d\u00e9moli une vo\u00fbte pour <a href=\"https:\/\/www.admagazine.fr\/article\/reduire-anxiete-amenagement-interieur\" rel=\"nofollow noopener\" target=\"_blank\">am\u00e9nager<\/a> une cour int\u00e9rieure devant la maison, s\u00e9parant ainsi la porte d\u2019entr\u00e9e de celle de l\u2019habitation, avec des cons\u00e9quences vraiment tr\u00e8s int\u00e9ressantes. \u00bb Un caroubier y a \u00e9t\u00e9 plant\u00e9 pour \u00e9tablir un lien explicite avec la nature environnante, tandis que le \u00ab coin de ciel \u00bb ouvert par la d\u00e9molition de la vo\u00fbte garantit un contact visuel avec l\u2019azur depuis chaque pi\u00e8ce. \u00ab Parfois, en \u00e9t\u00e9, \u00e0 un endroit pr\u00e9cis, cette ouverture encadre la pleine lune, ce qui me confirme que le choix \u00e9tait le bon. \u00bb La cr\u00e9ation de <a href=\"https:\/\/www.admagazine.fr\/article\/feng-shui-regle-or-fenetres\" rel=\"nofollow noopener\" target=\"_blank\">fen\u00eatres<\/a> sur toute la hauteur, jamais tourn\u00e9es vers la rue, a \u00e9galement \u00e9t\u00e9 pens\u00e9e pour pr\u00e9server l\u2019intimit\u00e9, la discr\u00e9tion et le silence de l\u2019espace domestique.<\/p>\n","protected":false},"excerpt":{"rendered":"Une ancienne usine pr\u00e8s de Lecce se transforme en une maison aux persiennes marocaines et aux charmantes vo\u00fbtes&hellip;\n","protected":false},"author":2,"featured_media":364209,"comment_status":"","ping_status":"","sticky":false,"template":"","format":"standard","meta":{"footnotes":""},"categories":[1358],"tags":[1348,1384,1385,1386,58,59,1011,27,452],"class_list":{"0":"post-364208","1":"post","2":"type-post","3":"status-publish","4":"format-standard","5":"has-post-thumbnail","7":"category-arts-et-design","8":"tag-arts","9":"tag-arts-and-design","10":"tag-arts-et-design","11":"tag-design","12":"tag-divertissement","13":"tag-entertainment","14":"tag-fr","15":"tag-france","16":"tag-italie"},"share_on_mastodon":{"url":"https:\/\/pubeurope.com\/@fr\/115142559272963690","error":""},"_links":{"self":[{"href":"https:\/\/www.europesays.com\/fr\/wp-json\/wp\/v2\/posts\/364208","targetHints":{"allow":["GET"]}}],"collection":[{"href":"https:\/\/www.europesays.com\/fr\/wp-json\/wp\/v2\/posts"}],"about":[{"href":"https:\/\/www.europesays.com\/fr\/wp-json\/wp\/v2\/types\/post"}],"author":[{"embeddable":true,"href":"https:\/\/www.europesays.com\/fr\/wp-json\/wp\/v2\/users\/2"}],"replies":[{"embeddable":true,"href":"https:\/\/www.europesays.com\/fr\/wp-json\/wp\/v2\/comments?post=364208"}],"version-history":[{"count":0,"href":"https:\/\/www.europesays.com\/fr\/wp-json\/wp\/v2\/posts\/364208\/revisions"}],"wp:featuredmedia":[{"embeddable":true,"href":"https:\/\/www.europesays.com\/fr\/wp-json\/wp\/v2\/media\/364209"}],"wp:attachment":[{"href":"https:\/\/www.europesays.com\/fr\/wp-json\/wp\/v2\/media?parent=364208"}],"wp:term":[{"taxonomy":"category","embeddable":true,"href":"https:\/\/www.europesays.com\/fr\/wp-json\/wp\/v2\/categories?post=364208"},{"taxonomy":"post_tag","embeddable":true,"href":"https:\/\/www.europesays.com\/fr\/wp-json\/wp\/v2\/tags?post=364208"}],"curies":[{"name":"wp","href":"https:\/\/api.w.org\/{rel}","templated":true}]}}