{"id":364212,"date":"2025-09-03T21:47:11","date_gmt":"2025-09-03T21:47:11","guid":{"rendered":"https:\/\/www.europesays.com\/fr\/364212\/"},"modified":"2025-09-03T21:47:11","modified_gmt":"2025-09-03T21:47:11","slug":"arte-journal-03-09-2025-la-chine-sarme-mercosur-mostra-de-venise-regarder-lemission-complete","status":"publish","type":"post","link":"https:\/\/www.europesays.com\/fr\/364212\/","title":{"rendered":"ARTE Journal &#8211; 03\/09\/2025 &#8211; La Chine s&rsquo;arme \/ Mercosur \/ Mostra de Venise &#8211; Regarder l\u2019\u00e9mission compl\u00e8te"},"content":{"rendered":"<p>A l&rsquo;issue d&rsquo;un gigantesque d\u00e9fil\u00e9 militaire au centre de P\u00e9kin en pr\u00e9sence de Vladimir Poutine et Kim Jong Un, le pr\u00e9sident chinois Xi Jinping a d\u00e9clar\u00e9 que la Chine \u00e9tait d\u00e9sormais \u00ab\u00a0inarr\u00eatable\u00a0\u00bb \/ La commission europ\u00e9enne a valid\u00e9 ce mercredi l&rsquo;accord de libre-\u00e9change avec les pays latino-am\u00e9ricains du Mercosur, tout en s&rsquo;engageant \u00e0 intervenir en cas d&rsquo;impact n\u00e9gatif sur certaines fili\u00e8res \/ Au festival du film de Venise, Gianfranco Rosi pr\u00e9sente son nouveau documentaire sur Naples,\u00a0\u00ab\u00a0Pompei, sotto le nuvole\u00a0\u00bb.<\/p>\n","protected":false},"excerpt":{"rendered":"A l&rsquo;issue d&rsquo;un gigantesque d\u00e9fil\u00e9 militaire au centre de P\u00e9kin en pr\u00e9sence de Vladimir Poutine et Kim Jong&hellip;\n","protected":false},"author":2,"featured_media":364213,"comment_status":"","ping_status":"","sticky":false,"template":"","format":"standard","meta":{"footnotes":""},"categories":[1356],"tags":[58,59,1011,27,252,1364],"class_list":{"0":"post-364212","1":"post","2":"type-post","3":"status-publish","4":"format-standard","5":"has-post-thumbnail","7":"category-television","8":"tag-divertissement","9":"tag-entertainment","10":"tag-fr","11":"tag-france","12":"tag-television","13":"tag-tv"},"share_on_mastodon":{"url":"https:\/\/pubeurope.com\/@fr\/115142567228272165","error":""},"_links":{"self":[{"href":"https:\/\/www.europesays.com\/fr\/wp-json\/wp\/v2\/posts\/364212","targetHints":{"allow":["GET"]}}],"collection":[{"href":"https:\/\/www.europesays.com\/fr\/wp-json\/wp\/v2\/posts"}],"about":[{"href":"https:\/\/www.europesays.com\/fr\/wp-json\/wp\/v2\/types\/post"}],"author":[{"embeddable":true,"href":"https:\/\/www.europesays.com\/fr\/wp-json\/wp\/v2\/users\/2"}],"replies":[{"embeddable":true,"href":"https:\/\/www.europesays.com\/fr\/wp-json\/wp\/v2\/comments?post=364212"}],"version-history":[{"count":0,"href":"https:\/\/www.europesays.com\/fr\/wp-json\/wp\/v2\/posts\/364212\/revisions"}],"wp:featuredmedia":[{"embeddable":true,"href":"https:\/\/www.europesays.com\/fr\/wp-json\/wp\/v2\/media\/364213"}],"wp:attachment":[{"href":"https:\/\/www.europesays.com\/fr\/wp-json\/wp\/v2\/media?parent=364212"}],"wp:term":[{"taxonomy":"category","embeddable":true,"href":"https:\/\/www.europesays.com\/fr\/wp-json\/wp\/v2\/categories?post=364212"},{"taxonomy":"post_tag","embeddable":true,"href":"https:\/\/www.europesays.com\/fr\/wp-json\/wp\/v2\/tags?post=364212"}],"curies":[{"name":"wp","href":"https:\/\/api.w.org\/{rel}","templated":true}]}}