{"id":364214,"date":"2025-09-03T21:48:15","date_gmt":"2025-09-03T21:48:15","guid":{"rendered":"https:\/\/www.europesays.com\/fr\/364214\/"},"modified":"2025-09-03T21:48:15","modified_gmt":"2025-09-03T21:48:15","slug":"lady-gaga-se-prend-pour-une-poupee-dans-le-clip-de-the-dead-dance-pour-la-serie-netflix-mercredi","status":"publish","type":"post","link":"https:\/\/www.europesays.com\/fr\/364214\/","title":{"rendered":"Lady Gaga se prend pour une poup\u00e9e dans le clip de \u00ab The Dead Dance\u00a0\u00bb pour la s\u00e9rie Netflix \u00ab\u00a0Mercredi\u00a0\u00bb"},"content":{"rendered":"<p>        <img decoding=\"async\" loading=\"lazy\" src=\"https:\/\/www.europesays.com\/fr\/wp-content\/uploads\/2025\/09\/b4df7ab_upload-1-wjuh2gkxdfc7-capture-da-a-cran-2025-09-03-214233.png\"  width=\"728\" height=\"410\" alt=\"Aussi terrifiante qu\u2019amusante, cette chanson de Lady Gaga colle parfaitement aux codes de la s\u00e9rie imagin\u00e9e par Tim Burton.\"\/>  <\/p>\n<p>Capture d\u2019\u00e9cran Youtube<\/p>\n<p>Aussi terrifiante qu\u2019amusante, cette chanson de Lady Gaga colle parfaitement aux codes de la s\u00e9rie imagin\u00e9e par Tim Burton.<\/p>\n<p class=\"asset asset-text\">MUSIQUE &#8211; Tim Burton et Lady Gaga ont r\u00e9serv\u00e9 une belle surprise aux fans de la Famille Adams. \u00c0 l\u2019occasion de la sortie, ce mercredi 3\u00a0septembre, de <a href=\"https:\/\/www.huffingtonpost.fr\/culture\/video\/mercredi-sur-netflix-on-sait-enfin-quand-sortira-la-saison-2-avec-jenna-ortega_249172.html\" rel=\"nofollow noopener\" target=\"_blank\">la partie 2\u00a0de la saison 2\u00a0de la s\u00e9rie Netflix Mercredi<\/a>, la chanteuse a d\u00e9voil\u00e9 un clip in\u00e9dit pour accompagner son <a href=\"https:\/\/www.huffingtonpost.fr\/culture\/article\/lady-gaga-va-faire-une-apparition-dans-la-serie-mercredi-sur-netflix_242206.html\" rel=\"nofollow noopener\" target=\"_blank\">apparition tr\u00e8s attendue dans la s\u00e9rie<\/a>.<\/p>\n<p class=\"asset asset-text\">Intitul\u00e9 The Dead Dance, ce morceau mis en images par nul autre que Tim Burton \u2212et \u00e7a se voit\u2212 signe donc l\u2019apparition furtive de l\u2019artiste am\u00e9ricaine dans <a href=\"https:\/\/www.huffingtonpost.fr\/culture\/video\/la-saison-2-de-mercredi-arrive-mais-pourquoi-netflix-diffuse-ses-series-en-deux-parties-clx1_253085.html\" rel=\"nofollow noopener\" target=\"_blank\">cette saison 2<\/a>. Et pour coller \u00e0 l\u2019ambiance lugubre de la s\u00e9rie avec Jenna Ortga dans le r\u00f4le-titre, Lady Gaga a fait appel \u00e0 un d\u00e9cor bien particulier puisqu\u2019il s\u2019agit de l\u2019\u00cele des Poup\u00e9es de Xochimilco, au Mexique.<\/p>\n<p class=\"asset asset-text\">Un d\u00e9cor hors du temps et du r\u00e9el qui permet \u00e0 la chanteuse de se prendre pour une poup\u00e9e aux airs de zombie dans cette chanson et ce clip qu\u2019elle a m\u00eame imagin\u00e9 apr\u00e8s avoir contact\u00e9 l\u2019\u00e9quipe cr\u00e9ative de Mercredi avec cette id\u00e9e originale en t\u00eate.<\/p>\n<p> La lecture de ce contenu est susceptible d\u2019entra\u00eener un d\u00e9p\u00f4t de cookies de la part de l\u2019op\u00e9rateur tiers qui l\u2019h\u00e9berge. Compte-tenu des choix que vous avez exprim\u00e9s en mati\u00e8re de d\u00e9p\u00f4t de cookies, nous avons bloqu\u00e9 l\u2019affichage de ce contenu. Si vous souhaitez y acc\u00e9der, vous devez accepter la cat\u00e9gorie de cookies \u201cContenus tiers\u201d en cliquant sur le bouton ci-dessous. <\/p>\n<p> Lire la Vid\u00e9o              <\/p>\n<p class=\"asset asset-text\">The Dead Dance offre aussi un joli clin d\u2019\u0153il \u00e0 son personnage, qui n\u2019appara\u00eet que dans l\u2019\u00e9pisode 6\u00a0de cette saison 2, o\u00f9 elle incarne Rosaline Rotwood, ex-enseignante de l\u2019Acad\u00e9mie Nevermore dans les ann\u00e9es 1960. Qui a \u00e9videmment la particularit\u00e9 d\u2019\u00eatre dot\u00e9e de pouvoirs psychiques. \u00ab\u00a0Myst\u00e9rieuse et \u00e9nigmatique, Rosaline Rotwood est une enseignante l\u00e9gendaire de Nevermore qui croise la route de Mercredi\u00a0\u00bb, avait pr\u00e9c\u00e9demment pr\u00e9cis\u00e9 Netflix.<\/p>\n<p>                     Grande fan de la s\u00e9rie    <\/p>\n<p class=\"asset asset-text\">Comme l\u2019explique <a href=\"https:\/\/variety.com\/2025\/music\/news\/lady-gaga-releases-the-dead-dance-video-directed-tim-burton-1236506200\/\" target=\"_blank\" rel=\"noopener nofollow\" title=\"Nouvelle fen\u00eatre\">Variety<\/a>, cette chanson dispose d\u2019une danse bien particuli\u00e8re qui n\u2019a pas \u00e9t\u00e9 r\u00e9v\u00e9l\u00e9e avant la sortie de la s\u00e9rie. Avant cela, le morceau de Gaga \u00e9tait d\u2019ailleurs remplac\u00e9 par une autre chanson similaire afin de garder la surprise le plus longtemps possible.<\/p>\n<p class=\"asset asset-text\">\u00ab\u00a0Ce n\u2019est pas \u201cBloody Mary\u201d, ni un remix\u00a0\u00bb, a d\u2019ailleurs confi\u00e9 la superviseuse musicale Jen Malone <a href=\"https:\/\/www.netflix.com\/tudum\/articles\/wednesday-season-2-soundtrack\" target=\"_blank\" rel=\"noopener nofollow\" title=\"Nouvelle fen\u00eatre\">\u00e0 Netflix<\/a>, en r\u00e9f\u00e9rence \u00e0 cette chanson de la star remise au go\u00fbt du jour gr\u00e2ce \u00e0 son ajout dans l\u2019\u00e9pisode 4\u00a0de la saison 1. Chanson qui a d\u2019ailleurs fait conna\u00eetre la s\u00e9rie \u00e0 Lady Gaga, aussit\u00f4t devenue fan de cette cr\u00e9ation de Tim Burton.<\/p>\n<p class=\"asset asset-text\">\u00ab\u00a0C\u2019est une toute nouvelle chanson de Gaga, et c\u2019est une ic\u00f4ne, une artiste unique avec laquelle nous avons eu la chance de travailler. Et c\u2019est parfait en tout point. C\u2019est exactement ce que les fans attendent\u00a0\u00bb, a-t-elle ajout\u00e9, prouvant une fois de plus l\u2019attrait de Lady Gaga pour les projets transm\u00e9dias. <a href=\"https:\/\/www.huffingtonpost.fr\/culture\/video\/a-la-mostra-de-venise-lady-gaga-presente-joker-folie-a-deux-dans-une-tenue-malefique_239191.html\" target=\"_blank\" rel=\"noopener nofollow\" title=\"Nouvelle fen\u00eatre\">Pour la sortie de Joker Folie \u00e0 Deux<\/a>, o\u00f9 elle partageait l\u2019affiche avec Joaquin Phoenix, Lady Gaga avait dans le m\u00eame temps sorti <a href=\"https:\/\/www.google.com\/search?q=album+joker+lady+gaga+huffpost&amp;rlz=1C1GCEA_enFR1117FR1120&amp;oq=album+joker+lady+gaga+huffpost&amp;gs_lcrp=EgZjaHJvbWUyCwgAEEUYChg5GKABMgkIARAhGAoYoAHSAQgzOTkxajBqN6gCALACAA&amp;sourceid=chrome&amp;ie=UTF-8\" target=\"_blank\" rel=\"noopener nofollow\" title=\"Nouvelle fen\u00eatre\">un album sp\u00e9cialement con\u00e7u pour cette suite<\/a> du Joker de Todd Philips. Rebelote avec Mercredi Addams qui b\u00e9n\u00e9fice donc d\u2019une danse des morts sur mesure pour accompagner sa seconde partie tr\u00e8s attendue par les fans.<\/p>\n","protected":false},"excerpt":{"rendered":"Capture d\u2019\u00e9cran Youtube Aussi terrifiante qu\u2019amusante, cette chanson de Lady Gaga colle parfaitement aux codes de la s\u00e9rie&hellip;\n","protected":false},"author":2,"featured_media":364215,"comment_status":"","ping_status":"","sticky":false,"template":"","format":"standard","meta":{"footnotes":""},"categories":[1355],"tags":[30542,251,58,59,1011,27,2531,1361,873,127,595],"class_list":{"0":"post-364214","1":"post","2":"type-post","3":"status-publish","4":"format-standard","5":"has-post-thumbnail","7":"category-musique","8":"tag-clip","9":"tag-culture","10":"tag-divertissement","11":"tag-entertainment","12":"tag-fr","13":"tag-france","14":"tag-lady-gaga","15":"tag-music","16":"tag-musique","17":"tag-netflix","18":"tag-serie-tv"},"share_on_mastodon":{"url":"https:\/\/pubeurope.com\/@fr\/115142571567927514","error":""},"_links":{"self":[{"href":"https:\/\/www.europesays.com\/fr\/wp-json\/wp\/v2\/posts\/364214","targetHints":{"allow":["GET"]}}],"collection":[{"href":"https:\/\/www.europesays.com\/fr\/wp-json\/wp\/v2\/posts"}],"about":[{"href":"https:\/\/www.europesays.com\/fr\/wp-json\/wp\/v2\/types\/post"}],"author":[{"embeddable":true,"href":"https:\/\/www.europesays.com\/fr\/wp-json\/wp\/v2\/users\/2"}],"replies":[{"embeddable":true,"href":"https:\/\/www.europesays.com\/fr\/wp-json\/wp\/v2\/comments?post=364214"}],"version-history":[{"count":0,"href":"https:\/\/www.europesays.com\/fr\/wp-json\/wp\/v2\/posts\/364214\/revisions"}],"wp:featuredmedia":[{"embeddable":true,"href":"https:\/\/www.europesays.com\/fr\/wp-json\/wp\/v2\/media\/364215"}],"wp:attachment":[{"href":"https:\/\/www.europesays.com\/fr\/wp-json\/wp\/v2\/media?parent=364214"}],"wp:term":[{"taxonomy":"category","embeddable":true,"href":"https:\/\/www.europesays.com\/fr\/wp-json\/wp\/v2\/categories?post=364214"},{"taxonomy":"post_tag","embeddable":true,"href":"https:\/\/www.europesays.com\/fr\/wp-json\/wp\/v2\/tags?post=364214"}],"curies":[{"name":"wp","href":"https:\/\/api.w.org\/{rel}","templated":true}]}}