{"id":364218,"date":"2025-09-03T21:50:11","date_gmt":"2025-09-03T21:50:11","guid":{"rendered":"https:\/\/www.europesays.com\/fr\/364218\/"},"modified":"2025-09-03T21:50:11","modified_gmt":"2025-09-03T21:50:11","slug":"plus-de-300-cas-de-chikungunya-en-metropole-depuis-cet-ete-un-niveau-sans-precedent","status":"publish","type":"post","link":"https:\/\/www.europesays.com\/fr\/364218\/","title":{"rendered":"Plus de 300 cas de chikungunya en m\u00e9tropole depuis cet \u00e9t\u00e9, un niveau sans pr\u00e9c\u00e9dent"},"content":{"rendered":"<p>                          <img loading=\"lazy\" decoding=\"async\" src=\"https:\/\/www.europesays.com\/fr\/wp-content\/uploads\/2025\/09\/45128cf_upload-1-e77jgpvaom3o-000-33qw2bd.jpg\" alt=\"Un moustique tigre, \u00e0 Nice (Alpes-Maritimes), le 10\u00a0ao\u00fbt 2023.\"   width=\"664\" height=\"443\"\/>    Un moustique tigre, \u00e0 Nice (Alpes-Maritimes), le 10\u00a0ao\u00fbt 2023.  VALERY HACHE\/AFP                    <\/p>\n<p class=\"article__paragraph  \">Sant\u00e9 publique France (SPF) a fait \u00e9tat, mercredi 3\u00a0septembre, d\u2019une saison estivale sans pr\u00e9c\u00e9dent pour les maladies transmises par des moustiques. Selon les derni\u00e8res donn\u00e9es publi\u00e9es par l\u2019agence sanitaire, plus de 300\u00a0cas de chikungunya ont \u00e9t\u00e9 recens\u00e9s dans l\u2019Hexagone cet \u00e9t\u00e9.<\/p>\n<p class=\"article__paragraph  \">Au 2\u00a0septembre, \u00ab\u00a034 \u00e9pisodes de chikungunya totalisant 301 cas\u00a0\u00bb ont \u00e9t\u00e9 identifi\u00e9s, est-il pr\u00e9cis\u00e9 dans le bilan hebdomadaire de SPF, pointant ainsi quatre nouveaux \u00e9pisodes de transmission de cette maladie virale.<\/p>\n<p class=\"article__paragraph  \">Si plusieurs \u00e9pisodes sont d\u00e9sormais clos, l\u2019\u00e9t\u00e9 2025 est d\u2019une ampleur sans pr\u00e9c\u00e9dent dans le territoire hexagonal pour les cas autochtones de chikungunya, dont le virus se transmet d\u2019un humain \u00e0 l\u2019autre par des piq\u00fbres de moustiques tigres.<\/p>\n<p>                                 Lire aussi |  Article r\u00e9serv\u00e9 \u00e0 nos abonn\u00e9s  <a href=\"https:\/\/www.lemonde.fr\/planete\/article\/2025\/08\/22\/a-vitrolles-chasse-au-moustique-tigre-dans-le-plus-grand-foyer-de-chikungunya-de-france-metropolitaine_6633455_3244.html\" class=\"js-article-read-also catcher--favoris__link\" data-premium=\"1\" id=\"article-title-3435008\" rel=\"nofollow noopener\" target=\"_blank\">A Vitrolles, chasse au moustique-tigre dans le plus grand foyer de chikungunya de France m\u00e9tropolitaine<\/a>    <\/p>\n<p>   Lire plus tard  <\/p>\n<p class=\"article__paragraph  \">Le nombre important de foyers de chikungunya et leur pr\u00e9cocit\u00e9 sont partiellement li\u00e9s \u00e0 l\u2019\u00e9pid\u00e9mie de grande ampleur qui a s\u00e9vi \u00e0 La R\u00e9union et dans la zone de l\u2019oc\u00e9an Indien et favoris\u00e9 l\u2019arriv\u00e9e de cas import\u00e9s, lesquels ont ensuite favoris\u00e9 des contaminations sur le continent europ\u00e9en.<\/p>\n<p class=\"article__paragraph  \">L\u2019expansion du chikungunya s\u2019inscrit aussi dans un contexte o\u00f9 le moustique tigre, encore absent de l\u2019Hexagone voici quelques d\u00e9cennies, est d\u00e9sormais implant\u00e9 presque partout, sur fond de r\u00e9chauffement climatique. Autre maladie transmise par le moustique tigre et en augmentation, la dengue a entra\u00een\u00e9 jusqu\u2019ici dix foyers estivaux en m\u00e9tropole, pour un total de 19 cas, sans atteindre le record de 2024 (66 cas).<\/p>\n<p>                                 Lire aussi |  Article r\u00e9serv\u00e9 \u00e0 nos abonn\u00e9s  <a href=\"https:\/\/www.lemonde.fr\/sciences\/article\/2025\/08\/13\/a-la-reunion-la-crainte-des-malades-d-etre-confrontes-a-un-chikungunya-long_6628850_1650684.html\" class=\"js-article-read-also catcher--favoris__link\" data-premium=\"1\" id=\"article-title-3430442\" rel=\"nofollow noopener\" target=\"_blank\">A La\u00a0R\u00e9union, la crainte des malades d\u2019\u00eatre confront\u00e9s \u00e0\u00a0un \u00ab\u00a0chikungunya long\u00a0\u00bb<\/a>    <\/p>\n<p>   Lire plus tard  <\/p>\n<p>                    Une surveillance accrue face \u00e0 la progression des maladies              <\/p>\n<p class=\"article__paragraph  \">Les cas de chikungunya et de dengue identifi\u00e9s cet \u00e9t\u00e9 se situent dans les r\u00e9gions Provence-Alpes-C\u00f4te d\u2019Azur (PACA), Corse, Occitanie, Auvergne-Rh\u00f4ne-Alpes, d\u00e9j\u00e0 affect\u00e9es les ann\u00e9es pr\u00e9c\u00e9dentes, et, pour la premi\u00e8re fois cette ann\u00e9e, dans le Grand Est, en Nouvelle-Aquitaine et en Bourgogne-Franche-Comt\u00e9.<\/p>\n<p class=\"article__paragraph  \">\u00ab\u00a0Avec la persistance de foyers actifs, notamment dans des zones touristiques du sud de la France, et le retour des vacances d\u2019\u00e9t\u00e9, le risque de foyers secondaires dans d\u2019autres r\u00e9gions en France est augment\u00e9\u00a0\u00bb, note Sant\u00e9 publique France.<\/p>\n<p class=\"article__paragraph  \">Autre maladie sous surveillance renforc\u00e9e\u00a0: la fi\u00e8vre West Nile, ou fi\u00e8vre du Nil occidental, qui n\u2019est pas transmise par le moustique tigre mais par la vari\u00e9t\u00e9 Culex, plus courante en France m\u00e9tropolitaine.<\/p>\n<p class=\"article__paragraph  \">Avec 20 cas autochtones identifi\u00e9s, il n\u2019y a pas de record battu pour l\u2019instant cet \u00e9t\u00e9 dans l\u2019Hexagone, mais leur localisation confirme une transmission croissante hors de la zone historique de l\u2019arc m\u00e9diterran\u00e9en. Outre ceux en PACA et en Occitanie, plusieurs cas ont \u00e9t\u00e9 identifi\u00e9s en Ile-de-France et en Auvergne-Rh\u00f4ne-Alpes pour la premi\u00e8re fois.<\/p>\n<p>                                 Lire aussi |  Article r\u00e9serv\u00e9 \u00e0 nos abonn\u00e9s  <a href=\"https:\/\/www.lemonde.fr\/chaleur-humaine\/article\/2025\/05\/09\/le-moustique-tigre-est-il-plus-present-a-cause-du-rechauffement-climatique_6604384_6125299.html\" class=\"js-article-read-also catcher--favoris__link\" data-premium=\"1\" id=\"article-title-3419352\" rel=\"nofollow noopener\" target=\"_blank\">Y a-t-il davantage de moustiques-tigres en France \u00e0 cause du r\u00e9chauffement\u00a0climatique\u00a0?<\/a>    <\/p>\n<p>   Lire plus tard  <\/p>\n<p class=\"author__detail\">  Le Monde avec AFP  <\/p>\n<p>                  <a href=\"https:\/\/www.lemonde.fr\/syndication\/\" class=\"reuse__content\" title=\"R\u00e9utiliser ce contenu\" target=\"_blank\" rel=\"nofollow noopener\">R\u00e9utiliser ce contenu<\/a>      <\/p>\n","protected":false},"excerpt":{"rendered":"Un moustique tigre, \u00e0 Nice (Alpes-Maritimes), le 10\u00a0ao\u00fbt 2023. VALERY HACHE\/AFP Sant\u00e9 publique France (SPF) a fait \u00e9tat,&hellip;\n","protected":false},"author":2,"featured_media":364219,"comment_status":"","ping_status":"","sticky":false,"template":"","format":"standard","meta":{"footnotes":""},"categories":[10],"tags":[1011,27,72,71],"class_list":{"0":"post-364218","1":"post","2":"type-post","3":"status-publish","4":"format-standard","5":"has-post-thumbnail","7":"category-sante","8":"tag-fr","9":"tag-france","10":"tag-health","11":"tag-sante"},"share_on_mastodon":{"url":"https:\/\/pubeurope.com\/@fr\/115142578902162617","error":""},"_links":{"self":[{"href":"https:\/\/www.europesays.com\/fr\/wp-json\/wp\/v2\/posts\/364218","targetHints":{"allow":["GET"]}}],"collection":[{"href":"https:\/\/www.europesays.com\/fr\/wp-json\/wp\/v2\/posts"}],"about":[{"href":"https:\/\/www.europesays.com\/fr\/wp-json\/wp\/v2\/types\/post"}],"author":[{"embeddable":true,"href":"https:\/\/www.europesays.com\/fr\/wp-json\/wp\/v2\/users\/2"}],"replies":[{"embeddable":true,"href":"https:\/\/www.europesays.com\/fr\/wp-json\/wp\/v2\/comments?post=364218"}],"version-history":[{"count":0,"href":"https:\/\/www.europesays.com\/fr\/wp-json\/wp\/v2\/posts\/364218\/revisions"}],"wp:featuredmedia":[{"embeddable":true,"href":"https:\/\/www.europesays.com\/fr\/wp-json\/wp\/v2\/media\/364219"}],"wp:attachment":[{"href":"https:\/\/www.europesays.com\/fr\/wp-json\/wp\/v2\/media?parent=364218"}],"wp:term":[{"taxonomy":"category","embeddable":true,"href":"https:\/\/www.europesays.com\/fr\/wp-json\/wp\/v2\/categories?post=364218"},{"taxonomy":"post_tag","embeddable":true,"href":"https:\/\/www.europesays.com\/fr\/wp-json\/wp\/v2\/tags?post=364218"}],"curies":[{"name":"wp","href":"https:\/\/api.w.org\/{rel}","templated":true}]}}