{"id":36422,"date":"2025-04-19T11:57:11","date_gmt":"2025-04-19T11:57:11","guid":{"rendered":"https:\/\/www.europesays.com\/fr\/36422\/"},"modified":"2025-04-19T11:57:11","modified_gmt":"2025-04-19T11:57:11","slug":"une-cinquantaine-de-departements-en-vigilance-ce-samedi-ou-vont-ils-frapper","status":"publish","type":"post","link":"https:\/\/www.europesays.com\/fr\/36422\/","title":{"rendered":"une cinquantaine de d\u00e9partements en vigilance ce samedi, o\u00f9 vont-ils frapper\u00a0?"},"content":{"rendered":"<p>            Par<br \/>\n        <strong><br \/>\n            <a href=\"https:\/\/actu.fr\/auteur\/jade-lacroix\" title=\"Consulter tous les articles de Jade Lacroix\" target=\"_blank\" rel=\"noopener\">Jade Lacroix<\/a><br \/>\n        <\/strong><\/p>\n<p>        Publi\u00e9 le<\/p>\n<p>            18 avr. 2025 \u00e0 16h07<br \/>\n        ; mis \u00e0 jour le 19 avr. 2025 \u00e0 7h36    <\/p>\n<p>Apr\u00e8s <a href=\"https:\/\/actu.fr\/meteo\/une-nouvelle-tempete-va-frapper-l-europe-des-mercredi-et-elle-s-appelle-hans-quelles-consequences-en-france_62516030.html\" target=\"_blank\" rel=\"noopener\">la temp\u00eate Hans<\/a> en milieu de semaine, ce sont <strong>les orages<\/strong> qui d\u00e9barquent ce week-end. Car oui, mauvaise nouvelle, le mauvais temps se poursuit pour P\u00e2ques.<\/p>\n<p>Une trentaine de d\u00e9partements en vigilance jaune<\/p>\n<p class=\" wall-content\">Dans son bulletin de 6h, ce samedi 19 avril 2025, M\u00e9t\u00e9o France place 48 d\u00e9partements en vigilance jaune pour un risque d\u2019orages.<\/p>\n<p class=\" wall-content\">Il s\u2019agit de :<\/p>\n<ul class=\" wall-content\">\n<li>Aisne<\/li>\n<li>Allier\u00a0<\/li>\n<li>Ari\u00e8ge\u00a0<\/li>\n<li>Aube\u00a0<\/li>\n<li>Aude<\/li>\n<li>Aveyron<\/li>\n<li>Cantal<\/li>\n<li>Charente<\/li>\n<li>Cher<\/li>\n<li>Corr\u00e8ze<\/li>\n<li>C\u00f4te-d\u2019Or<\/li>\n<li>C\u00f4tes d\u2019Armor<\/li>\n<li>Creuse<\/li>\n<li>Dordogne<\/li>\n<li>Eure-et-Loir<\/li>\n<li>Finist\u00e8re<\/li>\n<li>Gard<\/li>\n<li>Haute-Garonne<\/li>\n<li>H\u00e9rault<\/li>\n<li>Indre<\/li>\n<li>Indre-et-Loire\u00a0<\/li>\n<li>Jura<\/li>\n<li>Loir-et-Cher<\/li>\n<li>Loiret<\/li>\n<li>Lot<\/li>\n<li>Lot-et-Garonne<\/li>\n<li>Loz\u00e8re<\/li>\n<li>Marne<\/li>\n<li>Haute-Marne<\/li>\n<li>Morbihan<\/li>\n<li>Ni\u00e8vre<\/li>\n<li>Oise<\/li>\n<li>Puy-de-D\u00f4me<\/li>\n<li>Pyr\u00e9n\u00e9es-Orientales<\/li>\n<li>Sa\u00f4ne-et-Loire<\/li>\n<li>Paris<\/li>\n<li>Seine-et-Marne<\/li>\n<li>Yvelines<\/li>\n<li>Tarn<\/li>\n<li>Tarn-et-Garonne<\/li>\n<li>Vienne<\/li>\n<li>Haute-Vienne<\/li>\n<li>Yonne<\/li>\n<li>Essonne<\/li>\n<li>Hauts-de-Seine<\/li>\n<li>Seine-St-Denis<\/li>\n<li>Val-de-Marne<\/li>\n<li>Val-D\u2019Oise<\/li>\n<\/ul>\n<p class=\" wall-content\">D\u2019autres d\u00e9partements sont en alerte pour plusieurs ph\u00e9nom\u00e8nes\u2009: avalanches, pluie-inondation, crues, ou encore vent. En tout, <strong>62<\/strong> sont concern\u00e9s.<\/p>\n<p>Vid\u00e9os : en ce moment sur ActuLa liste des d\u00e9partements en vigilance jaune ce samedi<\/p>\n<p>Aisne\u00a0\tOrages<br \/>Allier\u00a0\tOrages<br \/>Alpes-de-Haute-Provence\u00a0\tAvalanches<br \/>Hautes-Alpes\u00a0\tAvalanches<br \/>Alpes-Maritimes\u00a0\tAvalanches<br \/>Ard\u00e8che\u00a0\tVent, Pluie-inondation, Crues<br \/>Ari\u00e8ge\u00a0\tOrages<br \/>Aube\u00a0\tOrages<br \/>Aude\u00a0\tOrages<br \/>Aveyron\tVent, Pluie-inondation, Orages, Crues<br \/>Bouches-du-Rh\u00f4ne\tVent<br \/>Cantal\tVent, Orages<br \/>Charente\tPluie-inondation, Orages<br \/>Cher\tOrages<br \/>Corr\u00e8ze\tPluie-inondation, Orages, Crues<br \/>C\u00f4te-d&rsquo;Or\tOrages<br \/>C\u00f4tes d&rsquo;Armor\tOrages<br \/>Creuse\tOrages<br \/>Dordogne\tPluie-inondation, Orages, Crues<br \/>Dr\u00f4me\tVent<br \/>Eure-et-Loir\tOrages<br \/>Finist\u00e8re\tOrages<br \/>Gard\tVent, Pluie-inondation, Orages, Crues<br \/>Haute-Garonne\tOrages, Avalanches<br \/>H\u00e9rault\tVent, Pluie-inondation, Orages, Crues<br \/>Indre\tOrages<br \/>Indre-et-Loire\u00a0\tOrages<br \/>Is\u00e8re\tAvalanches<br \/>Jura\tOrages<br \/>Loir-et-Cher\tOrages<br \/>Loire\tVent, Crues<br \/>Haute-Loire\tVent, Crues<br \/>Loiret\tOrages<br \/>Lot\tPluie-inondation, Orages<br \/>Lot-et-Garonne\tOrages<br \/>Loz\u00e8re\tVent, Pluie-inondation, Orages, Neige-verglas, Crues<br \/>Marne\tOrages<br \/>Haute-Marne\tOrages<br \/>Morbihan\tOrages<br \/>Ni\u00e8vre\tOrages<br \/>Oise\tOrages<br \/>Puy-de-D\u00f4me\tVent, Orages<br \/>Pyr\u00e9n\u00e9es-Atlantiques\tAvalanches<br \/>Hautes-Pyr\u00e9n\u00e9es\tAvalanches<br \/>Pyr\u00e9n\u00e9es-Orientales\tVent, Orages<br \/>Sa\u00f4ne-et-Loire\tOrages<br \/>Savoie\tAvalanches<br \/>Haute-Savoie\tAvalanches<br \/>Paris\tOrages<br \/>Seine-et-Marne\tOrages<br \/>Yvelines\tOrages<br \/>Tarn\tVent, Pluie-inondation, Orages<br \/>Tarn-et-Garonne\tPluie-inondation, Orages<br \/>Vaucluse\tVent<br \/>Vienne\tOrages<br \/>Haute-Vienne\tPluie-inondation, Orages<br \/>Yonne\tOrages<br \/>Essonne\tOrages<br \/>Hauts-de-Seine\tOrages<br \/>Seine-St-Denis\tOrages<br \/>Val-de-Marne\tOrages<br \/>Val-D&rsquo;Oise\tOrages<br \/>Andorre\tVent, Orages<\/p>\n<p>Un temps \u00ab\u2009chaotique et instable\u2009\u00bb<\/p>\n<p class=\" wall-content\">Le m\u00e9t\u00e9orologue et fondateur de Weather\u2019n\u2019co, Yann Amice, anticipe \u00ab\u2009un temps chaotique et instable\u2009\u00bb pour le week-end de P\u00e2ques.<\/p>\n<p class=\" wall-content\">Des orages arriveront par la fa\u00e7ade ouest \u00e0 partir de ce vendredi soir, avant de s\u2019\u00e9tendre samedi \u00e0 une vaste zone du sud-ouest au centre. Puis, les orages se d\u00e9caleront en milieu de journ\u00e9e vers l\u2019est et le bassin lyonnais.<\/p>\n<blockquote class=\"ac-article-quote wall-content\">\n<p>Il y aura un beau conflit de masse d\u2019air, avec une zone instable tr\u00e8s favorable aux orages.<\/p>\n<p>    <strong>Yann Amice<\/strong><br \/>\n        M\u00e9t\u00e9orologue    <\/p><\/blockquote>\n<p class=\" wall-content\">Ils seront \u00ab\u2009assez actifs\u2009\u00bb sur une bonne partie de la France. Dimanche, le temps sera toujours instable avec de l\u2019activit\u00e9 orageuse sur une large zone.<\/p>\n<p class=\" wall-content\">Quant aux temp\u00e9ratures, toute la France ne sera pas log\u00e9e \u00e0 la m\u00eame enseigne. Le matin, il fera 11 degr\u00e9s \u00e0 Biarritz, 15 \u00e0 Rouen ou encore 18 \u00e0 Marseille. L\u2019apr\u00e8s-midi, il fera 9 degr\u00e9s \u00e0 Tarbes, 20 \u00e0 Metz ou encore 14 \u00e0 Brest.<\/p>\n<p class=\" wall-content\">Suivez toute l\u2019actualit\u00e9 de vos villes et m\u00e9dias favoris en vous inscrivant \u00e0 <a href=\"https:\/\/moncompte.actu.fr\" title=\"D\u00e9couvez Mon Actu\" rel=\"nofollow noopener\" data-trk=\"{&quot;cta&quot;:{&quot;action&quot;:&quot;https:\\\/\\\/moncompte.actu.fr&quot;,&quot;category&quot;:&quot;mon compte&quot;,&quot;from&quot;:&quot;article footer&quot;,&quot;name&quot;:&quot;Mon actu&quot;,&quot;type&quot;:&quot;cta&quot;}}\" target=\"_blank\">Mon Actu<\/a>.<\/p>\n","protected":false},"excerpt":{"rendered":"Par Jade Lacroix Publi\u00e9 le 18 avr. 2025 \u00e0 16h07 ; mis \u00e0 jour le 19 avr. 2025&hellip;\n","protected":false},"author":2,"featured_media":36423,"comment_status":"","ping_status":"","sticky":false,"template":"","format":"standard","meta":{"footnotes":""},"categories":[4],"tags":[11,1011,27,2487,2357,12,4594,25],"class_list":{"0":"post-36422","1":"post","2":"type-post","3":"status-publish","4":"format-standard","5":"has-post-thumbnail","7":"category-france","8":"tag-actualites","9":"tag-fr","10":"tag-france","11":"tag-meteo","12":"tag-meteo-france","13":"tag-news","14":"tag-orages","15":"tag-republique-francaise"},"share_on_mastodon":{"url":"https:\/\/pubeurope.com\/@fr\/114364510648181107","error":""},"_links":{"self":[{"href":"https:\/\/www.europesays.com\/fr\/wp-json\/wp\/v2\/posts\/36422","targetHints":{"allow":["GET"]}}],"collection":[{"href":"https:\/\/www.europesays.com\/fr\/wp-json\/wp\/v2\/posts"}],"about":[{"href":"https:\/\/www.europesays.com\/fr\/wp-json\/wp\/v2\/types\/post"}],"author":[{"embeddable":true,"href":"https:\/\/www.europesays.com\/fr\/wp-json\/wp\/v2\/users\/2"}],"replies":[{"embeddable":true,"href":"https:\/\/www.europesays.com\/fr\/wp-json\/wp\/v2\/comments?post=36422"}],"version-history":[{"count":0,"href":"https:\/\/www.europesays.com\/fr\/wp-json\/wp\/v2\/posts\/36422\/revisions"}],"wp:featuredmedia":[{"embeddable":true,"href":"https:\/\/www.europesays.com\/fr\/wp-json\/wp\/v2\/media\/36423"}],"wp:attachment":[{"href":"https:\/\/www.europesays.com\/fr\/wp-json\/wp\/v2\/media?parent=36422"}],"wp:term":[{"taxonomy":"category","embeddable":true,"href":"https:\/\/www.europesays.com\/fr\/wp-json\/wp\/v2\/categories?post=36422"},{"taxonomy":"post_tag","embeddable":true,"href":"https:\/\/www.europesays.com\/fr\/wp-json\/wp\/v2\/tags?post=36422"}],"curies":[{"name":"wp","href":"https:\/\/api.w.org\/{rel}","templated":true}]}}