{"id":364222,"date":"2025-09-03T21:52:10","date_gmt":"2025-09-03T21:52:10","guid":{"rendered":"https:\/\/www.europesays.com\/fr\/364222\/"},"modified":"2025-09-03T21:52:10","modified_gmt":"2025-09-03T21:52:10","slug":"alexandra-rosenfeld-temoigne-pour-la-premiere-fois-a-la-television-contre-jean-imbert","status":"publish","type":"post","link":"https:\/\/www.europesays.com\/fr\/364222\/","title":{"rendered":"Alexandra Rosenfeld t\u00e9moigne pour la premi\u00e8re fois \u00e0 la t\u00e9l\u00e9vision contre Jean Imbert"},"content":{"rendered":"<p>    Alexandra Rosenfeld dans \u00abQuotidien\u00bb<br \/>\n                Capture \u00e9cran TMC<\/p>\n<p>Miss France 2006 a accus\u00e9 il y a quelques semaines le chef \u00e9toil\u00e9 d\u2019avoir \u00e9t\u00e9 violent durant leur relation amoureuse. Elle livre ce soir dans \u00abQuotidien\u00bb des d\u00e9tails sur l\u2019emprise qu\u2019il aurait exerc\u00e9 sur elle.<\/p>\n<p class=\"fig-paragraph\">\u00abIl est tomb\u00e9 sur toutes les folles du village le pauvre\u00bb, rit jaune ce mercredi 3 septembre <strong>Alexandra Rosenfeld<\/strong>. Il y a quelques mois, le magazine Elle a publi\u00e9 une enqu\u00eate o\u00f9 quatre anciennes compagnes de\u00a0<a href=\"https:\/\/www.lefigaro.fr\/tag\/jean-imbert\" target=\"_blank\" rel=\"noopener\" data-gtm-custom-categorie=\"navigation\" data-gtm-custom-action=\"crossclick\" data-gtm-custom-label=\"Contextuel\" data-gtm-event=\"customEventSPE\"><strong>Jean Imbert<\/strong><\/a> \u00a0l\u2019accusent de violences physiques et psychologiques. Des faits qu\u2019il nie. Si elle a d\u2019abord t\u00e9moign\u00e9 anonymement, Miss France 2006\u00a0<a href=\"http:\/\/tvmag.lefigaro.fr\/programme-tv\/people\/le-mepris-les-rabaissements-les-silences-alexandra-rosenfeld-accuse-jean-imbert-de-violences-20250819\" target=\"_blank\" data-fig-type=\"Article\" rel=\"noopener\" data-gtm-custom-categorie=\"navigation\" data-gtm-custom-action=\"crossclick\" data-gtm-custom-label=\"Contextuel\" data-gtm-event=\"customEventSPE\" data-fig-domain=\"TVMAG\">a d\u00e9voil\u00e9 son identit\u00e9 en ao\u00fbt dernier<\/a>, sur son compte Instagram.<\/p>\n<p class=\"fig-paragraph\">\u00abQuatre compagnes face \u00e0 une personnalit\u00e9 m\u00e9diatique aussi puissante que Jean, ce n\u2019\u00e9tait pas pris au s\u00e9rieux donc j\u2019ai pr\u00e9par\u00e9 ce post en me disant \u201ctu n\u2019as que des coups \u00e0 prendre\u201d, mais la cause est noble\u00bb, explique Alexandra Rosenfeld ce soir dans \u00abQuotidien\u00bb.<\/p>\n<blockquote class=\"fig-quote&#10;    \">\n<p class=\"fig-quote__text\">Quand tu le quittais, il se cachait dans ton parking ou devant chez toi.<\/p>\n<p>            Alexandra Rosenfeld dans \u00abQuotidien\u00bb\n    <\/p><\/blockquote>\n<p>                                    <a class=\"fig-a11y-skip a11y-hidden\" href=\"#fig-a11y-skip-main-inarticle\"><br \/>\n        Passer la publicit\u00e9<br \/>\n    <\/a><\/p>\n<p class=\"fig-paragraph\">La compagne d\u2019<a href=\"http:\/\/tvmag.lefigaro.fr\/programme-tv\/actu-tele\/c-etait-ma-derniere-chronique-hugo-clement-quitte-la-matinale-de-france-inter-20250625\" target=\"_blank\" data-fig-type=\"Article\" rel=\"noopener\" data-gtm-custom-categorie=\"navigation\" data-gtm-custom-action=\"crossclick\" data-gtm-custom-label=\"Contextuel\" data-gtm-event=\"customEventSPE\" data-fig-domain=\"TVMAG\">Hugo Cl\u00e9ment<\/a>\u00a0revient sur l\u2019emprise \u00abcompliqu\u00e9e \u00e0 expliquer\u00bb qu\u2019aurait exerc\u00e9 le cuisinier, pr\u00e9sum\u00e9 innocent, durant leur relation. \u00abDes rabaissements quotidiens sur mon milieu social car mes parents sont fonctionnaires et pas chefs d\u2019entreprise, sur mes amis car ils ne sont pas connus. Si j\u2019\u00e9tais en tenue de sport, j\u2019\u00e9tais un cas social, si je me faisais jolie, j\u2019\u00e9tais une pute\u00bb, t\u00e9moigne-t-elle face \u00e0 Yann Barth\u00e8s.\u00a0Elle affirme \u00e9galement qu\u2019il lui a cass\u00e9 le nez d\u2019un coup de t\u00eate.<\/p>\n<p class=\"fig-paragraph\">Alexandra Rosenfeld \u00e9voque aussi les \u00abdizaines de fois\u00bb o\u00f9 elle a tent\u00e9 de mettre fin \u00e0 cette relation\u00a0: \u00abQuand tu le quittais, il se cachait dans ton parking ou devant chez toi. Il venait m\u00eame devant l\u2019\u00e9cole de ma fille. Il appelait ma m\u00e8re en pleurant\u00bb. Le couple se s\u00e9pare finalement en juillet 2014. \u00abJ\u2019ai pu partir r\u00e9ellement que quand c\u2019est lui qui l\u2019a d\u00e9cid\u00e9\u00bb, analyse-t-elle.<\/p>\n<p class=\"fig-paragraph\">Elle assure ce soir sur le plateau du talk-show de TMC que depuis ses premi\u00e8res r\u00e9v\u00e9lations, d\u2019autres victimes l\u2019ont contact\u00e9. Certaines t\u00e9moignent de faits prescrits, \u00abd\u2019autres non\u00bb, ce qui pourrait provoquer la r\u00e9ouverture de l\u2019enqu\u00eate. \u00abLa lumi\u00e8re, je l\u2019ai \u00e0 Biarritz avec mes filles, je n\u2019ai pas besoin de \u00e7a. Lorsqu\u2019une femme parle, c\u2019est pour gu\u00e9rir et aider \u00e0 lib\u00e9rer la parole des autres femmes\u00bb, conclut Alexandra Rosenfeld.<\/p>\n","protected":false},"excerpt":{"rendered":"Alexandra Rosenfeld dans \u00abQuotidien\u00bb Capture \u00e9cran TMC Miss France 2006 a accus\u00e9 il y a quelques semaines le&hellip;\n","protected":false},"author":2,"featured_media":364223,"comment_status":"","ping_status":"","sticky":false,"template":"","format":"standard","meta":{"footnotes":""},"categories":[8],"tags":[58,59,1011,27,13518],"class_list":{"0":"post-364222","1":"post","2":"type-post","3":"status-publish","4":"format-standard","5":"has-post-thumbnail","7":"category-divertissement","8":"tag-divertissement","9":"tag-entertainment","10":"tag-fr","11":"tag-france","12":"tag-jean-imbert"},"share_on_mastodon":{"url":"https:\/\/pubeurope.com\/@fr\/115142587072752533","error":""},"_links":{"self":[{"href":"https:\/\/www.europesays.com\/fr\/wp-json\/wp\/v2\/posts\/364222","targetHints":{"allow":["GET"]}}],"collection":[{"href":"https:\/\/www.europesays.com\/fr\/wp-json\/wp\/v2\/posts"}],"about":[{"href":"https:\/\/www.europesays.com\/fr\/wp-json\/wp\/v2\/types\/post"}],"author":[{"embeddable":true,"href":"https:\/\/www.europesays.com\/fr\/wp-json\/wp\/v2\/users\/2"}],"replies":[{"embeddable":true,"href":"https:\/\/www.europesays.com\/fr\/wp-json\/wp\/v2\/comments?post=364222"}],"version-history":[{"count":0,"href":"https:\/\/www.europesays.com\/fr\/wp-json\/wp\/v2\/posts\/364222\/revisions"}],"wp:featuredmedia":[{"embeddable":true,"href":"https:\/\/www.europesays.com\/fr\/wp-json\/wp\/v2\/media\/364223"}],"wp:attachment":[{"href":"https:\/\/www.europesays.com\/fr\/wp-json\/wp\/v2\/media?parent=364222"}],"wp:term":[{"taxonomy":"category","embeddable":true,"href":"https:\/\/www.europesays.com\/fr\/wp-json\/wp\/v2\/categories?post=364222"},{"taxonomy":"post_tag","embeddable":true,"href":"https:\/\/www.europesays.com\/fr\/wp-json\/wp\/v2\/tags?post=364222"}],"curies":[{"name":"wp","href":"https:\/\/api.w.org\/{rel}","templated":true}]}}