{"id":364228,"date":"2025-09-03T21:55:10","date_gmt":"2025-09-03T21:55:10","guid":{"rendered":"https:\/\/www.europesays.com\/fr\/364228\/"},"modified":"2025-09-03T21:55:10","modified_gmt":"2025-09-03T21:55:10","slug":"israel-dit-sattendre-a-la-fuite-dun-million-de-palestiniens-de-gaza-ville","status":"publish","type":"post","link":"https:\/\/www.europesays.com\/fr\/364228\/","title":{"rendered":"Isra\u00ebl dit s&rsquo;attendre \u00e0 la fuite d\u2019un million de Palestiniens de Gaza-ville"},"content":{"rendered":"<p>Depuis plusieurs jours, l\u2019arm\u00e9e isra\u00e9lienne intensifie ses op\u00e9rations dans la p\u00e9riph\u00e9rie de Gaza-ville o\u00f9 de nombreux Palestiniens sont r\u00e9fugi\u00e9s.<\/p>\n<p class=\"fig-paragraph\">Isra\u00ebl a affirm\u00e9 mercredi s&rsquo;attendre \u00e0 ce qu&rsquo;un million de Palestiniens fuient Gaza-ville, menac\u00e9e d&rsquo;une\u00a0<a href=\"http:\/\/www.lefigaro.fr\/international\/guerre-a-gaza-israel-intensifie-ses-operations-quelques-heures-avant-une-reunion-a-la-maison-blanche-20250827\" data-fig-type=\"NewsFlash\" data-gtm-custom-categorie=\"navigation\" data-gtm-custom-action=\"crossclick\" data-gtm-custom-label=\"Contextuel\" data-gtm-event=\"customEventSPE\" data-fig-domain=\"LEFIGARO\" rel=\"nofollow noopener\" target=\"_blank\">op\u00e9ration militaire d&rsquo;envergure<\/a>, \u00e0 l&rsquo;heure o\u00f9 des milliers d&rsquo;Isra\u00e9liens manifestent \u00e0 J\u00e9rusalem pour la fin de la guerre et le retour des otages. Dans la bande de Gaza d\u00e9vast\u00e9e, assi\u00e9g\u00e9e et en proie \u00e0 la famine selon l&rsquo;Onu, la D\u00e9fense civile locale a fait \u00e9tat de 62 morts mercredi dans l&rsquo;offensive isra\u00e9lienne, lanc\u00e9e en riposte \u00e0 l&rsquo;attaque sans pr\u00e9c\u00e9dent du mouvement islamiste palestinien Hamas contre Isra\u00ebl le 7 octobre 2023. Le gouvernement\u00a0<a href=\"http:\/\/www.lefigaro.fr\/international\/l-annexion-de-la-cisjordanie-l-objectif-de-toujours-de-benyamin-netanyahou-20250816\" data-fig-type=\"Article\" data-gtm-custom-categorie=\"navigation\" data-gtm-custom-action=\"crossclick\" data-gtm-custom-label=\"Contextuel\" data-gtm-event=\"customEventSPE\" data-fig-domain=\"LEFIGARO\" rel=\"nofollow noopener\" target=\"_blank\">de Benyamin Netanyahou<\/a>\u00a0a dit vouloir d\u00e9truire le Hamas, qui a pris le pouvoir dans la bande de Gaza en 2007, et prendre le contr\u00f4le s\u00e9curitaire du territoire situ\u00e9 \u00e0 la fronti\u00e8re sud d&rsquo;Isra\u00ebl.<\/p>\n<p class=\"fig-paragraph\">Mais apr\u00e8s pr\u00e8s de 23 mois de guerre, il est confront\u00e9 \u00e0 une tr\u00e8s forte pression, en Isra\u00ebl comme \u00e0 l&rsquo;\u00e9tranger, pour faire taire les armes et obtenir la lib\u00e9ration des otages enlev\u00e9s durant l&rsquo;attaque du 7-Octobre et retenus \u00e0 Gaza. L&rsquo;arm\u00e9e isra\u00e9lienne, qui contr\u00f4le aujourd&rsquo;hui environ 75% de la bande de Gaza, dit pr\u00e9parer une offensive pour s&#8217;emparer de Gaza-ville, qu&rsquo;elle pr\u00e9sente comme le dernier grand bastion du Hamas dans le territoire palestinien. Selon un haut responsable militaire isra\u00e9lien, \u00abun million\u00bb de personnes pourraient quitter Gaza-ville dans le nord en direction du sud du territoire.<\/p>\n<p>                                    <a class=\"fig-a11y-skip a11y-hidden\" href=\"#fig-a11y-skip-main-inarticle\"><br \/>\n        Passer la publicit\u00e9<br \/>\n    <\/a><\/p>\n<p class=\"fig-paragraph\">\u00abNous souhaitons identifier une zone humanitaire\u00bb pour ces d\u00e9plac\u00e9s, qui serait comprise dans un p\u00e9rim\u00e8tre allant des camps du centre jusqu&rsquo;\u00e0 al-Mawassi (sud) et incluant l&rsquo;est du territoire, a-t-il ajout\u00e9. \u00abNous intensifions nos op\u00e9rations sur le front principal\u00bb, a lanc\u00e9 le chef d&rsquo;\u00e9tat-major isra\u00e9lien, Eyal Zamir, lors d&rsquo;une visite mercredi aupr\u00e8s des soldats d\u00e9ploy\u00e9s \u00e0 un poste d&rsquo;observation donnant sur Gaza-ville, selon un communiqu\u00e9. Brandissant des pancartes sur lesquelles est \u00e9crit, \u00abArr\u00eater la guerre\u00bb et \u00abNe les sacrifiez pas\u00bb, les manifestants sont descendus de nouveau dans la rue en soir\u00e9e \u00e0 J\u00e9rusalem \u00e0 l&rsquo;appel des familles d&rsquo;otages.<\/p>\n<p>Manifestations contre Netanyahou<\/p>\n<p class=\"fig-paragraph\">Celles-ci et des militants ont appel\u00e9 \u00e0 un mouvement de protestation de trois jours \u00e0 J\u00e9rusalem \u00e0 l&rsquo;approche du 700e jour du d\u00e9but de la guerre, vendredi. \u00abCela fait 700 jours que j&rsquo;attends que vous fassiez sortir mon enfant de l&rsquo;enfer. Je pourrais revoir Matan d\u00e8s demain, par une seule d\u00e9cision de votre part\u00bb, a lanc\u00e9 Anat Angrest, m\u00e8re de Matan,\u00a0<a href=\"http:\/\/www.lefigaro.fr\/international\/israel-une-mere-d-otage-menace-de-poursuivre-benyamin-netanyahou-pour-meurtre-s-il-ne-rentre-pas-vivant-de-gaza-20250830\" data-fig-type=\"NewsFlash\" data-gtm-custom-categorie=\"navigation\" data-gtm-custom-action=\"crossclick\" data-gtm-custom-label=\"Contextuel\" data-gtm-event=\"customEventSPE\" data-fig-domain=\"LEFIGARO\" rel=\"nofollow noopener\" target=\"_blank\">un soldat retenu en otage<\/a>, \u00e0 l&rsquo;occasion d&rsquo;un autre rassemblement plus t\u00f4t \u00e0 J\u00e9rusalem. Nira Sharabi, dont le mari Yossi est mort en captivit\u00e9, a estim\u00e9 que \u00abla pression militaire met en danger la vie des otages, qui endurent les conditions physiques et psychologiques les plus horribles. Elle compromet \u00e9galement la possibilit\u00e9 de ramener les (otages) morts\u00bb.<\/p>\n<p class=\"fig-paragraph\">Dans un quartier r\u00e9sidentiel proche de la r\u00e9sidence de Benyamin Netanyahou, des manifestants ont incendi\u00e9 une poubelle dans la matin\u00e9e et le feu s&rsquo;est propag\u00e9, d\u00e9truisant la voiture d&rsquo;un r\u00e9serviste. Le ministre de la Justice Yariv Levin a condamn\u00e9 un \u00abacte de terreur\u00bb. \u00abDans une d\u00e9mocratie, manifester est quelque chose de l\u00e9gitime. Mais ce qui se passe dans ces manifestations (&#8230;) contre le gouvernement a d\u00e9pass\u00e9 toutes les limites\u00bb, a affirm\u00e9 Benyamin Netanyahou dans une vid\u00e9o, diffus\u00e9e par son bureau.<\/p>\n<p class=\"fig-paragraph\">\u00abIls menacent quotidiennement de me tuer, moi, le premier ministre, ainsi que ma famille. Ils mettent aussi le feu (&#8230;) exactement comme des milices fascistes\u00bb, a-t-il ajout\u00e9. \u00abHonte \u00e0 toi\u00bb, lui a r\u00e9torqu\u00e9 au micro lors de la manifestation, Ofir Braslavski, dont le fils Rom, otage \u00e0 Gaza, a \u00e9t\u00e9 vu amaigri et faible dans une vid\u00e9o de propagande diffus\u00e9e d\u00e9but ao\u00fbt par le Djihad islamique, un alli\u00e9 du Hamas.<\/p>\n<p>Bombardements isra\u00e9liens<\/p>\n<p class=\"fig-paragraph\">Dans le territoire palestinien, la D\u00e9fense civile a fait \u00e9tat de 62 Palestiniens tu\u00e9s dans les bombardements isra\u00e9liens. Des images de l&rsquo;AFP ont montr\u00e9 des Palestiniens pleurant la mort de proches au milieu des d\u00e9combres \u00e0 Gaza-ville. \u00abNous avons trouv\u00e9 les corps de ma fille, de son mari et de leurs filles d\u00e9chiquet\u00e9s\u00bb, a dit Oum Abd Abou al-Jubain, son petit-fils dans ses bras. Compte tenu des restrictions impos\u00e9es aux m\u00e9dias \u00e0 Gaza et des difficult\u00e9s d&rsquo;acc\u00e8s sur le terrain, l&rsquo;AFP n&rsquo;est pas en mesure de v\u00e9rifier de mani\u00e8re ind\u00e9pendante les bilans de la D\u00e9fense civile et les informations des diff\u00e9rentes parties.<\/p>\n<p>                                    <a class=\"fig-a11y-skip a11y-hidden\" href=\"#fig-a11y-skip-main-inarticle_mtf\"><br \/>\n        Passer la publicit\u00e9<br \/>\n    <\/a><\/p>\n<p class=\"fig-paragraph\">L&rsquo;attaque du 7-Octobre a entra\u00een\u00e9 la mort de 1219 personnes c\u00f4t\u00e9 isra\u00e9lien, en majorit\u00e9 des civils, selon un d\u00e9compte de l&rsquo;AFP bas\u00e9 sur des donn\u00e9es officielles. Sur les 251 personnes enlev\u00e9es ce jour-l\u00e0, 47 restent otages \u00e0 Gaza, dont 25 ont \u00e9t\u00e9 d\u00e9clar\u00e9es mortes par l&rsquo;arm\u00e9e isra\u00e9lienne. La campagne de repr\u00e9sailles isra\u00e9lienne a fait au moins 63.746 morts \u00e0 Gaza, en majorit\u00e9 des civils, selon le minist\u00e8re de la Sant\u00e9 du Hamas, dont les chiffres sont jug\u00e9s fiables par l&rsquo;Onu.<\/p>\n","protected":false},"excerpt":{"rendered":"Depuis plusieurs jours, l\u2019arm\u00e9e isra\u00e9lienne intensifie ses op\u00e9rations dans la p\u00e9riph\u00e9rie de Gaza-ville o\u00f9 de nombreux Palestiniens sont&hellip;\n","protected":false},"author":2,"featured_media":364229,"comment_status":"","ping_status":"","sticky":false,"template":"","format":"standard","meta":{"footnotes":""},"categories":[5],"tags":[11,1011,27,665,14,664,12,28],"class_list":{"0":"post-364228","1":"post","2":"type-post","3":"status-publish","4":"format-standard","5":"has-post-thumbnail","7":"category-international","8":"tag-actualites","9":"tag-fr","10":"tag-france","11":"tag-gaza","12":"tag-international","13":"tag-israel","14":"tag-news","15":"tag-world"},"share_on_mastodon":{"url":"https:\/\/pubeurope.com\/@fr\/115142598661442506","error":""},"_links":{"self":[{"href":"https:\/\/www.europesays.com\/fr\/wp-json\/wp\/v2\/posts\/364228","targetHints":{"allow":["GET"]}}],"collection":[{"href":"https:\/\/www.europesays.com\/fr\/wp-json\/wp\/v2\/posts"}],"about":[{"href":"https:\/\/www.europesays.com\/fr\/wp-json\/wp\/v2\/types\/post"}],"author":[{"embeddable":true,"href":"https:\/\/www.europesays.com\/fr\/wp-json\/wp\/v2\/users\/2"}],"replies":[{"embeddable":true,"href":"https:\/\/www.europesays.com\/fr\/wp-json\/wp\/v2\/comments?post=364228"}],"version-history":[{"count":0,"href":"https:\/\/www.europesays.com\/fr\/wp-json\/wp\/v2\/posts\/364228\/revisions"}],"wp:featuredmedia":[{"embeddable":true,"href":"https:\/\/www.europesays.com\/fr\/wp-json\/wp\/v2\/media\/364229"}],"wp:attachment":[{"href":"https:\/\/www.europesays.com\/fr\/wp-json\/wp\/v2\/media?parent=364228"}],"wp:term":[{"taxonomy":"category","embeddable":true,"href":"https:\/\/www.europesays.com\/fr\/wp-json\/wp\/v2\/categories?post=364228"},{"taxonomy":"post_tag","embeddable":true,"href":"https:\/\/www.europesays.com\/fr\/wp-json\/wp\/v2\/tags?post=364228"}],"curies":[{"name":"wp","href":"https:\/\/api.w.org\/{rel}","templated":true}]}}