{"id":364230,"date":"2025-09-03T21:56:11","date_gmt":"2025-09-03T21:56:11","guid":{"rendered":"https:\/\/www.europesays.com\/fr\/364230\/"},"modified":"2025-09-03T21:56:11","modified_gmt":"2025-09-03T21:56:11","slug":"lepouse-de-linstitutrice-victime-dhomophobie-qui-sest-suicidee-enrage-contre-linaction-de-la-hierarchie","status":"publish","type":"post","link":"https:\/\/www.europesays.com\/fr\/364230\/","title":{"rendered":"L\u2019\u00e9pouse de l\u2019institutrice victime d\u2019homophobie qui s\u2019est suicid\u00e9e enrage contre l\u2019inaction de la hi\u00e9rarchie"},"content":{"rendered":"<p>        <img decoding=\"async\" loading=\"lazy\" src=\"https:\/\/www.europesays.com\/fr\/wp-content\/uploads\/2025\/09\/c1b4ee9_upload-1-ntlldwxlflru-capture-da-a-cran-2025-09-03-213526.png\"  width=\"728\" height=\"459\" alt=\"L\u2019\u00e9pouse de l\u2019institutrice qui s\u2019est suicid\u00e9e dans le Cantal\u00a0revient ce mercredi 3\u00a0septembre, aupr\u00e8s de France 2, sur les menaces re\u00e7ues par sa femme et d\u00e9nonce l\u2019inaction de \u00ab\u00a0sa hi\u00e9rarchie\u00a0\u00bb.\"\/>  <\/p>\n<p>France 2\u00a0JT 20\u00a0H <\/p>\n<p>L\u2019\u00e9pouse de l\u2019institutrice qui s\u2019est suicid\u00e9e dans le Cantal\u00a0revient ce mercredi 3\u00a0septembre, aupr\u00e8s de France 2, sur les menaces re\u00e7ues par sa femme et d\u00e9nonce l\u2019inaction de \u00ab\u00a0sa hi\u00e9rarchie\u00a0\u00bb.<\/p>\n<p class=\"asset asset-text\">FAITS DIVERS &#8211; Caroline\u00a0Grandjean, institutrice de 42\u00a0ans, harcel\u00e9e par un corbeau en raison de son homosexualit\u00e9, a \u00e9t\u00e9 <a href=\"https:\/\/www.huffingtonpost.fr\/life\/article\/une-directrice-d-ecole-se-suicide-le-jour-de-la-rentree-apres-des-annees-de-harcelement-homophobe_254294.html\" target=\"_blank\" rel=\"noopener\">retrouv\u00e9e morte le jour de la rentr\u00e9e scolaire<\/a>. Dans le JT de 20\u00a0H de France 2, son \u00e9pouse, Christine Paccoud\u00a0revient ce mercredi 3\u00a0septembre sur les menaces re\u00e7ues par sa femme et d\u00e9nonce l\u2019inaction de \u00ab\u00a0sa hi\u00e9rarchie\u00a0\u00bb.<\/p>\n<p class=\"asset asset-text\">Celle qui \u00e9tait mari\u00e9e depuis dix ans \u00e0 la directrice de l\u2019\u00e9cole de Moussages, dans le Cantal, raconte \u00e0 nos confr\u00e8res les injures homophobes \u00e0 l\u2019encontre de Caroline\u00a0Grandjean. \u00ab\u00a0\u00c7a\u00a0a commenc\u00e9 par \u201csale gouine\u201d\u00a0\u00bb \u00a0en 2023\u00a0et des inscriptions \u00ab\u00a0gouine = p\u00e9dophile\u00a0\u00bb, d\u00e9plore-t-elle, sans pouvoir masquer son \u00e9motion, ni retenir ses larmes.<\/p>\n<p class=\"asset asset-text\">Durant l\u2019ann\u00e9e scolaire 2023-2024, Caroline\u00a0Grandjean\u00a0avait retrouv\u00e9 des tags et une lettre anonyme avec menaces de mort concernant son orientation sexuelle. Elle avait \u00e9t\u00e9 alors arr\u00eat\u00e9e temporairement par son m\u00e9decin avant de reprendre son activit\u00e9. Depuis fin avril, elle \u00e9tait de nouveau en arr\u00eat de travail, selon le rectorat de Clermont-Ferrand.<\/p>\n<p>    \u00ab\u00a0La hi\u00e9rarchie n\u2019a pas compris\u00a0\u00bb    <\/p>\n<p class=\"asset asset-text\">Une enqu\u00eate avait \u00e9t\u00e9 ouverte \u00e0 l\u2019\u00e9poque par le parquet mais celle-ci \u00ab\u00a0n\u2019avait pas permis d\u2019identifier les auteurs\u00a0\u00bb et avait \u00e9t\u00e9 class\u00e9e en mars\u00a02025 \u00ab\u00a0en l\u2019absence de nouveaux faits\u00a0\u00bb, a expliqu\u00e9 Sandrine Delorme, procureure de la R\u00e9publique d\u2019Aurillac.<\/p>\n<p class=\"asset asset-text\">\u00ab\u00a0La hi\u00e9rarchie n\u2019a pas compris\u00a0la\u00a0souffrance de Caroline\u00a0\u00bb, d\u00e9nonce Christine Paccoud, qui affirme que la menace ne venait pas des \u00e9l\u00e8ves ou de l\u2019\u00e9cole, mais \u00ab\u00a0de l\u2019ext\u00e9rieur\u00a0\u00bb. Celle qui s\u2019est \u00ab\u00a0battue pour que Caroline ne retourne\u00a0\u00bb pas \u00e0 l\u2019\u00e9cole souhaite qu\u2019\u00ab\u00a0elle ne souhaite pas morte pour rien\u00a0\u00bb.<\/p>\n<p class=\"asset asset-text\">\u00c0 la demande de sa compagne, Christophe Tardieux, proche de Caroline Grandjean, a t\u00e9moign\u00e9 ce mercredi soir dans C \u00e0 vous sur France 5\u00a0: \u00ab\u00a0Elle avait \u00e9voqu\u00e9 plusieurs fois le fait que l\u2019\u00c9ducation nationale \u00e9tait en train de la tuer\u00a0\u00bb. L\u2019artiste de l\u2019ouvrage Cas d\u2019\u00e9cole dans lequel il relate l\u2019exp\u00e9rience de l\u2019enseignante, \u00e9galement enseignant, poursuit\u00a0: \u00ab\u00a0Tout le monde a pens\u00e9, que le jour de son suicide, elle adressait un message.\u00a0\u00bb<\/p>\n<p> La lecture de ce contenu est susceptible d\u2019entra\u00eener un d\u00e9p\u00f4t de cookies de la part de l\u2019op\u00e9rateur tiers qui l\u2019h\u00e9berge. Compte-tenu des choix que vous avez exprim\u00e9s en mati\u00e8re de d\u00e9p\u00f4t de cookies, nous avons bloqu\u00e9 l\u2019affichage de ce contenu. Si vous souhaitez y acc\u00e9der, vous devez accepter la cat\u00e9gorie de cookies \u201cContenus tiers\u201d en cliquant sur le bouton ci-dessous. <\/p>\n<p> Lire la Vid\u00e9o        <\/p>\n<p class=\"asset asset-text\">La disparition de la quadrag\u00e9naire, le jour de la rentr\u00e9e scolaire, a suscit\u00e9 un vif \u00e9moi aupr\u00e8s des communaut\u00e9s enseignante et homosexuelle.<\/p>\n<p>                     Enqu\u00eate administrative    <\/p>\n<p class=\"asset asset-text\">Interrog\u00e9e par l\u2019AFP, l\u2019\u00c9ducation nationale s\u2019est dite \u00ab\u00a0profond\u00e9ment touch\u00e9e par le d\u00e9c\u00e8s tragique\u00a0\u00bb de la professeure et a annonc\u00e9 l\u2019activation mardi d\u2019\u00ab\u00a0une cellule d\u2019\u00e9coute\u00a0\u00bb dans la circonscription de son\u00a0\u00e9cole. En soir\u00e9e, le minist\u00e8re a annonc\u00e9 dans un communiqu\u00e9 avoir saisi l\u2019Inspection g\u00e9n\u00e9rale de l\u2019\u00c9ducation, du Sport et de la Recherche \u00ab\u00a0pour r\u00e9aliser une enqu\u00eate administrative\u00a0\u00bb portant sur \u00ab\u00a0l\u2019ensemble des faits et des proc\u00e9dures\u00a0\u00bb ayant pr\u00e9c\u00e9d\u00e9 le d\u00e9c\u00e8s.<\/p>\n<p class=\"asset asset-text\">Sur Instagram, Julia Torlet, la porte-parole de SOS Homophobie, affirme que \u00ab\u00a0l\u2019\u00c9ducation nationale a du sang sur les mains\u00a0\u00bb et que la \u00ab\u00a0lesbophobie tue\u00a0\u00bb.<\/p>\n<p class=\"asset asset-text\">\u00ab\u00a0Caro, directrice\u00a0d\u2019\u00e9cole\u00a0a d\u00e9cid\u00e9 de mettre fin \u00e0 ses jours ce lundi, jour de rentr\u00e9e. (&#8230;) Nous sommes d\u00e9vast\u00e9s\u00a0\u00bb, \u00e9crit, de son c\u00f4t\u00e9, sur X le Syndicat des directrices et directeurs d\u2019\u00e9cole.<\/p>\n","protected":false},"excerpt":{"rendered":"France 2\u00a0JT 20\u00a0H L\u2019\u00e9pouse de l\u2019institutrice qui s\u2019est suicid\u00e9e dans le Cantal\u00a0revient ce mercredi 3\u00a0septembre, aupr\u00e8s de France&hellip;\n","protected":false},"author":2,"featured_media":364231,"comment_status":"","ping_status":"","sticky":false,"template":"","format":"standard","meta":{"footnotes":""},"categories":[4],"tags":[11,1122,118,1011,27,594,5656,28275,12,25,5748],"class_list":{"0":"post-364230","1":"post","2":"type-post","3":"status-publish","4":"format-standard","5":"has-post-thumbnail","7":"category-france","8":"tag-actualites","9":"tag-ecole","10":"tag-faits-divers","11":"tag-fr","12":"tag-france","13":"tag-france-2","14":"tag-life","15":"tag-ministere-de-l-education-nationale","16":"tag-news","17":"tag-republique-francaise","18":"tag-suicide"},"share_on_mastodon":{"url":"https:\/\/pubeurope.com\/@fr\/115142602543100490","error":""},"_links":{"self":[{"href":"https:\/\/www.europesays.com\/fr\/wp-json\/wp\/v2\/posts\/364230","targetHints":{"allow":["GET"]}}],"collection":[{"href":"https:\/\/www.europesays.com\/fr\/wp-json\/wp\/v2\/posts"}],"about":[{"href":"https:\/\/www.europesays.com\/fr\/wp-json\/wp\/v2\/types\/post"}],"author":[{"embeddable":true,"href":"https:\/\/www.europesays.com\/fr\/wp-json\/wp\/v2\/users\/2"}],"replies":[{"embeddable":true,"href":"https:\/\/www.europesays.com\/fr\/wp-json\/wp\/v2\/comments?post=364230"}],"version-history":[{"count":0,"href":"https:\/\/www.europesays.com\/fr\/wp-json\/wp\/v2\/posts\/364230\/revisions"}],"wp:featuredmedia":[{"embeddable":true,"href":"https:\/\/www.europesays.com\/fr\/wp-json\/wp\/v2\/media\/364231"}],"wp:attachment":[{"href":"https:\/\/www.europesays.com\/fr\/wp-json\/wp\/v2\/media?parent=364230"}],"wp:term":[{"taxonomy":"category","embeddable":true,"href":"https:\/\/www.europesays.com\/fr\/wp-json\/wp\/v2\/categories?post=364230"},{"taxonomy":"post_tag","embeddable":true,"href":"https:\/\/www.europesays.com\/fr\/wp-json\/wp\/v2\/tags?post=364230"}],"curies":[{"name":"wp","href":"https:\/\/api.w.org\/{rel}","templated":true}]}}