{"id":364234,"date":"2025-09-03T21:58:31","date_gmt":"2025-09-03T21:58:31","guid":{"rendered":"https:\/\/www.europesays.com\/fr\/364234\/"},"modified":"2025-09-03T21:58:31","modified_gmt":"2025-09-03T21:58:31","slug":"saint-jean-bonnefonds-ce-week-end-spectacle-de-rodeo-au-centre-equestre-lelevage-du-culty","status":"publish","type":"post","link":"https:\/\/www.europesays.com\/fr\/364234\/","title":{"rendered":"Saint-Jean-Bonnefonds. Ce week-end, spectacle de rod\u00e9o au centre \u00e9questre L\u2019\u00c9levage du Culty"},"content":{"rendered":"<blockquote class=\"question\"><p>\u00c0 quoi le public doit-il s\u2019attendre durant ces deux jours\u00a0?<\/p><\/blockquote>\n<p>\u00ab\u00a0Principalement \u00e0 la venue de taureaux du sud de la France de gabarits exceptionnels. Ils font une tonne\u00a0! Il s\u2019agit de v\u00e9ritables athl\u00e8tes, entra\u00een\u00e9s pour ce sport\u00a0: le rod\u00e9o. Si je les compare \u00e0 des athl\u00e8tes, ce n\u2019est pas un hasard car ils b\u00e9n\u00e9ficient des m\u00eames conditions de pr\u00e9paration qu\u2019un sportif de haut niveau\u00a0: s\u00e9ances d\u2019ost\u00e9opathe, suivi sanitaire et nutritif, entra\u00eenement quotidien\u2026<\/p>\n<p>De plus, des cow-boys professionnels seront pr\u00e9sents pour nous faire vivre un v\u00e9ritable show \u00e0&#8230;<\/p>\n","protected":false},"excerpt":{"rendered":"\u00c0 quoi le public doit-il s\u2019attendre durant ces deux jours\u00a0? \u00ab\u00a0Principalement \u00e0 la venue de taureaux du sud&hellip;\n","protected":false},"author":2,"featured_media":364235,"comment_status":"","ping_status":"","sticky":false,"template":"","format":"standard","meta":{"footnotes":""},"categories":[9653],"tags":[1111,11,2430,1687,7539,1777,674,3326,1011,27,12,25,4001,9664,9663],"class_list":{"0":"post-364234","1":"post","2":"type-post","3":"status-publish","4":"format-standard","5":"has-post-thumbnail","7":"category-saint-etienne","8":"tag-actu","9":"tag-actualites","10":"tag-auvergne-rhone-alpes","11":"tag-culture-loisirs","12":"tag-edition-loire-sud","13":"tag-eu","14":"tag-europe","15":"tag-fete-locale","16":"tag-fr","17":"tag-france","18":"tag-news","19":"tag-republique-francaise","20":"tag-saint-etienne","21":"tag-saint-etienne-bassin","22":"tag-saint-jean-bonnefonds"},"share_on_mastodon":{"url":"https:\/\/pubeurope.com\/@fr\/115142610350719654","error":""},"_links":{"self":[{"href":"https:\/\/www.europesays.com\/fr\/wp-json\/wp\/v2\/posts\/364234","targetHints":{"allow":["GET"]}}],"collection":[{"href":"https:\/\/www.europesays.com\/fr\/wp-json\/wp\/v2\/posts"}],"about":[{"href":"https:\/\/www.europesays.com\/fr\/wp-json\/wp\/v2\/types\/post"}],"author":[{"embeddable":true,"href":"https:\/\/www.europesays.com\/fr\/wp-json\/wp\/v2\/users\/2"}],"replies":[{"embeddable":true,"href":"https:\/\/www.europesays.com\/fr\/wp-json\/wp\/v2\/comments?post=364234"}],"version-history":[{"count":0,"href":"https:\/\/www.europesays.com\/fr\/wp-json\/wp\/v2\/posts\/364234\/revisions"}],"wp:featuredmedia":[{"embeddable":true,"href":"https:\/\/www.europesays.com\/fr\/wp-json\/wp\/v2\/media\/364235"}],"wp:attachment":[{"href":"https:\/\/www.europesays.com\/fr\/wp-json\/wp\/v2\/media?parent=364234"}],"wp:term":[{"taxonomy":"category","embeddable":true,"href":"https:\/\/www.europesays.com\/fr\/wp-json\/wp\/v2\/categories?post=364234"},{"taxonomy":"post_tag","embeddable":true,"href":"https:\/\/www.europesays.com\/fr\/wp-json\/wp\/v2\/tags?post=364234"}],"curies":[{"name":"wp","href":"https:\/\/api.w.org\/{rel}","templated":true}]}}