{"id":364236,"date":"2025-09-03T21:59:25","date_gmt":"2025-09-03T21:59:25","guid":{"rendered":"https:\/\/www.europesays.com\/fr\/364236\/"},"modified":"2025-09-03T21:59:25","modified_gmt":"2025-09-03T21:59:25","slug":"asse-pourquoi-saint-etienne-a-refuse-le-transfert-de-pierre-ekwah-malgre-la-tension","status":"publish","type":"post","link":"https:\/\/www.europesays.com\/fr\/364236\/","title":{"rendered":"ASSE : Pourquoi Saint-\u00c9tienne a refus\u00e9 le transfert de Pierre Ekwah malgr\u00e9 la tension"},"content":{"rendered":"<p>Pierre Ekwah voulait partir, Levante a tout tent\u00e9, mais Saint-\u00c9tienne a refus\u00e9 d\u2019ouvrir la porte. Entre d\u00e9sirs d\u2019ailleurs affirm\u00e9s par le joueur et fermet\u00e9 glaciale de la direction, le dossier s\u2019est transform\u00e9 en v\u00e9ritable affrontement interne.<\/p>\n<p>Ekwah, un investissement devenu source de tensions<\/p>\n<p>Recrut\u00e9 pour 6 M\u20ac, Pierre Ekwah incarnait le projet Kilmer Sport : un milieu moderne, puissant, capable de dominer la Ligue 2 et de prendre de la valeur. Mais l\u2019enthousiasme du d\u00e9but a vite laiss\u00e9 place \u00e0 un malaise. D\u00e8s le mercato, Ekwah a affich\u00e9 ses envies de d\u00e9part, jugeant la L2 trop \u00e9troite pour ses ambitions.<\/p>\n<p>Levante insiste, l\u2019ASSE bloque<\/p>\n<p>Le club espagnol a multipli\u00e9 les offensives :<\/p>\n<ul class=\"wp-block-list\">\n<li><strong>Proposition 1<\/strong>\u00a0: pr\u00eat payant avec option d\u2019achat \u00e0 6,5 M\u20ac \u2192\u00a0<strong>refus\u00e9e<\/strong><\/li>\n<li><strong>Proposition 2<\/strong>\u00a0: pr\u00eat \u00e0 500 k\u20ac, option d\u2019achat \u00e0 7 M\u20ac \u2192\u00a0<strong>refus\u00e9e<\/strong><\/li>\n<\/ul>\n<p>Malgr\u00e9 la pression, la direction st\u00e9phanoise est rest\u00e9e inflexible, refusant tout compromis.<\/p>\n<p>Le joueur contre son club : rupture consomm\u00e9e ?<\/p>\n<p>Pierre Ekwah ne s\u2019attendait pas \u00e0 ce que l\u2019ASSE l\u00e8ve son option d\u2019achat\u2026 C\u2019est l\u00e0 que la situation a bascul\u00e9. Ekwah, frustr\u00e9, a s\u00e9ch\u00e9 plusieurs s\u00e9ances d\u2019entra\u00eenement, envoyant un signal clair : il ne se voit plus dans le projet. L\u2019attitude a crisp\u00e9 le vestiaire et plac\u00e9 Eirik Horneland dans une position d\u00e9licate. Le Franco-Ghan\u00e9en ne cache plus son d\u00e9saccord, et le rapport de force avec le club vire au bras de fer.<\/p>\n<p>Kilmer Sport assume le clash<\/p>\n<p>Malgr\u00e9 cette fronde, la direction refuse de c\u00e9der. Pour Kilmer, Ekwah est un actif majeur, qui doit rapporter bien plus qu\u2019un simple ch\u00e8que de 7 M\u20ac. Quitte \u00e0 supporter un conflit interne, le club pr\u00e9f\u00e8re garder le joueur et esp\u00e9rer qu\u2019il revalorise son image sur le terrain. Mais l\u2019intransigeance pourrait co\u00fbter cher si la situation d\u00e9g\u00e9n\u00e8re.<\/p>\n<p>Un feuilleton qui empoisonne l\u2019ASSE<\/p>\n<p>Suivi en \u00c9cosse, en Espagne et ailleurs en Europe, Ekwah ne manquera pas de pr\u00e9tendants. Mais en l\u2019\u00e9tat, son avenir imm\u00e9diat \u00e0 Saint-\u00c9tienne s\u2019annonce lourd de tensions. Entre un joueur d\u00e9termin\u00e9 \u00e0 partir et une direction qui ne l\u00e2che rien, l\u2019ASSE s\u2019expose \u00e0 un climat explosif qui pourrait fragiliser toute la saison.<\/p>\n","protected":false},"excerpt":{"rendered":"Pierre Ekwah voulait partir, Levante a tout tent\u00e9, mais Saint-\u00c9tienne a refus\u00e9 d\u2019ouvrir la porte. Entre d\u00e9sirs d\u2019ailleurs&hellip;\n","protected":false},"author":2,"featured_media":364237,"comment_status":"","ping_status":"","sticky":false,"template":"","format":"standard","meta":{"footnotes":""},"categories":[9653],"tags":[1111,11,2430,448,1777,674,63,1011,27,66,3388,12,25,4001,10662],"class_list":{"0":"post-364236","1":"post","2":"type-post","3":"status-publish","4":"format-standard","5":"has-post-thumbnail","7":"category-saint-etienne","8":"tag-actu","9":"tag-actualites","10":"tag-auvergne-rhone-alpes","11":"tag-champions-league","12":"tag-eu","13":"tag-europe","14":"tag-football","15":"tag-fr","16":"tag-france","17":"tag-ligue-1","18":"tag-matchs","19":"tag-news","20":"tag-republique-francaise","21":"tag-saint-etienne","22":"tag-transferts"},"share_on_mastodon":{"url":"https:\/\/pubeurope.com\/@fr\/115142614242655452","error":""},"_links":{"self":[{"href":"https:\/\/www.europesays.com\/fr\/wp-json\/wp\/v2\/posts\/364236","targetHints":{"allow":["GET"]}}],"collection":[{"href":"https:\/\/www.europesays.com\/fr\/wp-json\/wp\/v2\/posts"}],"about":[{"href":"https:\/\/www.europesays.com\/fr\/wp-json\/wp\/v2\/types\/post"}],"author":[{"embeddable":true,"href":"https:\/\/www.europesays.com\/fr\/wp-json\/wp\/v2\/users\/2"}],"replies":[{"embeddable":true,"href":"https:\/\/www.europesays.com\/fr\/wp-json\/wp\/v2\/comments?post=364236"}],"version-history":[{"count":0,"href":"https:\/\/www.europesays.com\/fr\/wp-json\/wp\/v2\/posts\/364236\/revisions"}],"wp:featuredmedia":[{"embeddable":true,"href":"https:\/\/www.europesays.com\/fr\/wp-json\/wp\/v2\/media\/364237"}],"wp:attachment":[{"href":"https:\/\/www.europesays.com\/fr\/wp-json\/wp\/v2\/media?parent=364236"}],"wp:term":[{"taxonomy":"category","embeddable":true,"href":"https:\/\/www.europesays.com\/fr\/wp-json\/wp\/v2\/categories?post=364236"},{"taxonomy":"post_tag","embeddable":true,"href":"https:\/\/www.europesays.com\/fr\/wp-json\/wp\/v2\/tags?post=364236"}],"curies":[{"name":"wp","href":"https:\/\/api.w.org\/{rel}","templated":true}]}}