{"id":364238,"date":"2025-09-03T22:02:29","date_gmt":"2025-09-03T22:02:29","guid":{"rendered":"https:\/\/www.europesays.com\/fr\/364238\/"},"modified":"2025-09-03T22:02:29","modified_gmt":"2025-09-03T22:02:29","slug":"vivre-dans-le-presque-exposition-a-nancy","status":"publish","type":"post","link":"https:\/\/www.europesays.com\/fr\/364238\/","title":{"rendered":"\u00ab\u00a0Vivre dans le presque\u00a0\u00bb : Exposition a Nancy"},"content":{"rendered":"<p>\t\t\t\t\t\t\t\t\t<a href=\"https:\/\/www.estrepublicain.fr\/pour-sortir\/loisirs\/Exposition\/Autres-expositions\/Lorraine\/Meurthe-et-moselle\/Nancy\/2025\/09\/09\/javascript:history.back();\" rel=\"nofollow noopener\" class=\"backToSearch\" target=\"_blank\">Retour \u00e0 la recherche<\/a><\/p>\n<p class=\"media-desc\" itemprop=\"description\">&#13;<br \/>\n\t\t\t\t\tL&rsquo;artiste plasticienne Seohyeon Kim pr\u00e9sentera notamment \u00ab\u00a0Rat-volution fran\u00e7ais\u00a0\u00bb, une s\u00e9rie qui d\u00e9tourne les clich\u00e9s de la soci\u00e9t\u00e9 fran\u00e7aise, mais aussi des \u0153uvres co-r\u00e9alis\u00e9es avec des personnes sans domicile fixe.&#13;<br \/>\n\t\t\t\t\t\t\t\t\t\t\t&#13;<br \/>\n\t\t\t\t\t\t\t\t\t\tN\u00e9e \u00e0 S\u00e9oul en 1994, Seohyeon Kim a d\u00e9but\u00e9 ses \u00e9tudes en art contemporain \u00e0 l\u2019Universit\u00e9 de Konkuk en Cor\u00e9e du Sud, puis a poursuivi sa formation \u00e0 l\u2019\u00c9cole sup\u00e9rieure d\u2019art de Lorraine (Esal), p\u00f4le arts plastiques de Metz o\u00f9 elle obtient, en 2024, son dipl\u00f4me national sup\u00e9rieur d\u2019expression plastique.<br \/>\nSp\u00e9cialis\u00e9e dans l\u2019installation, Seohyeon Kim fait de l\u2019espace d\u2019exposition un projecteur qui met en lumi\u00e8re les personnes marginalis\u00e9es et invisibilis\u00e9es.<br \/>\nCette exposition est organis\u00e9e en collaboration avec le 49 Nord 6 Est,  dans le cadre de la premi\u00e8re \u00e9dition du dispositif Faire son chemin, port\u00e9 par l&rsquo;Esal p\u00f4le arts plastiques de Metz et le Frac.&#13;\n\t\t\t\t  <\/p>\n","protected":false},"excerpt":{"rendered":"Retour \u00e0 la recherche &#13; L&rsquo;artiste plasticienne Seohyeon Kim pr\u00e9sentera notamment \u00ab\u00a0Rat-volution fran\u00e7ais\u00a0\u00bb, une s\u00e9rie qui d\u00e9tourne les&hellip;\n","protected":false},"author":2,"featured_media":364239,"comment_status":"","ping_status":"","sticky":false,"template":"","format":"standard","meta":{"footnotes":""},"categories":[9635],"tags":[1111,11,1777,674,1011,27,775,1702,12,25],"class_list":{"0":"post-364238","1":"post","2":"type-post","3":"status-publish","4":"format-standard","5":"has-post-thumbnail","7":"category-nancy","8":"tag-actu","9":"tag-actualites","10":"tag-eu","11":"tag-europe","12":"tag-fr","13":"tag-france","14":"tag-grand-est","15":"tag-nancy","16":"tag-news","17":"tag-republique-francaise"},"share_on_mastodon":{"url":"https:\/\/pubeurope.com\/@fr\/115142626048011842","error":""},"_links":{"self":[{"href":"https:\/\/www.europesays.com\/fr\/wp-json\/wp\/v2\/posts\/364238","targetHints":{"allow":["GET"]}}],"collection":[{"href":"https:\/\/www.europesays.com\/fr\/wp-json\/wp\/v2\/posts"}],"about":[{"href":"https:\/\/www.europesays.com\/fr\/wp-json\/wp\/v2\/types\/post"}],"author":[{"embeddable":true,"href":"https:\/\/www.europesays.com\/fr\/wp-json\/wp\/v2\/users\/2"}],"replies":[{"embeddable":true,"href":"https:\/\/www.europesays.com\/fr\/wp-json\/wp\/v2\/comments?post=364238"}],"version-history":[{"count":0,"href":"https:\/\/www.europesays.com\/fr\/wp-json\/wp\/v2\/posts\/364238\/revisions"}],"wp:featuredmedia":[{"embeddable":true,"href":"https:\/\/www.europesays.com\/fr\/wp-json\/wp\/v2\/media\/364239"}],"wp:attachment":[{"href":"https:\/\/www.europesays.com\/fr\/wp-json\/wp\/v2\/media?parent=364238"}],"wp:term":[{"taxonomy":"category","embeddable":true,"href":"https:\/\/www.europesays.com\/fr\/wp-json\/wp\/v2\/categories?post=364238"},{"taxonomy":"post_tag","embeddable":true,"href":"https:\/\/www.europesays.com\/fr\/wp-json\/wp\/v2\/tags?post=364238"}],"curies":[{"name":"wp","href":"https:\/\/api.w.org\/{rel}","templated":true}]}}