{"id":36424,"date":"2025-04-19T11:58:14","date_gmt":"2025-04-19T11:58:14","guid":{"rendered":"https:\/\/www.europesays.com\/fr\/36424\/"},"modified":"2025-04-19T11:58:14","modified_gmt":"2025-04-19T11:58:14","slug":"peugeot-208-opel-corsa-ds3-rappel-massif-de-voitures-en-france-le-moteur-peut-se-couper-soudainement","status":"publish","type":"post","link":"https:\/\/www.europesays.com\/fr\/36424\/","title":{"rendered":"Peugeot 208, Opel Corsa, DS3\u2026 rappel massif de voitures en France, le moteur peut se couper soudainement"},"content":{"rendered":"<p>            Par<br \/>\n        <strong><br \/>\n            <a href=\"https:\/\/actu.fr\/auteur\/redaction-actu\" title=\"Consulter tous les articles de R\u00e9daction Actu\" rel=\"nofollow noopener\" target=\"_blank\">R\u00e9daction Actu<\/a><br \/>\n        <\/strong><\/p>\n<p>        Publi\u00e9 le<\/p>\n<p>            18 avr. 2025 \u00e0 15h39        <\/p>\n<p>Encore un. <a href=\"https:\/\/actu.fr\/tag\/rappel-de-produits\" rel=\"nofollow noopener\" target=\"_blank\">Rappel Conso<\/a> alerte de nouveau sur plusieurs r\u00e9f\u00e9rences du groupe automobile Stellantis. Peugeot 208, Opel Corsa ou encore DS3 Crossback font partie de ce <a href=\"https:\/\/actu.fr\/economie\/rappel-massif-d-audi-et-de-porsche-dans-toute-la-france-elles-peuvent-prendre-feu_62167261.html\" rel=\"nofollow noopener\" target=\"_blank\">rappel massif<\/a> en date de ce vendredi 18\u00a0avril 2025.<\/p>\n<p>Les mod\u00e8les concern\u00e9s<\/p>\n<p class=\" wall-content\">Plusieurs mod\u00e8les de diff\u00e9rentes marques font partie de ce rappel. Il y a d\u2019abord des voitures <a href=\"http:\/\/rappel.conso.gouv.fr\/fiche-rappel\/24037\/Rapex\" rel=\"nofollow noopener\" target=\"_blank\">Peugeot<\/a>\u2009:<\/p>\n<ul class=\" wall-content\">\n<li><strong>Mod\u00e8les\u00a0208 II, 2008 II, Rifter, Partner, Traveller, Expert<\/strong>\u2009: les Rifter et Partner vendues entre le 10 mai 2022 et le 31 mars 2023, les Traveller et Expert 4 vendues entre le 11 juillet 2022 et le 2 mars 2023, les 208 vendues entre le 17 mai 2022 et le 13 mars 2023 et les 2008 vendues entre le 28 mai 2022 et le 7 f\u00e9vrier 2023.<\/li>\n<li>Identification\u2009: e2*2007\/46*0532*19 (Traveller, Expert 4), e2*2007\/46*0532*20 (Traveller, Expert 4), e2*2007\/46*0533*21 (Traveller, Expert 4), e2*2007\/46*0533*22 (Traveller, Expert 4), e2*2007\/46*0624*16 (Rifter, Partner), e2*2007\/46*0624*18 to e2*2007\/46*0624*20 (Rifter, Partner), e2*2007\/46*0625*19 to e2*2007\/46*0625*22 (Rifter, Partner), e2*2007\/46*0625*27 (Rifter, Partner), e2*2007\/46*0639*18 to e2*2007\/46*0639*23 (208, 2008)<\/li>\n<\/ul>\n<p class=\" wall-content\">Mais aussi des <a href=\"https:\/\/rappel.conso.gouv.fr\/fiche-rappel\/24046\/Rapex\" rel=\"nofollow noopener\" target=\"_blank\">Opel\/ Vauxhall<\/a>\u2009:<\/p>\n<ul class=\" wall-content\">\n<li><strong>Mod\u00e8les Corsa, Combo, Mokka, Zafira, Vivaro\u2009: <\/strong>les Mokka vendues entre le 12 mai 2022 et le 3 f\u00e9vrier 2023, les Zafira et Vivaro vendues entre le 13 juillet 2022 et le 2 mars 2023, les Corsa vendues le 14 mai 2022 et le 1er mars 2023, les Combo vendues entre le 16 septembre 2022 et le 31 mars 2023.<\/li>\n<li>Identification\u2009: e2*2007\/46*0532*18 to e2*2007\/46*0532*20 (Zafira, Vivaro), e2*2007\/46*0533*21 and e2*2007\/46*0533*22 (Zafira, Vivaro), e2*2007\/46*0622*18 to e2*2007\/46*0622*21 (Combo), e2*2007\/46*0623*20 to e2*2007\/46*0623*24 (Combo), e2*2007\/46*0623*27 (Combo), e2*2007\/46*0639*18 to e2*2007\/46*0639*22 (Mokka), e2*2007\/46*0639*18 to e2*2007\/46*0639*23 (Corsa)<\/li>\n<\/ul>\n<p>Vid\u00e9os : en ce moment sur Actu<\/p>\n<p class=\" wall-content\">Des <a href=\"https:\/\/rappel.conso.gouv.fr\/fiche-rappel\/24093\/Rapex\" rel=\"nofollow noopener\" target=\"_blank\"><strong>DS Crossback<\/strong><\/a> vendues entre le 7 juin 2022 et le 5 d\u00e9cembre 2022, identifiables avec les r\u00e9f\u00e9rences suivantes,\u2009e2*2007\/46*0639*19, e2*2007\/46*0639*20, e2*2007\/46*0639*21, font \u00e9galement partie du rappel.<\/p>\n<p class=\" wall-content\">Et enfin des <a href=\"https:\/\/rappel.conso.gouv.fr\/fiche-rappel\/24123\/Rapex\" rel=\"nofollow noopener\" target=\"_blank\"><strong>Fiat Doblo<\/strong><\/a> vendues entre le 11\u00a0novembre 2022 et le 16\u00a0f\u00e9vrier 2023, et des <strong>Scudo<\/strong> vendues entre le 10\u00a0janvier 2023 et le 22\u00a0f\u00e9vrier 2023, identifiables avec les r\u00e9f\u00e9rences suivantes\u2009: e2*2007\/46*0533*22 (Scudo), e2*2007\/46*0624*19 (Doblo), e2*2007\/46*0624*20 (Doblo), e2*2007\/46*0625*21 (Doblo), e2*2007\/46*0625*22 (Doblo).<\/p>\n<p>Un logiciel qui dysfonctionne<\/p>\n<p class=\" wall-content\">Ce rappel est provoqu\u00e9 par le mauvais fonctionnement d\u2019un logiciel li\u00e9 au moteur. Plus pr\u00e9cis\u00e9ment, c\u2019est \u00ab\u2009le logiciel cens\u00e9 emp\u00eacher le moteur de s\u2019arr\u00eater soudainement et de transmettre des donn\u00e9es au service client\u2009\u00bb qui est en cause, pr\u00e9cise Rappel Conso.<\/p>\n<blockquote class=\"ac-article-quote wall-content\">\n<p>Cela peut entra\u00eener l\u2019indisponibilit\u00e9 du mode \u00ab Pr\u00eat \u00bb apr\u00e8s le d\u00e9marrage du v\u00e9hicule, une perte de puissance d\u2019acc\u00e9l\u00e9ration et une coupure soudaine du moteur pendant la conduite. Cela augmente le risque d&rsquo;accidents et de blessures.<\/p>\n<p>    <strong>Rappel Conso<\/strong>\n            <\/p><\/blockquote>\n<p class=\" wall-content\">Si vous \u00eates en possession de l\u2019un de ces v\u00e9hicules, Rappel Conso recommande de <strong>contacter son concessionnaire.<\/strong><\/p>\n<p class=\" wall-content\">Suivez toute l\u2019actualit\u00e9 de vos villes et m\u00e9dias favoris en vous inscrivant \u00e0 <a href=\"https:\/\/moncompte.actu.fr\" title=\"D\u00e9couvez Mon Actu\" rel=\"nofollow noopener\" data-trk=\"{&quot;cta&quot;:{&quot;action&quot;:&quot;https:\\\/\\\/moncompte.actu.fr&quot;,&quot;category&quot;:&quot;mon compte&quot;,&quot;from&quot;:&quot;article footer&quot;,&quot;name&quot;:&quot;Mon actu&quot;,&quot;type&quot;:&quot;cta&quot;}}\" target=\"_blank\">Mon Actu<\/a>.<\/p>\n<ul class=\"ac-article-tag wall-content\">\n<li><a href=\"https:\/\/actu.fr\/tag\/automobile\" data-trk=\"{&quot;cta&quot;:{&quot;action&quot;:&quot;Automobile&quot;,&quot;category&quot;:&quot;tag&quot;,&quot;from&quot;:&quot;article footer&quot;,&quot;name&quot;:&quot;Automobile&quot;,&quot;type&quot;:&quot;cta&quot;}}\" rel=\"nofollow noopener\" target=\"_blank\">#Automobile<\/a><\/li>\n<li><a href=\"https:\/\/actu.fr\/tag\/rappel-de-produits\" data-trk=\"{&quot;cta&quot;:{&quot;action&quot;:&quot;Rappel de produits&quot;,&quot;category&quot;:&quot;tag&quot;,&quot;from&quot;:&quot;article footer&quot;,&quot;name&quot;:&quot;Rappel de produits&quot;,&quot;type&quot;:&quot;cta&quot;}}\" rel=\"nofollow noopener\" target=\"_blank\">#Rappel de produits<\/a><\/li>\n<\/ul>\n","protected":false},"excerpt":{"rendered":"Par R\u00e9daction Actu Publi\u00e9 le 18 avr. 2025 \u00e0 15h39 Encore un. Rappel Conso alerte de nouveau sur&hellip;\n","protected":false},"author":2,"featured_media":36425,"comment_status":"","ping_status":"","sticky":false,"template":"","format":"standard","meta":{"footnotes":""},"categories":[2],"tags":[11,646,1011,27,12,1720,104],"class_list":{"0":"post-36424","1":"post","2":"type-post","3":"status-publish","4":"format-standard","5":"has-post-thumbnail","7":"category-actualites","8":"tag-actualites","9":"tag-automobile","10":"tag-fr","11":"tag-france","12":"tag-news","13":"tag-rappel-de-produits","14":"tag-societe"},"share_on_mastodon":{"url":"https:\/\/pubeurope.com\/@fr\/114364514559787095","error":""},"_links":{"self":[{"href":"https:\/\/www.europesays.com\/fr\/wp-json\/wp\/v2\/posts\/36424","targetHints":{"allow":["GET"]}}],"collection":[{"href":"https:\/\/www.europesays.com\/fr\/wp-json\/wp\/v2\/posts"}],"about":[{"href":"https:\/\/www.europesays.com\/fr\/wp-json\/wp\/v2\/types\/post"}],"author":[{"embeddable":true,"href":"https:\/\/www.europesays.com\/fr\/wp-json\/wp\/v2\/users\/2"}],"replies":[{"embeddable":true,"href":"https:\/\/www.europesays.com\/fr\/wp-json\/wp\/v2\/comments?post=36424"}],"version-history":[{"count":0,"href":"https:\/\/www.europesays.com\/fr\/wp-json\/wp\/v2\/posts\/36424\/revisions"}],"wp:featuredmedia":[{"embeddable":true,"href":"https:\/\/www.europesays.com\/fr\/wp-json\/wp\/v2\/media\/36425"}],"wp:attachment":[{"href":"https:\/\/www.europesays.com\/fr\/wp-json\/wp\/v2\/media?parent=36424"}],"wp:term":[{"taxonomy":"category","embeddable":true,"href":"https:\/\/www.europesays.com\/fr\/wp-json\/wp\/v2\/categories?post=36424"},{"taxonomy":"post_tag","embeddable":true,"href":"https:\/\/www.europesays.com\/fr\/wp-json\/wp\/v2\/tags?post=36424"}],"curies":[{"name":"wp","href":"https:\/\/api.w.org\/{rel}","templated":true}]}}