{"id":364240,"date":"2025-09-03T22:03:22","date_gmt":"2025-09-03T22:03:22","guid":{"rendered":"https:\/\/www.europesays.com\/fr\/364240\/"},"modified":"2025-09-03T22:03:22","modified_gmt":"2025-09-03T22:03:22","slug":"un-chantier-interrompu-sur-la-base-navale-de-toulon-apres-un-accident-qui-a-blesse-quatre-salaries","status":"publish","type":"post","link":"https:\/\/www.europesays.com\/fr\/364240\/","title":{"rendered":"Un chantier interrompu sur la base navale de Toulon apr\u00e8s un accident qui a bless\u00e9 quatre salari\u00e9s"},"content":{"rendered":"<p>Les riverains de la rade de Toulon ne l\u2019auront peut-\u00eatre pas remarqu\u00e9, pourtant, depuis le 18 ao\u00fbt dernier, ils n\u2019entendent plus le bruit sourd du battage de pieux en provenance de la base navale de Toulon. Le chantier de refonte de Milhaud 4, un appontement destin\u00e9 \u00e0 accueillir simultan\u00e9ment quatre fr\u00e9gates de d\u00e9fense et d\u2019intervention, est en effet arr\u00eat\u00e9. Et les vacances estivales n\u2019y sont absolument pour rien.<\/p>\n<p>Cette interruption est en r\u00e9alit\u00e9 due \u00e0 un accident survenu le lundi 18 ao\u00fbt en d\u00e9but d\u2019apr\u00e8s-midi et dans lequel quatre personnes, salari\u00e9es d\u2019une entreprise sous-traitante du Service d\u2019infrastructure de la D\u00e9fense, ont \u00e9t\u00e9 bless\u00e9es. Sans qu\u2019aucun pronostic vital ne soit pour autant engag\u00e9.<\/p>\n<p>R\u00e9v\u00e9l\u00e9e mardi 2 septembre par nos confr\u00e8res de la radio Ici, l\u2019information a \u00e9t\u00e9 confirm\u00e9e \u00e0 Var-matin ce mercredi 3 septembre par le capitaine de fr\u00e9gate Julie Doumas, porte-parole de la pr\u00e9fecture maritime de la M\u00e9diterran\u00e9e \u00e0 Toulon. \u00ab\u00a0Pour une raison que l\u2019enqu\u00eate en cours, confi\u00e9e aux gendarmes maritimes, devra d\u00e9terminer, une barge, \u00e0 bord de laquelle se trouvaient les quatre personnes bless\u00e9es, s\u2019est soulev\u00e9e\u00a0\u00bb, explique le commandant Doumas.<\/p>\n<p>Possible explosion?<\/p>\n<p>En attendant les conclusions de cette enqu\u00eate, et d\u2019une investigation technique men\u00e9e en interne par la Marine nationale, la pr\u00e9fecture maritime se refuse \u00e0 tout commentaire. Mais il n\u2019est pas impossible que l\u2019explosion d\u2019une ancienne munition percut\u00e9e par l\u2019un des pieux qui doit soutenir l\u2019appontement Milhaud 4 r\u00e9nov\u00e9, soit \u00e0 l\u2019origine de l\u2019accident. Lors de la Seconde Guerre mondiale, le port militaire de Toulon avait \u00e9t\u00e9 copieusement bombard\u00e9 par les Alli\u00e9s et des munitions jusqu\u2019alors non explos\u00e9es ont pu \u00e9chapper \u00e0 la campagne de d\u00e9pollution men\u00e9e avant le chantier de refonte de l\u2019appontement concern\u00e9.<\/p>\n<p>Si cet accident n\u2019a eu aucun impact op\u00e9rationnel sur l\u2019activit\u00e9 des navires de guerre toulonnais, le chantier reste ferm\u00e9 jusqu\u2019\u00e0 nouvel ordre. La porte-parole de la pr\u00e9fecture maritime pr\u00e9cise: \u00ab\u00a0En fonction des conclusions des deux enqu\u00eates, des pr\u00e9conisations seront peut-\u00eatre \u00e9mises afin d\u2019am\u00e9liorer encore la s\u00e9curit\u00e9 du chantier\u00a0\u00bb.<\/p>\n<p>              <img ci-src=\"https:\/\/www.varmatin.com\/faits-divers\/protec\/DATA_ART_16181486-3dLo6hFj.jpg?vh=b25238&amp;ci_seal=204fed11d0\" alt=\"\"\/><br \/>\n        Si la pr\u00e9sence d\u2019une barge r\u00e9v\u00e8le l\u2019existence de travaux, le chantier de refonte de l\u2019appontement Milhaud 4 est arr\u00eat\u00e9 depuis le 18 ao\u00fbt dernier. (Photo Val\u00e9rie Le Parc \/ Var-matin). <strong>LE PARC VAL\u00c9RIE \/ Nice Matin.<\/strong> <\/p>\n","protected":false},"excerpt":{"rendered":"Les riverains de la rade de Toulon ne l\u2019auront peut-\u00eatre pas remarqu\u00e9, pourtant, depuis le 18 ao\u00fbt dernier,&hellip;\n","protected":false},"author":2,"featured_media":364241,"comment_status":"","ping_status":"","sticky":false,"template":"","format":"standard","meta":{"footnotes":""},"categories":[9619],"tags":[1111,11,554,1777,674,118,1011,27,6128,12,882,25,2310],"class_list":{"0":"post-364240","1":"post","2":"type-post","3":"status-publish","4":"format-standard","5":"has-post-thumbnail","7":"category-toulon","8":"tag-actu","9":"tag-actualites","10":"tag-defense","11":"tag-eu","12":"tag-europe","13":"tag-faits-divers","14":"tag-fr","15":"tag-france","16":"tag-marine","17":"tag-news","18":"tag-provence-alpes-cote-dazur","19":"tag-republique-francaise","20":"tag-toulon"},"share_on_mastodon":{"url":"https:\/\/pubeurope.com\/@fr\/115142630036138237","error":""},"_links":{"self":[{"href":"https:\/\/www.europesays.com\/fr\/wp-json\/wp\/v2\/posts\/364240","targetHints":{"allow":["GET"]}}],"collection":[{"href":"https:\/\/www.europesays.com\/fr\/wp-json\/wp\/v2\/posts"}],"about":[{"href":"https:\/\/www.europesays.com\/fr\/wp-json\/wp\/v2\/types\/post"}],"author":[{"embeddable":true,"href":"https:\/\/www.europesays.com\/fr\/wp-json\/wp\/v2\/users\/2"}],"replies":[{"embeddable":true,"href":"https:\/\/www.europesays.com\/fr\/wp-json\/wp\/v2\/comments?post=364240"}],"version-history":[{"count":0,"href":"https:\/\/www.europesays.com\/fr\/wp-json\/wp\/v2\/posts\/364240\/revisions"}],"wp:featuredmedia":[{"embeddable":true,"href":"https:\/\/www.europesays.com\/fr\/wp-json\/wp\/v2\/media\/364241"}],"wp:attachment":[{"href":"https:\/\/www.europesays.com\/fr\/wp-json\/wp\/v2\/media?parent=364240"}],"wp:term":[{"taxonomy":"category","embeddable":true,"href":"https:\/\/www.europesays.com\/fr\/wp-json\/wp\/v2\/categories?post=364240"},{"taxonomy":"post_tag","embeddable":true,"href":"https:\/\/www.europesays.com\/fr\/wp-json\/wp\/v2\/tags?post=364240"}],"curies":[{"name":"wp","href":"https:\/\/api.w.org\/{rel}","templated":true}]}}