{"id":364242,"date":"2025-09-03T22:04:13","date_gmt":"2025-09-03T22:04:13","guid":{"rendered":"https:\/\/www.europesays.com\/fr\/364242\/"},"modified":"2025-09-03T22:04:13","modified_gmt":"2025-09-03T22:04:13","slug":"hyeres-le-rugby-fauteuil-club-toulon-provence-mediterranee-remporte-le-prix-academique-2025-du-fonds-maif-pour-leducation","status":"publish","type":"post","link":"https:\/\/www.europesays.com\/fr\/364242\/","title":{"rendered":"HYERES : Le Rugby Fauteuil Club Toulon Provence M\u00e9diterran\u00e9e remporte le Prix Acad\u00e9mique 2025 du Fonds MAIF pour l&rsquo;Education"},"content":{"rendered":"<p style=\"text-align: left;\"><strong>Le\u00a010 septembre\u00a0prochain, les repr\u00e9sentants de l\u2019association\u00a0\u00ab Rugby Fauteuil Club Toulon Provence M\u00e9diterran\u00e9e \u00bb (RFCTPM)\u00a0se verront remettre le\u00a0prix acad\u00e9mique de Nice\u00a0d\u00e9cern\u00e9 par le Fonds MAIF pour l\u2019\u00c9ducation.<\/strong> <\/p>\n<p style=\"text-align: left;\">Cette distinction, d\u2019un montant de 1 500 euros, vient r\u00e9compenser un projet m\u00ealant entraide, accompagnement, tout en cr\u00e9ant du lien social.<br \/>La c\u00e9r\u00e9monie se d\u00e9roulera\u00a0<strong>dans les locaux de la MAIF, 2 avenue Paul Bourget \u00e0 Hy\u00e8res (83) \u00e0 partir de 18h30<\/strong>.<\/p>\n<p style=\"text-align: left;\">L\u2019association\u00a0<strong>RFCTPM<\/strong>\u00a0a pour but de proposer, d\u00e9velopper et f\u00e9d\u00e9rer autour des valeurs du sport et de la solidarit\u00e9 gr\u00e2ce \u00e0 la pratique du Rugby Fauteuil en loisir et en comp\u00e9tition.<\/p>\n<p style=\"text-align: left;\">Le projet \u00a0<strong>Rouler vers le Vivre-Ensemble<\/strong> port\u00e9 par l\u2019association combine des ateliers de sensibilisation au handicap, des initiations sportives et des \u00e9v\u00e9nements inclusifs pour promouvoir le vivre-ensemble, briser les clich\u00e9s sur le handicap et inciter \u00e0 la pratique sportive pour tous. Il s\u2019adresse principalement \u00a0\u00e0 des publics jeunes et scolaires, tout en impliquant les \u00a0familles et le grand public.<\/p>\n<p style=\"text-align: left;\"><strong>Le Fonds MAIF pour l\u2019\u00c9ducation : un soutien aux associations de terrain<\/strong><\/p>\n<p style=\"text-align: left;\">Le Fonds MAIF pour l\u2019\u00c9ducation (FME) a pour vocation de soutenir des actions d\u2019int\u00e9r\u00eat g\u00e9n\u00e9ral favorisant l\u2019acc\u00e8s \u00e0 l\u2019\u00e9ducation pour tous et le partage de la connaissance.<\/p>\n<p style=\"text-align: left;\">Chaque ann\u00e9e, \u00e0 l\u2019occasion de son\u00a0<strong>appel \u00e0 projets<\/strong>, le FME met en lumi\u00e8re et r\u00e9compense celles et ceux qui s\u2019investissent au quotidien dans des actions originales et innovantes, quel que soit leur domaine d\u2019action (culture, handicap, citoyennet\u00e9, insertion, \u00e9cologique\u2026).<\/p>\n<p style=\"text-align: left;\"><strong>Prochaine \u00e9tape, le prix national<\/strong><\/p>\n<p style=\"text-align: left;\">Ce projet viendra rejoindre les 26 autres projets prim\u00e9s \u00e0 l\u2019\u00e9chelon acad\u00e9mique afin d\u2019\u00eatre pr\u00e9sent\u00e9 \u00e0 un jury pour l\u2019attribution des trois prix nationaux. Les dotations seront de 5 000 \u20ac pour le premier prix \u00ab Edmond Proust \u00bb, 3 000 \u20ac pour le 2\u00e8me et 2 000 \u20ac pour le 3\u00e8me.<\/p>\n<p style=\"text-align: left;\">La remise des prix s\u2019effectuera \u00e0 l\u2019occasion d\u2019une conf\u00e9rence le\u00a0<strong>6 novembre 2025\u00a0\u00e0 Amiens (80)<\/strong>.<\/p>\n<p style=\"text-align: left;\">Pour en savoir plus :\u00a0<a title=\"https:\/\/u7061146.ct.sendgrid.net\/ls\/click?upn=u001.gqh-2BaxUzlo7XKIuSly0rCwjAwAcVN2JzZEGA7h8ObWELW6Pasp7PrJfWEYxAKE1ijhIOKPhlJ29JakenmSnHRRie6o2Rv2KsGNN0-2FsdVfRDcNS0OwoReVF-2Fr2-2F96qaYtY4CH_Cy1gKJ78C7YbA-2Bj-2BlN-2Brdg45j31CHH-2BJmir0nmWm5AM-2BiY5k0JIygvZkcLBIpH0OHUzpYtECsDAWTgHK6mr16MmasaSdEfL2LoSEFvc0QrPlu-2F5J6EP09bKagr5EV6nE4kTzPJNWTEaLyOLhxCcoAetehZwignN-2BuxuIVuzDxlrRE7O7BRtZVU18aj2IlWM3zviom-2Fm2VEr9oOc9snpSOhkAMdy8VEBD5hOnNnhWfV9MWAD8bhgm-2BeHJqi7GNA-2BlMODmGJLQTdmb5gAgCnJeXqcv3GVlGqzVashQ7o8qro2rgKTsnv9FGICI1vkQEeR1U-2BLKEblNzZG2igNyc1ZbILedQ8H6JRNtP3F4tU28eHA-3D\" href=\"https:\/\/u7061146.ct.sendgrid.net\/ls\/click?upn=u001.gqh-2BaxUzlo7XKIuSly0rCwjAwAcVN2JzZEGA7h8ObWELW6Pasp7PrJfWEYxAKE1ijhIOKPhlJ29JakenmSnHRRie6o2Rv2KsGNN0-2FsdVfRDcNS0OwoReVF-2Fr2-2F96qaYtY4CH_Cy1gKJ78C7YbA-2Bj-2BlN-2Brdg45j31CHH-2BJmir0nmWm5AM-2BiY5k0JIygvZkcLBIpH0OHUzpYtECsDAWTgHK6mr16MmasaSdEfL2LoSEFvc0QrPlu-2F5J6EP09bKagr5EV6nE4kTzPJNWTEaLyOLhxCcoAetehZwignN-2BuxuIVuzDxlrRE7O7BRtZVU18aj2IlWM3zviom-2Fm2VEr9oOc9snpSOhkAMdy8VEBD5hOnNnhWfV9MWAD8bhgm-2BeHJqi7GNA-2BlMODmGJLQTdmb5gAgCnJeXqcv3GVlGqzVashQ7o8qro2rgKTsnv9FGICI1vkQEeR1U-2BLKEblNzZG2igNyc1ZbILedQ8H6JRNtP3F4tU28eHA-3D\" target=\"_blank\" rel=\"noopener noreferrer nofollow\" data-auth=\"NotApplicable\" data-linkindex=\"0\"><strong>entreprise.maif.fr\/fonds-maif-pour-leducation<\/strong><\/a><\/p>\n","protected":false},"excerpt":{"rendered":"Le\u00a010 septembre\u00a0prochain, les repr\u00e9sentants de l\u2019association\u00a0\u00ab Rugby Fauteuil Club Toulon Provence M\u00e9diterran\u00e9e \u00bb (RFCTPM)\u00a0se verront remettre le\u00a0prix acad\u00e9mique&hellip;\n","protected":false},"author":2,"featured_media":364243,"comment_status":"","ping_status":"","sticky":false,"template":"","format":"standard","meta":{"footnotes":""},"categories":[9619],"tags":[1111,11,1777,674,1011,27,12,882,25,2310],"class_list":{"0":"post-364242","1":"post","2":"type-post","3":"status-publish","4":"format-standard","5":"has-post-thumbnail","7":"category-toulon","8":"tag-actu","9":"tag-actualites","10":"tag-eu","11":"tag-europe","12":"tag-fr","13":"tag-france","14":"tag-news","15":"tag-provence-alpes-cote-dazur","16":"tag-republique-francaise","17":"tag-toulon"},"share_on_mastodon":{"url":"https:\/\/pubeurope.com\/@fr\/115142633937226321","error":""},"_links":{"self":[{"href":"https:\/\/www.europesays.com\/fr\/wp-json\/wp\/v2\/posts\/364242","targetHints":{"allow":["GET"]}}],"collection":[{"href":"https:\/\/www.europesays.com\/fr\/wp-json\/wp\/v2\/posts"}],"about":[{"href":"https:\/\/www.europesays.com\/fr\/wp-json\/wp\/v2\/types\/post"}],"author":[{"embeddable":true,"href":"https:\/\/www.europesays.com\/fr\/wp-json\/wp\/v2\/users\/2"}],"replies":[{"embeddable":true,"href":"https:\/\/www.europesays.com\/fr\/wp-json\/wp\/v2\/comments?post=364242"}],"version-history":[{"count":0,"href":"https:\/\/www.europesays.com\/fr\/wp-json\/wp\/v2\/posts\/364242\/revisions"}],"wp:featuredmedia":[{"embeddable":true,"href":"https:\/\/www.europesays.com\/fr\/wp-json\/wp\/v2\/media\/364243"}],"wp:attachment":[{"href":"https:\/\/www.europesays.com\/fr\/wp-json\/wp\/v2\/media?parent=364242"}],"wp:term":[{"taxonomy":"category","embeddable":true,"href":"https:\/\/www.europesays.com\/fr\/wp-json\/wp\/v2\/categories?post=364242"},{"taxonomy":"post_tag","embeddable":true,"href":"https:\/\/www.europesays.com\/fr\/wp-json\/wp\/v2\/tags?post=364242"}],"curies":[{"name":"wp","href":"https:\/\/api.w.org\/{rel}","templated":true}]}}