{"id":364244,"date":"2025-09-03T22:05:16","date_gmt":"2025-09-03T22:05:16","guid":{"rendered":"https:\/\/www.europesays.com\/fr\/364244\/"},"modified":"2025-09-03T22:05:16","modified_gmt":"2025-09-03T22:05:16","slug":"yann-golgevit-ouvre-le-festival-des-voix-de-maguelone-avec-un-concert-inedit","status":"publish","type":"post","link":"https:\/\/www.europesays.com\/fr\/364244\/","title":{"rendered":"Yann Golgevit ouvre le Festival des Voix de Maguelone avec un concert in\u00e9dit"},"content":{"rendered":"<p>\t\t\t\t\t\t\t\tUn lieu \u00e0 l\u2019acoustique exceptionnelle<\/p>\n<p>Yann Golgevit se produira dans cet <strong>\u00e9glise romane<\/strong> de Maguelone, reconnue pour ses qualit\u00e9s uniques gr\u00e2ce \u00e0 ses volumes architecturaux et ses vases acoustiques.\u00a0 Accompagn\u00e9 du Quatuor Scordatura et du pianiste Jean-Christophe Sirven, l\u2019artiste proposera un programme original m\u00ealant musiques baroques (Vivaldi) et chansons fran\u00e7aises (Barbara, Michel Legrand), dans un dialogue entre r\u00e9pertoires\u00a0 lassiques et populaires.<\/p>\n<p>Un artiste engag\u00e9 pour un festival ancr\u00e9 sur son territoire<\/p>\n<p><strong>Contre-t\u00e9nor \u00e0 la voix singuli\u00e8re<\/strong> et directeur artistique, Yann Golgevit est reconnu pour son parcours atypique et sa vision engag\u00e9e de la cr\u00e9ation. Il explore les fronti\u00e8res entre les genres, les esth\u00e9tiques et les disciplines, avec une volont\u00e9 constante d\u2019ouverture et\u00a0 \u2019inclusion. Son engagement fait \u00e9cho \u00e0 l\u2019esprit du Festival des Voix de Maguelone, port\u00e9 depuis 2009 par les Compagnons de Maguelone.<\/p>\n<p>Chaque ann\u00e9e, ce rendez-vous musical met \u00e0 l\u2019honneur la diversit\u00e9 des voix du monde gr\u00e9gorien, chants corses, cubains, ukrainiens, ch\u0153urs d\u2019op\u00e9ras ou musiques sacr\u00e9es dans un lieu charg\u00e9 d\u2019histoire. Alliant exigence artistique et action culturelle, le festival est devenu <strong>un \u00e9v\u00e9nement majeur<\/strong> dans la m\u00e9tropole de Montpellier.<\/p>\n<p>Rendez-vous le 28 septembre \u00e0 17h en la Cath\u00e9drale de Maguelone Domaine de Maguelone,\u00a0<\/p>\n<p>Vente des billets au guichet le jour du concert. Plein tarif : de 20 \u00e0 25\u20ac selon le concert (gratuit pour les moins de 12 ans)<\/p>\n<p>Parking gratuit (acc\u00e8s voiture conseill\u00e9 par Palavas-les-Flots). Les infos <strong>ici<\/strong><\/p><\/p>\n","protected":false},"excerpt":{"rendered":"Un lieu \u00e0 l\u2019acoustique exceptionnelle Yann Golgevit se produira dans cet \u00e9glise romane de Maguelone, reconnue pour ses&hellip;\n","protected":false},"author":2,"featured_media":364245,"comment_status":"","ping_status":"","sticky":false,"template":"","format":"standard","meta":{"footnotes":""},"categories":[9599],"tags":[1111,11,1777,674,1011,27,2208,12,2680,25],"class_list":{"0":"post-364244","1":"post","2":"type-post","3":"status-publish","4":"format-standard","5":"has-post-thumbnail","7":"category-montpellier","8":"tag-actu","9":"tag-actualites","10":"tag-eu","11":"tag-europe","12":"tag-fr","13":"tag-france","14":"tag-montpellier","15":"tag-news","16":"tag-occitanie","17":"tag-republique-francaise"},"share_on_mastodon":{"url":"https:\/\/pubeurope.com\/@fr\/115142637839856808","error":""},"_links":{"self":[{"href":"https:\/\/www.europesays.com\/fr\/wp-json\/wp\/v2\/posts\/364244","targetHints":{"allow":["GET"]}}],"collection":[{"href":"https:\/\/www.europesays.com\/fr\/wp-json\/wp\/v2\/posts"}],"about":[{"href":"https:\/\/www.europesays.com\/fr\/wp-json\/wp\/v2\/types\/post"}],"author":[{"embeddable":true,"href":"https:\/\/www.europesays.com\/fr\/wp-json\/wp\/v2\/users\/2"}],"replies":[{"embeddable":true,"href":"https:\/\/www.europesays.com\/fr\/wp-json\/wp\/v2\/comments?post=364244"}],"version-history":[{"count":0,"href":"https:\/\/www.europesays.com\/fr\/wp-json\/wp\/v2\/posts\/364244\/revisions"}],"wp:featuredmedia":[{"embeddable":true,"href":"https:\/\/www.europesays.com\/fr\/wp-json\/wp\/v2\/media\/364245"}],"wp:attachment":[{"href":"https:\/\/www.europesays.com\/fr\/wp-json\/wp\/v2\/media?parent=364244"}],"wp:term":[{"taxonomy":"category","embeddable":true,"href":"https:\/\/www.europesays.com\/fr\/wp-json\/wp\/v2\/categories?post=364244"},{"taxonomy":"post_tag","embeddable":true,"href":"https:\/\/www.europesays.com\/fr\/wp-json\/wp\/v2\/tags?post=364244"}],"curies":[{"name":"wp","href":"https:\/\/api.w.org\/{rel}","templated":true}]}}