{"id":364246,"date":"2025-09-03T22:06:14","date_gmt":"2025-09-03T22:06:14","guid":{"rendered":"https:\/\/www.europesays.com\/fr\/364246\/"},"modified":"2025-09-03T22:06:14","modified_gmt":"2025-09-03T22:06:14","slug":"rugby-le-pilier-de-montpellier-mohamed-houas-libere-plus-tot-que-prevu-de-son-bracelet-electronique","status":"publish","type":"post","link":"https:\/\/www.europesays.com\/fr\/364246\/","title":{"rendered":"Rugby\u00a0: le pilier de Montpellier, Mohamed Houas, lib\u00e9r\u00e9 plus t\u00f4t que pr\u00e9vu de son bracelet \u00e9lectronique"},"content":{"rendered":"<p>Condamn\u00e9 en f\u00e9vrier dernier pour conduite en \u00e9tat d&rsquo;\u00e9bri\u00e9t\u00e9, le pilier du MHR Mohamed Haouas va b\u00e9n\u00e9ficier d&rsquo;une remise de peine. Sous bracelet \u00e9lectronique depuis le 3 juillet, la justice a d\u00e9cid\u00e9 de lui retirer 20 jours plus t\u00f4t que pr\u00e9vu. <\/p>\n<p>\u00ab\u00a0Mon client a eu un comportement exemplaire pendant toute la dur\u00e9e de sa peine\u00a0\u00bb, explique son avocat Marc Gallix \u00e0 ICI H\u00e9rault, qui confirme une information\u00a0<a target=\"_blank\" rel=\"nofollow noopener noreferrer\" class=\"IciLink ici-link IciArticleLink g-ici-body-regular-1 underline brand svelte-lu7k6w\" href=\"https:\/\/www.lequipe.fr\/Rugby\/Actualites\/Montpellier-mohamed-haouas-pourra-enlever-son-bracelet-electronique-la-semaine-prochaine\/1590125\">du journal L&rsquo;Equipe<\/a>\u00a0: le pilier du MHR, Mohamed Haouas, va b\u00e9n\u00e9ficier d&rsquo;une remise de peine.\u00a0<a class=\"IciLink ici-link IciArticleLink g-ici-body-regular-1 underline brand svelte-lu7k6w\" href=\"https:\/\/www.francebleu.fr\/infos\/faits-divers-justice\/le-rugbyman-de-montpellier-mohamed-haouas-condamne-a-une-peine-de-prison-amenageable-pour-alcool-au-volant-4419464\" rel=\"nofollow noopener\" target=\"_blank\">Condamn\u00e9 en f\u00e9vrier dernier \u00e0 une peine am\u00e9nageable<\/a>\u00a0de trois mois de prison ferme pour conduite en \u00e9tat d&rsquo;ivresse, il portait un bracelet \u00e9lectronique depuis d\u00e9but juillet. Le rugbyman n&rsquo;avait pour autant pas \u00e9t\u00e9 exclu de l&rsquo;entra\u00eenement, mais il devait porter le bracelet jusqu&rsquo;au 3 octobre.<\/p>\n<p>Le justice a donc d\u00e9cid\u00e9 d&rsquo;une remise de peine et de lui retirer son bracelet 20 jours plus t\u00f4t, soit mi-septembre. Ce qui ne l&#8217;emp\u00eachera pas de jouer ce samedi face \u00e0 Toulon, pour la reprise du championnat de Top 14.<\/p>\n<p>En d\u00e9cembre 2024, Mohamed Houas avait \u00e9t\u00e9\u00a0<a class=\"IciLink ici-link IciArticleLink g-ici-body-regular-1 underline brand svelte-lu7k6w\" href=\"https:\/\/www.francebleu.fr\/infos\/faits-divers-justice\/le-rugbyman-montpellierain-mohamed-haouas-qui-a-ete-retrouve-ivre-et-inconscient-dans-une-voiture-sera-bientot-juge-9492353\" rel=\"nofollow noopener\" target=\"_blank\">retrouv\u00e9 alcoolis\u00e9 et inconscient au volant d&rsquo;une voiture<\/a>\u00a0stationn\u00e9e dans le quartier de la Mosson \u00e0 Montpellier.<\/p>\n","protected":false},"excerpt":{"rendered":"Condamn\u00e9 en f\u00e9vrier dernier pour conduite en \u00e9tat d&rsquo;\u00e9bri\u00e9t\u00e9, le pilier du MHR Mohamed Haouas va b\u00e9n\u00e9ficier d&rsquo;une&hellip;\n","protected":false},"author":2,"featured_media":364247,"comment_status":"","ping_status":"","sticky":false,"template":"","format":"standard","meta":{"footnotes":""},"categories":[9599],"tags":[1111,11,1777,674,1011,27,2208,12,2680,25],"class_list":{"0":"post-364246","1":"post","2":"type-post","3":"status-publish","4":"format-standard","5":"has-post-thumbnail","7":"category-montpellier","8":"tag-actu","9":"tag-actualites","10":"tag-eu","11":"tag-europe","12":"tag-fr","13":"tag-france","14":"tag-montpellier","15":"tag-news","16":"tag-occitanie","17":"tag-republique-francaise"},"share_on_mastodon":{"url":"https:\/\/pubeurope.com\/@fr\/115142641816308090","error":""},"_links":{"self":[{"href":"https:\/\/www.europesays.com\/fr\/wp-json\/wp\/v2\/posts\/364246","targetHints":{"allow":["GET"]}}],"collection":[{"href":"https:\/\/www.europesays.com\/fr\/wp-json\/wp\/v2\/posts"}],"about":[{"href":"https:\/\/www.europesays.com\/fr\/wp-json\/wp\/v2\/types\/post"}],"author":[{"embeddable":true,"href":"https:\/\/www.europesays.com\/fr\/wp-json\/wp\/v2\/users\/2"}],"replies":[{"embeddable":true,"href":"https:\/\/www.europesays.com\/fr\/wp-json\/wp\/v2\/comments?post=364246"}],"version-history":[{"count":0,"href":"https:\/\/www.europesays.com\/fr\/wp-json\/wp\/v2\/posts\/364246\/revisions"}],"wp:featuredmedia":[{"embeddable":true,"href":"https:\/\/www.europesays.com\/fr\/wp-json\/wp\/v2\/media\/364247"}],"wp:attachment":[{"href":"https:\/\/www.europesays.com\/fr\/wp-json\/wp\/v2\/media?parent=364246"}],"wp:term":[{"taxonomy":"category","embeddable":true,"href":"https:\/\/www.europesays.com\/fr\/wp-json\/wp\/v2\/categories?post=364246"},{"taxonomy":"post_tag","embeddable":true,"href":"https:\/\/www.europesays.com\/fr\/wp-json\/wp\/v2\/tags?post=364246"}],"curies":[{"name":"wp","href":"https:\/\/api.w.org\/{rel}","templated":true}]}}