{"id":364250,"date":"2025-09-03T22:08:53","date_gmt":"2025-09-03T22:08:53","guid":{"rendered":"https:\/\/www.europesays.com\/fr\/364250\/"},"modified":"2025-09-03T22:08:53","modified_gmt":"2025-09-03T22:08:53","slug":"la-brigade-anticriminalite-prend-en-filature-un-voleur-a-la-roulotte-et-linterpelle","status":"publish","type":"post","link":"https:\/\/www.europesays.com\/fr\/364250\/","title":{"rendered":"la brigade anticriminalit\u00e9 prend en filature un voleur \u00e0 la roulotte et l&rsquo;interpelle"},"content":{"rendered":"<p>\n\t\t\t\t\t Les faits se sont d\u00e9roul\u00e9s vendredi 29 ao\u00fbt. Peu apr\u00e8s 19 heures, un \u2019individu a \u00e9t\u00e9 rep\u00e9r\u00e9 par une patrouille de la brigade anticriminalit\u00e9 (BAC), alors qu&rsquo;il inspectait des v\u00e9hicules stationn\u00e9s dans le secteur de la rue d&rsquo;Amiens, un endroit r\u00e9put\u00e9 pour des vols \u00e0 la roulotte. Apr\u00e8s avoir entrouvert une premi\u00e8re porti\u00e8re sans rien emporter, le suspect a poursuivi son rep\u00e9rage, pris en filature par les policiers en civil..\n\t\t\t\t <\/p>\n","protected":false},"excerpt":{"rendered":"Les faits se sont d\u00e9roul\u00e9s vendredi 29 ao\u00fbt. Peu apr\u00e8s 19 heures, un \u2019individu a \u00e9t\u00e9 rep\u00e9r\u00e9 par&hellip;\n","protected":false},"author":2,"featured_media":364251,"comment_status":"","ping_status":"","sticky":false,"template":"","format":"standard","meta":{"footnotes":""},"categories":[9587],"tags":[1111,11,1777,674,1011,27,1934,12,5161,25,9590,5163],"class_list":{"0":"post-364250","1":"post","2":"type-post","3":"status-publish","4":"format-standard","5":"has-post-thumbnail","7":"category-rouen","8":"tag-actu","9":"tag-actualites","10":"tag-eu","11":"tag-europe","12":"tag-fr","13":"tag-france","14":"tag-infos-locales","15":"tag-news","16":"tag-normandie","17":"tag-republique-francaise","18":"tag-rouen","19":"tag-seine-maritime"},"share_on_mastodon":{"url":"https:\/\/pubeurope.com\/@fr\/115142653584438997","error":""},"_links":{"self":[{"href":"https:\/\/www.europesays.com\/fr\/wp-json\/wp\/v2\/posts\/364250","targetHints":{"allow":["GET"]}}],"collection":[{"href":"https:\/\/www.europesays.com\/fr\/wp-json\/wp\/v2\/posts"}],"about":[{"href":"https:\/\/www.europesays.com\/fr\/wp-json\/wp\/v2\/types\/post"}],"author":[{"embeddable":true,"href":"https:\/\/www.europesays.com\/fr\/wp-json\/wp\/v2\/users\/2"}],"replies":[{"embeddable":true,"href":"https:\/\/www.europesays.com\/fr\/wp-json\/wp\/v2\/comments?post=364250"}],"version-history":[{"count":0,"href":"https:\/\/www.europesays.com\/fr\/wp-json\/wp\/v2\/posts\/364250\/revisions"}],"wp:featuredmedia":[{"embeddable":true,"href":"https:\/\/www.europesays.com\/fr\/wp-json\/wp\/v2\/media\/364251"}],"wp:attachment":[{"href":"https:\/\/www.europesays.com\/fr\/wp-json\/wp\/v2\/media?parent=364250"}],"wp:term":[{"taxonomy":"category","embeddable":true,"href":"https:\/\/www.europesays.com\/fr\/wp-json\/wp\/v2\/categories?post=364250"},{"taxonomy":"post_tag","embeddable":true,"href":"https:\/\/www.europesays.com\/fr\/wp-json\/wp\/v2\/tags?post=364250"}],"curies":[{"name":"wp","href":"https:\/\/api.w.org\/{rel}","templated":true}]}}