{"id":364252,"date":"2025-09-03T22:10:24","date_gmt":"2025-09-03T22:10:24","guid":{"rendered":"https:\/\/www.europesays.com\/fr\/364252\/"},"modified":"2025-09-03T22:10:24","modified_gmt":"2025-09-03T22:10:24","slug":"verif-prof-gifle-etudiants-marchant-sur-les-tables-gare-a-cette-video-de-la-rentree-a-la-fac-de-grenoble","status":"publish","type":"post","link":"https:\/\/www.europesays.com\/fr\/364252\/","title":{"rendered":"V\u00c9RIF&rsquo; &#8211; Prof gifl\u00e9, \u00e9tudiants marchant sur les tables&#8230; Gare \u00e0 cette vid\u00e9o de la \u00ab\u00a0rentr\u00e9e \u00e0 la fac de Grenoble\u00a0\u00bb"},"content":{"rendered":"<ul class=\"jsx-862013697 ArticleChapo__List\">\n<li class=\"jsx-862013697 ArticleChapo__List_Item flex\">Massivement relay\u00e9e, la vid\u00e9o d&rsquo;incidents survenus dans un amphith\u00e9\u00e2tre est pr\u00e9sent\u00e9e comme l&rsquo;illustration d&rsquo;une rentr\u00e9e tr\u00e8s mouvement\u00e9e \u00e0 la fac de Grenoble.<\/li>\n<li class=\"jsx-862013697 ArticleChapo__List_Item flex\">La sc\u00e8ne s&rsquo;est bel et bien d\u00e9roul\u00e9e dans cet \u00e9tablissement de l&rsquo;Is\u00e8re, mais il s&rsquo;agissait d&rsquo;une mise en sc\u00e8ne, avec la complicit\u00e9 de l&rsquo;enseignant.<\/li>\n<li class=\"jsx-862013697 ArticleChapo__List_Item flex\">Cette s\u00e9quence remonte \u00e0 2018 et refait r\u00e9guli\u00e8rement surface \u00e0 l&rsquo;occasion de la rentr\u00e9e.<\/li>\n<\/ul>\n<p><a href=\"https:\/\/www.tf1info.fr\/actualite\/les-verificateurs-12325\/\" rel=\"noopener\" class=\"jsx-484472199 Link jsx-1428418400 jsx-1910851033\" target=\"_blank\"><\/p>\n<p style=\"font-weight:400\" class=\"jsx-1837267516\">Suivez la couverture compl\u00e8te<\/p>\n<p style=\"font-weight:800\" class=\"jsx-1837267516\">L&rsquo;info pass\u00e9e au crible des V\u00e9rificateurs<\/p>\n<p><\/a><\/p>\n<p data-module=\"article-paragraph\" class=\"jsx-3046738180 Paragraph Paragraph__End\">Film\u00e9e avec un t\u00e9l\u00e9phone portable, la vid\u00e9o d&rsquo;un amphith\u00e9\u00e2tre tr\u00e8s agit\u00e9 a \u00e9t\u00e9 visionn\u00e9e plus d&rsquo;un million de fois <a href=\"https:\/\/archive.ph\/YjVeP\" target=\"_blank\" rel=\"nofollow noopener\">sur Facebook (nouvelle fen\u00eatre)<\/a>. \u00ab\u00a0Le jour de la rentr\u00e9e \u00e0 la fac de Grenoble\u00a0\u00bb, indique le texte incrust\u00e9 sur les images. Des cris retentissent, on observe des jeunes qui s&rsquo;amusent \u00e0 marcher sur les tables, tandis qu&rsquo;une \u00e9tudiante quitte la salle et gifle au passage le professeur qui dispense le cours. Dans les commentaires, c&rsquo;est l&rsquo;indignation qui pr\u00e9domine : \u00ab\u00a0M\u00eame le niveau fac n&rsquo;est plus assez haut pour emp\u00eacher les cassos d&rsquo;y entrer\u00a0\u00bb, peut-on lire. \u00ab\u00a0Voil\u00e0 o\u00f9 ont men\u00e9 40 ans de gauchisme politique, \u00e9ducatif, m\u00e9diatique, judiciaire\u00a0\u00bb, assure un autre internaute. Des utilisateurs qui ont \u00e9t\u00e9 bern\u00e9s puisqu&rsquo;il s&rsquo;agit d&rsquo;une mise en sc\u00e8ne.<\/p>\n<p><img decoding=\"async\" src=\"https:\/\/www.europesays.com\/fr\/wp-content\/uploads\/2025\/09\/fac-grenoble-trompeur-46798b-0@1x.jpeg\" alt=\"Cette sc\u00e8ne de chaos est en r\u00e9alit\u00e9 une blague, orchestr\u00e9e par des \u00e9tudiants avec la complicit\u00e9 d'un enseignant. - Capture \u00e9cran Facebook\" loading=\"lazy\" importance=\"low\" fetchpriority=\"low\" class=\"\" data-module=\"article-image\"\/>Cette sc\u00e8ne de chaos est en r\u00e9alit\u00e9 une blague, orchestr\u00e9e par des \u00e9tudiants avec la complicit\u00e9 d&rsquo;un enseignant. &#8211; Capture \u00e9cran FacebookUn classique qui revient depuis 2018<\/p>\n<p data-module=\"article-paragraph\" class=\"jsx-3046738180 Paragraph\">Si cette sc\u00e8ne de chaos a bien \u00e9t\u00e9 film\u00e9e \u00e0 Grenoble, il ne s&rsquo;agit en aucun cas d&rsquo;un cours qui aurait r\u00e9ellement d\u00e9g\u00e9n\u00e9r\u00e9. Les faits remontent \u00e0 la rentr\u00e9e 2018, un moment choisi par le bureau des \u00e9tudiants pour faire une blague aux arrivants de premi\u00e8re ann\u00e9e, qui ont tout juste entam\u00e9 leur cursus d&rsquo;\u00e9co-gestion. L&rsquo;id\u00e9e d&rsquo;une telle mise en sc\u00e8ne vient du bureau des \u00e9tudiants de la fac, qui a sollicit\u00e9 pour cela la complicit\u00e9 du professeur.<\/p>\n<p data-module=\"article-paragraph\" class=\"jsx-3046738180 Paragraph Paragraph__End\">En 2020, 20 Minutes avait consacr\u00e9 <a href=\"https:\/\/www.20minutes.fr\/societe\/2853335-20200903-cours-fac-vire-grand-importe-quoi-mise-scene-date-2018\" target=\"_blank\" rel=\"nofollow noopener\">un article (nouvelle fen\u00eatre)<\/a> \u00e0 cette s\u00e9quence, partag\u00e9e \u2013 d\u00e9j\u00e0 \u2013 au premier degr\u00e9 sur les r\u00e9seaux sociaux. Le journal avait alors rassembl\u00e9 plusieurs autres passages de la vid\u00e9o, compl\u00e9mentaires des 40 secondes repost\u00e9es cette ann\u00e9e \u00e0 l&rsquo;occasion de la rentr\u00e9e.\u00a0<\/p>\n<p><a href=\"https:\/\/www.tf1info.fr\/societe\/la-rentree-etudiante-n-a-jamais-coute-aussi-cher-selon-la-fage-qui-reclame-une-reforme-du-systeme-de-bourses-2392398.html\" rel=\"noopener\" class=\"jsx-3308031228 Link flex\" target=\"_blank\"><img decoding=\"async\" src=\"https:\/\/www.europesays.com\/fr\/wp-content\/uploads\/2025\/09\/universite-france-2021-illustration-c98212-0@1x.jpeg\" alt=\"DAMIEN MEYER \/ AFP\" loading=\"lazy\" importance=\"low\" fetchpriority=\"low\" class=\"\" aria-hidden=\"true\"\/><\/p>\n<p class=\"jsx-3657663356 ReadMoreArticle__Title\">Lire aussi<\/p>\n<p class=\"jsx-3657663356\">La rentr\u00e9e \u00e9tudiante n&rsquo;a jamais \u00ab\u00a0co\u00fbt\u00e9 aussi cher\u00a0\u00bb selon la FAGE, qui r\u00e9clame une r\u00e9forme du syst\u00e8me de bourses<\/p>\n<p><\/a><\/p>\n<p data-module=\"article-paragraph\" class=\"jsx-3046738180 Paragraph\">Ces extraits apportaient une s\u00e9rie d&rsquo;indices utiles pour pr\u00e9ciser le contexte. On entendait ainsi la chanson \u00a0\u00ab\u00a0Ramenez la coupe \u00e0 la maison\u00a0\u00bb du groupe Vegedream r\u00e9sonner dans l&rsquo;amphith\u00e9\u00e2tre, un tube dont le succ\u00e8s est intimement li\u00e9 \u00e0 la victoire de l&rsquo;\u00e9quipe de France de football lors de la Coupe du monde 2018. Il n&rsquo;\u00e9tait donc pas surprenant que ce soit ce titre qui ait \u00e9t\u00e9 jou\u00e9 lors de la rentr\u00e9e universitaire, intervenue quelques semaines plus tard.<\/p>\n<p data-module=\"article-paragraph\" class=\"jsx-3046738180 Paragraph Paragraph__End\">Repost\u00e9e plusieurs fois ces derni\u00e8res ann\u00e9es courant septembre, la vid\u00e9o avait d\u00e9j\u00e0 suscit\u00e9 beaucoup de r\u00e9actions lors de sa premi\u00e8re mise en ligne. Des commentaires aux accents parfois racistes, qui avaient incit\u00e9 des \u00e9tudiants \u00e0 s&rsquo;exprimer sur les r\u00e9seaux sociaux pour confirmer qu&rsquo;il ne s&rsquo;agissait que d&rsquo;une blague, \u00e0 ne pas prendre pour argent comptant. Certains soulignaient d&rsquo;ailleurs que le BDE grenoblois n&rsquo;en \u00e9tait pas \u00e0 son coup d&rsquo;essai, et qu&rsquo;il avait pour habitude de r\u00e9aliser des blagues pour surprendre les nouveaux \u00e9tudiants. Le tout avec l&rsquo;aval des professeurs, complices.<\/p>\n<p data-module=\"article-paragraph\" class=\"jsx-3046738180 Paragraph Paragraph__End\"><strong>Vous souhaitez nous poser des questions ou nous soumettre une information qui ne vous para\u00eet pas fiable ? N&rsquo;h\u00e9sitez pas \u00e0 nous \u00e9crire \u00e0 l&rsquo;adresse lesverificateurs@tf1.fr. Retrouvez-nous \u00e9galement sur X : notre \u00e9quipe y est pr\u00e9sente derri\u00e8re le compte @verif_TF1LCI.<\/strong><\/p>\n<p>Thomas DESZPOT<\/p>\n","protected":false},"excerpt":{"rendered":"Massivement relay\u00e9e, la vid\u00e9o d&rsquo;incidents survenus dans un amphith\u00e9\u00e2tre est pr\u00e9sent\u00e9e comme l&rsquo;illustration d&rsquo;une rentr\u00e9e tr\u00e8s mouvement\u00e9e \u00e0&hellip;\n","protected":false},"author":2,"featured_media":364253,"comment_status":"","ping_status":"","sticky":false,"template":"","format":"standard","meta":{"footnotes":""},"categories":[9566],"tags":[1111,11,1921,2430,1777,674,1011,27,2731,1922,7541,12,10918,46918,25,133,17501],"class_list":{"0":"post-364252","1":"post","2":"type-post","3":"status-publish","4":"format-standard","5":"has-post-thumbnail","7":"category-grenoble","8":"tag-actu","9":"tag-actualites","10":"tag-article-video","11":"tag-auvergne-rhone-alpes","12":"tag-eu","13":"tag-europe","14":"tag-fr","15":"tag-france","16":"tag-grenoble","17":"tag-info","18":"tag-linfo-passee-au-crible-des-verificateurs","19":"tag-news","20":"tag-rentree-scolaire","21":"tag-rentree-scolaire-2025","22":"tag-republique-francaise","23":"tag-video","24":"tag-video-famille-et-education"},"share_on_mastodon":{"url":"https:\/\/pubeurope.com\/@fr\/115142657879670688","error":""},"_links":{"self":[{"href":"https:\/\/www.europesays.com\/fr\/wp-json\/wp\/v2\/posts\/364252","targetHints":{"allow":["GET"]}}],"collection":[{"href":"https:\/\/www.europesays.com\/fr\/wp-json\/wp\/v2\/posts"}],"about":[{"href":"https:\/\/www.europesays.com\/fr\/wp-json\/wp\/v2\/types\/post"}],"author":[{"embeddable":true,"href":"https:\/\/www.europesays.com\/fr\/wp-json\/wp\/v2\/users\/2"}],"replies":[{"embeddable":true,"href":"https:\/\/www.europesays.com\/fr\/wp-json\/wp\/v2\/comments?post=364252"}],"version-history":[{"count":0,"href":"https:\/\/www.europesays.com\/fr\/wp-json\/wp\/v2\/posts\/364252\/revisions"}],"wp:featuredmedia":[{"embeddable":true,"href":"https:\/\/www.europesays.com\/fr\/wp-json\/wp\/v2\/media\/364253"}],"wp:attachment":[{"href":"https:\/\/www.europesays.com\/fr\/wp-json\/wp\/v2\/media?parent=364252"}],"wp:term":[{"taxonomy":"category","embeddable":true,"href":"https:\/\/www.europesays.com\/fr\/wp-json\/wp\/v2\/categories?post=364252"},{"taxonomy":"post_tag","embeddable":true,"href":"https:\/\/www.europesays.com\/fr\/wp-json\/wp\/v2\/tags?post=364252"}],"curies":[{"name":"wp","href":"https:\/\/api.w.org\/{rel}","templated":true}]}}