{"id":364254,"date":"2025-09-03T22:12:19","date_gmt":"2025-09-03T22:12:19","guid":{"rendered":"https:\/\/www.europesays.com\/fr\/364254\/"},"modified":"2025-09-03T22:12:19","modified_gmt":"2025-09-03T22:12:19","slug":"un-engouement-extremement-fort-pour-le-prochain-space-salon-international-de-lelevage","status":"publish","type":"post","link":"https:\/\/www.europesays.com\/fr\/364254\/","title":{"rendered":"Un \u00ab\u00a0engouement extr\u00eamement fort\u00a0\u00bb pour le prochain Space, salon international de l\u2019\u00e9levage"},"content":{"rendered":"<p>Tous les voyants, ou presque, sont au vert. \u00c0 quelques jours <a href=\"https:\/\/www.ouest-france.fr\/economie\/agriculture\/space\/\" target=\"_blank\" rel=\"nofollow noopener\">du Space<\/a>, du 16 au 18\u00a0septembre \u00e0 Rennes (Ille-et-Vilaine), la 39e \u00e9dition <a href=\"https:\/\/www.ouest-france.fr\/economie\/agriculture\/space\/\" target=\"_blank\" rel=\"nofollow noopener\">du salon international de l\u2019\u00e9levage<\/a> s\u2019annonce \u00ab\u00a0record\u00a0\u00bb. <strong>\u00ab\u00a0Il y a un engouement extr\u00eamement fort, avec 1\u00a0225\u00a0exposants \u00e0 ce stade, la meilleure ann\u00e9e en termes de participation depuis le Covid\u00a0\u00bb<\/strong>, souligne Anne-Marie Qu\u00e9m\u00e9ner, commissaire g\u00e9n\u00e9rale de l\u2019\u00e9v\u00e9nement.<\/p>\n<p>Elle pointe \u00e9galement un nombre de pays repr\u00e9sent\u00e9s jamais atteint\u00a0: <strong>\u00ab\u00a0quarante au total, avec 30\u00a0% d\u2019exposants qui viennent de l\u2019\u00e9tranger. Dont 23\u00a0entreprises chinoises, un ph\u00e9nom\u00e8ne nouveau\u00a0\u00bb<\/strong>.<\/p>\n<p>Pour Didier Lucas, <a href=\"https:\/\/saint-brieuc.maville.com\/actu\/actudet_-un-nouveau-president-a-la-tete-du-space-le-salon-de-l-elevage-a-rennes-_5-6870646_actu.Htm\" target=\"_blank\" rel=\"nofollow noopener\">nouveau pr\u00e9sident du Space<\/a>, ces chiffres prouvent <strong>\u00ab\u00a0le rayonnement et l\u2019excellence\u00a0\u00bb<\/strong> du salon, qui attend environ 100\u00a0000\u00a0visiteurs. Le producteur de porcs a une ambition\u00a0: <strong>\u00ab\u00a0que chaque \u00e9leveur y trouve des solutions et des r\u00e9ponses pour son exploitation\u00a0\u00bb<\/strong>.<\/p>\n<p>Notamment autour des questions d\u2019intelligence artificielle, rebaptis\u00e9e \u00ab\u00a0intelligence agricole\u00a0\u00bb par les organisateurs, le th\u00e8me central de cette \u00e9dition. <strong>\u00ab\u00a0Elle est d\u00e9j\u00e0 dans nos fermes, et peut apporter beaucoup dans les ann\u00e9es \u00e0 venir. \u00c0 condition qu\u2019elle soit choisie et au service des \u00e9leveurs\u00a0\u00bb<\/strong>, estime Didier Lucas.<\/p>\n<p>L\u2019incertitude sanitaire<\/p>\n<p>Seul voyant \u00e0 l\u2019orange et ombre au tableau du prochain salon\u00a0: le contexte sanitaire. Depuis plusieurs semaines, de <a href=\"https:\/\/quimper.maville.com\/actu\/actudet_-comices-space...-comment-la-fievre-catarrhale-ovine-perturbe-les-rassemblements-d-animaux-_6-6939919_actu.Htm\" target=\"_blank\" rel=\"nofollow noopener\">nombreux \u00e9levages de l\u2019ouest sont en effet touch\u00e9s par des maladies<\/a> (la fi\u00e8vre catarrhale ovine notamment).<\/p>\n<p><strong>\u00ab\u00a0Il y a l\u00e0 aussi de l\u2019engouement, avec plus d\u2019animaux inscrits que l\u2019an dernier pour les concours. Mais on sait qu\u2019on aura des \u00e9leveurs qui ne viendront pas. On minimise les risques au maximum, avec des r\u00e8gles sanitaires strictes\u00a0\u00bb<\/strong>, explique Jean-Yves Rissel, le responsable des pr\u00e9sentations animales.<\/p>\n<p>L\u2019autre incertitude est politique. Annonc\u00e9e, la ministre de l\u2019Agriculture, Annie Genevard, sera-t-elle bien pr\u00e9sente au vu du contexte national\u00a0? Le Space pourra en tout cas compter une nouvelle fois sur les visites de plusieurs d\u00e9l\u00e9gations \u00e9trang\u00e8res, comme celle du ministre de l\u2019\u00e9levage du S\u00e9n\u00e9gal.<\/p>\n<p>\u00a0<\/p>\n","protected":false},"excerpt":{"rendered":"Tous les voyants, ou presque, sont au vert. \u00c0 quelques jours du Space, du 16 au 18\u00a0septembre \u00e0&hellip;\n","protected":false},"author":2,"featured_media":364255,"comment_status":"","ping_status":"","sticky":false,"template":"","format":"standard","meta":{"footnotes":""},"categories":[2821],"tags":[1111,11,829,19398,49885,1777,674,41849,7482,1011,27,14,766,12,11418,584,25,6290,23484],"class_list":{"0":"post-364254","1":"post","2":"type-post","3":"status-publish","4":"format-standard","5":"has-post-thumbnail","7":"category-rennes","8":"tag-actu","9":"tag-actualites","10":"tag-bretagne","11":"tag-elevage","12":"tag-engouement","13":"tag-eu","14":"tag-europe","15":"tag-extremement","16":"tag-fort","17":"tag-fr","18":"tag-france","19":"tag-international","20":"tag-nantes","21":"tag-news","22":"tag-prochain","23":"tag-rennes","24":"tag-republique-francaise","25":"tag-salon","26":"tag-space"},"share_on_mastodon":{"url":"https:\/\/pubeurope.com\/@fr\/115142665380423076","error":""},"_links":{"self":[{"href":"https:\/\/www.europesays.com\/fr\/wp-json\/wp\/v2\/posts\/364254","targetHints":{"allow":["GET"]}}],"collection":[{"href":"https:\/\/www.europesays.com\/fr\/wp-json\/wp\/v2\/posts"}],"about":[{"href":"https:\/\/www.europesays.com\/fr\/wp-json\/wp\/v2\/types\/post"}],"author":[{"embeddable":true,"href":"https:\/\/www.europesays.com\/fr\/wp-json\/wp\/v2\/users\/2"}],"replies":[{"embeddable":true,"href":"https:\/\/www.europesays.com\/fr\/wp-json\/wp\/v2\/comments?post=364254"}],"version-history":[{"count":0,"href":"https:\/\/www.europesays.com\/fr\/wp-json\/wp\/v2\/posts\/364254\/revisions"}],"wp:featuredmedia":[{"embeddable":true,"href":"https:\/\/www.europesays.com\/fr\/wp-json\/wp\/v2\/media\/364255"}],"wp:attachment":[{"href":"https:\/\/www.europesays.com\/fr\/wp-json\/wp\/v2\/media?parent=364254"}],"wp:term":[{"taxonomy":"category","embeddable":true,"href":"https:\/\/www.europesays.com\/fr\/wp-json\/wp\/v2\/categories?post=364254"},{"taxonomy":"post_tag","embeddable":true,"href":"https:\/\/www.europesays.com\/fr\/wp-json\/wp\/v2\/tags?post=364254"}],"curies":[{"name":"wp","href":"https:\/\/api.w.org\/{rel}","templated":true}]}}