{"id":364256,"date":"2025-09-03T22:13:31","date_gmt":"2025-09-03T22:13:31","guid":{"rendered":"https:\/\/www.europesays.com\/fr\/364256\/"},"modified":"2025-09-03T22:13:31","modified_gmt":"2025-09-03T22:13:31","slug":"cette-celebre-star-debarque-pres-de-rennes-pour-presenter-son-avant-premiere","status":"publish","type":"post","link":"https:\/\/www.europesays.com\/fr\/364256\/","title":{"rendered":"Cette c\u00e9l\u00e8bre star d\u00e9barque pr\u00e8s de Rennes pour pr\u00e9senter son avant-premi\u00e8re"},"content":{"rendered":"<p>Une star tr\u00e8s attendue en Bretagne&#13;<\/p>\n<p>Habitu\u00e9 des grandes sc\u00e8nes, Orelsan se tourne cette fois vers le grand \u00e9cran avec un projet qui intrigue d\u00e9j\u00e0. <strong>Sa venue en Bretagne, \u00e0 seulement quelques kilom\u00e8tres de Rennes, suscite l\u2019enthousiasme du public local.<\/strong> L\u2019annonce de sa pr\u00e9sence a rapidement fait le tour des r\u00e9seaux sociaux, provoquant un engouement tel qu\u2019une premi\u00e8re s\u00e9ance s\u2019est remplie en un rien de temps. Pour beaucoup, c\u2019est l\u2019occasion unique de rencontrer l\u2019artiste dans un cadre plus intimiste, loin des stades et festivals g\u00e9ants o\u00f9 il a l\u2019habitude de se produire.<\/p>\n<p>&#13;<br \/>\nYoro\u00ef, entre drame et fantastique&#13;<\/p>\n<p><strong>Le film Yoro\u00ef, qui sortira officiellement en salle le 29 octobre,<\/strong> raconte l\u2019histoire d\u2019Aur\u00e9lien, un personnage qui rappelle \u00e9videmment son alter ego. Apr\u00e8s une tourn\u00e9e \u00e9prouvante, il d\u00e9cide de poser ses valises au Japon avec sa compagne Nanako, enceinte de leur premier enfant. Le couple s\u2019installe dans une maison traditionnelle de campagne, esp\u00e9rant un nouveau d\u00e9part.<br \/>Mais la d\u00e9couverte d\u2019une myst\u00e9rieuse armure ancestrale dans un vieux puits va bouleverser leur quotidien. Cette relique r\u00e9veille en effet des cr\u00e9atures issues du folklore japonais\u00a0: les Yoka\u00efs, esprits aussi fascinants qu\u2019inqui\u00e9tants. Entre qu\u00eate personnelle et surnaturel, Yoro\u00ef m\u00eale drame intime et ambiance fantastique.<\/p>\n<\/p>\n<p>&#13;<br \/>\n<br \/>Une rencontre rare avec Orelsan&#13;<\/p>\n<p>La venue d\u2019Orelsan \u00e0 Vern-sur-Seiche est un v\u00e9ritable \u00e9v\u00e9nement pour les habitants de l\u2019Ille-et-Vilaine. <strong>L\u2019artiste devrait \u00e9changer avec le public \u00e0 l\u2019issue de la projection, partageant les coulisses de ce premier grand projet cin\u00e9matographique.<\/strong> Pour ses admirateurs, c\u2019est une double exp\u00e9rience\u00a0: d\u00e9couvrir un film in\u00e9dit et profiter d\u2019un moment privil\u00e9gi\u00e9 avec l\u2019un des artistes les plus influents de sa g\u00e9n\u00e9ration.<\/p>\n<p>&#13;<br \/>\nUne soir\u00e9e d\u00e9j\u00e0 culte&#13;<\/p>\n<p><strong>Avec une s\u00e9ance compl\u00e8te et la seconde qui s\u2019annonce tout aussi pleine, nul doute que cette avant-premi\u00e8re fera date. <\/strong>Entre curiosit\u00e9 pour ce nouveau projet artistique et ferveur des fans, le rendez-vous de Vern-sur-Seiche s\u2019annonce comme l\u2019un des temps forts culturels de la rentr\u00e9e en Bretagne.<\/p>\n<p>&#13;<\/p>\n<p>Le public devra ensuite patienter jusqu\u2019au 29 octobre pour retrouver Yoro\u00ef dans toutes les salles fran\u00e7aises. Mais pour ceux qui auront la chance d\u2019assister \u00e0 cette avant-premi\u00e8re, la soir\u00e9e du 14 octobre restera sans doute inoubliable.<\/p>\n<p>&#13;<\/p>\n<p>Toutes les infos et r\u00e9servations par <a href=\"https:\/\/vern-sur-seiche.cineville.fr\/programmes\/vern-sur-seiche\" rel=\"nofollow noopener noreferrer\" target=\"_blank\">ici\u00a0<\/a><\/p>\n","protected":false},"excerpt":{"rendered":"Une star tr\u00e8s attendue en Bretagne&#13; Habitu\u00e9 des grandes sc\u00e8nes, Orelsan se tourne cette fois vers le grand&hellip;\n","protected":false},"author":2,"featured_media":364257,"comment_status":"","ping_status":"","sticky":false,"template":"","format":"standard","meta":{"footnotes":""},"categories":[2821],"tags":[1111,11,829,1777,674,1011,27,12,584,25],"class_list":{"0":"post-364256","1":"post","2":"type-post","3":"status-publish","4":"format-standard","5":"has-post-thumbnail","7":"category-rennes","8":"tag-actu","9":"tag-actualites","10":"tag-bretagne","11":"tag-eu","12":"tag-europe","13":"tag-fr","14":"tag-france","15":"tag-news","16":"tag-rennes","17":"tag-republique-francaise"},"share_on_mastodon":{"url":"https:\/\/pubeurope.com\/@fr\/115142669880203913","error":""},"_links":{"self":[{"href":"https:\/\/www.europesays.com\/fr\/wp-json\/wp\/v2\/posts\/364256","targetHints":{"allow":["GET"]}}],"collection":[{"href":"https:\/\/www.europesays.com\/fr\/wp-json\/wp\/v2\/posts"}],"about":[{"href":"https:\/\/www.europesays.com\/fr\/wp-json\/wp\/v2\/types\/post"}],"author":[{"embeddable":true,"href":"https:\/\/www.europesays.com\/fr\/wp-json\/wp\/v2\/users\/2"}],"replies":[{"embeddable":true,"href":"https:\/\/www.europesays.com\/fr\/wp-json\/wp\/v2\/comments?post=364256"}],"version-history":[{"count":0,"href":"https:\/\/www.europesays.com\/fr\/wp-json\/wp\/v2\/posts\/364256\/revisions"}],"wp:featuredmedia":[{"embeddable":true,"href":"https:\/\/www.europesays.com\/fr\/wp-json\/wp\/v2\/media\/364257"}],"wp:attachment":[{"href":"https:\/\/www.europesays.com\/fr\/wp-json\/wp\/v2\/media?parent=364256"}],"wp:term":[{"taxonomy":"category","embeddable":true,"href":"https:\/\/www.europesays.com\/fr\/wp-json\/wp\/v2\/categories?post=364256"},{"taxonomy":"post_tag","embeddable":true,"href":"https:\/\/www.europesays.com\/fr\/wp-json\/wp\/v2\/tags?post=364256"}],"curies":[{"name":"wp","href":"https:\/\/api.w.org\/{rel}","templated":true}]}}