{"id":364258,"date":"2025-09-03T22:14:28","date_gmt":"2025-09-03T22:14:28","guid":{"rendered":"https:\/\/www.europesays.com\/fr\/364258\/"},"modified":"2025-09-03T22:14:28","modified_gmt":"2025-09-03T22:14:28","slug":"8-idees-pour-sortir-de-ta-chambre-etudiante-a-strasbourg","status":"publish","type":"post","link":"https:\/\/www.europesays.com\/fr\/364258\/","title":{"rendered":"8 id\u00e9es pour sortir de ta chambre \u00e9tudiante \u00e0 Strasbourg"},"content":{"rendered":"<p><b>\u00c0 Strasbourg, les occasions de bouger et de s\u2019exprimer ne manquent pas. Sport, musique, th\u00e9\u00e2tre, danse ou chant, il y en a pour toutes les envies et de quoi vivre ses passions \u00e0 fond. Voici quelques pistes pour profiter pleinement de ces ann\u00e9es universitaires en dehors des cours.<\/b><\/p>\n<p>Le Service des sports de l&rsquo;universit\u00e9<\/p>\n<p><b>Chaque \u00e9tudiant(e) de l\u2019Universit\u00e9 de Strasbourg<\/b> qui a pay\u00e9 sa CVEC au moment de son inscription, ou bien qui en a \u00e9t\u00e9 exon\u00e9r\u00e9(e), <b>a acc\u00e8s aux cours propos\u00e9s par le SUAPS.<\/b> Le Service universitaire des activit\u00e9s physiques et sportives propose <b>plus de 50 disciplines<\/b> aux \u00e9tudiant(e)s <b>allant de l\u2019aviron au tir \u00e0 l\u2019arc, en passant par le golf.<\/b><\/p>\n<p>Il y en a pour tous les go\u00fbts, mais attention, <b>les places sont souvent limit\u00e9es.<\/b> Mieux vaut donc s\u2019inscrire au plus vite. Toutes les activit\u00e9s sportives sont \u00e0 d\u00e9couvrir \u00e0 partir du 1er septembre et<b> les inscriptions ouvrent le 4 septembre \u00e0 8h.<\/b> Il faut s\u2019inscrire <a href=\"https:\/\/sport.unistra.fr\/\" target=\"_blank\" rel=\"noopener nofollow\"><b>directement via le site d\u00e9di\u00e9<\/b><\/a> et les cours d\u00e9butent \u00e0 partir du <b>8 septembre.<\/b><\/p>\n<p>    <img width=\"800\" height=\"568\" src=\"https:\/\/www.europesays.com\/fr\/wp-content\/uploads\/2025\/04\/275237902_917434745615559_4434964095929621498_n.jpg\" class=\"attachment-image-size-L size-image-size-L\" alt=\"unistra facult\u00e9 universit\u00e9 \u00e9tudiants\" decoding=\"async\" loading=\"lazy\"  \/>         \u00a9 Coraline Lafon \/ Pokaa <\/p>\n<p>En cette rentr\u00e9e 2025, l\u2019Universit\u00e9 de Strasbourg <b>inaugure d\u2019ailleurs un centre sportif flambant neuf. <\/b><a href=\"https:\/\/pokaa.fr\/2024\/02\/27\/avec-ses-6-800-m2-le-nouveau-centre-sportif-de-luniversite-de-strasbourg-voit-grand\/\" target=\"_blank\" rel=\"noopener nofollow\">Apr\u00e8s plusieurs ann\u00e9es de travaux<\/a>, l\u2019immense b\u00e2timent sur cinq niveaux et de 6 800 m2 se trouve sur le campus central, <b>\u00e0 l\u2019emplacement de l\u2019ancien b\u00e2timent du Platane.<\/b><\/p>\n<p>Pour celles et ceux qui disposent d\u00e9j\u00e0 d\u2019un bon niveau dans leur discipline sportive, <b>l\u2019AS Unistra (Association sportive de l\u2019Universit\u00e9 de Strasbourg) <\/b>permet de faire de la comp\u00e9tition et <b>le bureau du Haut Niveau <\/b>propose un am\u00e9nagement des \u00e9tudes.<\/p>\n<p>    <img width=\"800\" height=\"405\" src=\"https:\/\/www.europesays.com\/fr\/wp-content\/uploads\/2025\/09\/capture-decran-2024-02-27-a-162859-800x405.png\" class=\"attachment-image-size-L size-image-size-L\" alt=\"centre sportif universitaire\" decoding=\"async\" loading=\"lazy\"  \/>         \u00a9\u00a0Ajeance \/ Document remis <\/p>\n<p>Sport en club ou en ext\u00e9rieur<\/p>\n<p>La ville compte aussi de<b> nombreuses salles de sport <\/b>facilement rep\u00e9rables sur Google, qui proposent des abonnements avec des prix r\u00e9duits \u00e0 destination des \u00e9tudiant(e)s. <a href=\"https:\/\/ods67.com\/\" target=\"_blank\" rel=\"noopener nofollow\"><b>L\u2019Office des sports de Strasbourg<\/b><\/a><b> r\u00e9f\u00e9rence \u00e0 lui seul plus de 200 clubs<\/b> qui proposent diverses disciplines.<\/p>\n<p>Pour aider les \u00e9tudiant(e)s \u00e0 <b>r\u00e9gler les frais d\u2019inscription dans le club sportif de leur choix, <\/b>l\u2019\u00c9tat a mis en place <a href=\"https:\/\/www.etudiant.gouv.fr\/fr\/le-pass-sport-et-les-etudiants-2800\" target=\"_blank\" rel=\"noopener nofollow\"><b>le Pass\u2019Sport, une d\u00e9duction de 70 \u20ac<\/b><\/a><b>. <\/b>Pour en b\u00e9n\u00e9ficier, il faut \u00eatre \u00e9tudiant(e) boursier\/i\u00e8re ou b\u00e9n\u00e9ficier de l\u2019Aide sp\u00e9cifique annuelle (ASA), <b>et avoir 28 ans ou moins.<\/b> Le dispositif est \u00e9galement ouvert \u00e0 celles et ceux qui b\u00e9n\u00e9ficient de l\u2019Allocation d\u2019\u00e9ducation de l\u2019enfant handicap\u00e9 (AEEH) ou de l\u2019Allocation aux adultes handicap\u00e9s (AAH).<\/p>\n<p>    <img width=\"800\" height=\"600\" src=\"https:\/\/www.europesays.com\/fr\/wp-content\/uploads\/2025\/09\/image00008-9.jpeg\" class=\"attachment-image-size-L size-image-size-L\" alt=\"O\u2019Zone salle de sport\" decoding=\"async\" loading=\"lazy\"  \/>         \u00a9 Bastien Pietronave \/ Pokaa <\/p>\n<p>Si tu es \u00e0 la recherche d\u2019originalit\u00e9, tu peux aussi te tourner vers <a href=\"https:\/\/www.facebook.com\/profile.php?id=100057347835571\" target=\"_blank\" rel=\"noopener nofollow\"><b>le burlesque<\/b><\/a><b>, <\/b><a href=\"https:\/\/pokaa.fr\/2022\/07\/05\/invisible-il-y-a-quelques-annees-la-culture-voguing-fait-sa-place-a-strasbourg\/\" target=\"_blank\" rel=\"noopener nofollow\"><b>le voguing<\/b><\/a> ou d\u2019autres sports insolites. Et pour celles et ceux qui pr\u00e9f\u00e8rent transpirer \u00e0 l\u2019air libre, <b>des \u00e9quipements sportifs sont install\u00e9s en plein air<\/b><b>, ainsi que <\/b><b>des terrains de basket dans plusieurs parcs.\u00a0<\/b><\/p>\n<p>    <img width=\"800\" height=\"533\" src=\"https:\/\/www.europesays.com\/fr\/wp-content\/uploads\/2025\/09\/voguing45.jpg\" class=\"attachment-image-size-L size-image-size-L\" alt=\"Voguing(45)\" decoding=\"async\" loading=\"lazy\"  \/>         \u00a9 Mathilde Piaud \/ Pokaa <\/p>\n<p>Jouer et chanter<\/p>\n<p><b>L\u2019ARTUS <\/b>(le th\u00e9\u00e2tre universitaire de Strasbourg) propose aux \u00e9tudiant(e)s de suivre des ateliers d\u2019expression sc\u00e9nique, de maquillage sc\u00e9nique ou encore d\u2019\u00e9clairage. Ils sont <a href=\"https:\/\/artusasso.fr\/nos-ateliers\/\" target=\"_blank\" rel=\"noopener nofollow\">\u00e0 d\u00e9couvrir juste ici<\/a>. ll est aussi possible d\u2019auditionner pour<b> participer au spectacle de fin d\u2019ann\u00e9e,<\/b> qui se jouera dans les salles partenaires de l\u2019association. <\/p>\n<p>Les inscriptions ouvrent <b>vers mi-septembre<\/b> pendant seulement quelques jours, alors <b>mieux vaut <\/b><a href=\"https:\/\/www.instagram.com\/artusasso\/\" target=\"_blank\" rel=\"noopener nofollow\"><b>suivre le compte Instagram<\/b><\/a><b> et <\/b><a href=\"https:\/\/www.facebook.com\/ARTUSasso\/\" target=\"_blank\" rel=\"noopener nofollow\"><b>la page Facebook<\/b><\/a> pour ne rien louper. Sinon, c\u2019est peut-\u00eatre l\u2019occasion de <b>se lancer dans l\u2019improvisation<\/b>, une discipline qui gagne du terrain \u00e0 Strasbourg.\u00a0<\/p>\n<p>    <img width=\"800\" height=\"533\" src=\"https:\/\/www.europesays.com\/fr\/wp-content\/uploads\/2025\/09\/tns-lellipse-18-800x533.jpg\" class=\"attachment-image-size-L size-image-size-L\" alt=\"TNS L\u2019Ellipse (18)\" decoding=\"async\" loading=\"lazy\"  \/>         \u00a9 Marie Goehner-David \/ Pokaa <\/p>\n<p>Si tu es musicienne ou musicien, tu peux rejoindre <a href=\"https:\/\/www.instagram.com\/feu._.strasbourg\/\" target=\"_blank\" rel=\"noopener nofollow\"><b>FEU, la fanfare \u00e9tudiante universitaire de Strasbourg<\/b><\/a><b>, <\/b>ou encore le fameux <a href=\"https:\/\/ous.unistra.fr\/recrutement\/\" target=\"_blank\" rel=\"noopener nofollow\"><b>Orchestre universitaire de Strasbourg<\/b><\/a><b>. <\/b>L\u2019Orchestre recrute et les auditions ont g\u00e9n\u00e9ralement lieu <b>durant le mois de septembre. <\/b>Pour passer une audition, il faut prendre contact par mail \u00e0 l\u2019adresse suivante : <b><a href=\"http:\/\/pokaa.fr\/cdn-cgi\/l\/email-protection#73101c1d071210075d1c06005d061d1a0007011233141e121a1f5d101c1e\" target=\"_blank\" rel=\"noopener nofollow\">[email\u00a0protected]<\/a>.<\/b> L\u2019orchestre est compos\u00e9 de plus de <b>80 musicien(ne)s <\/b>et <b>une quinzaine de concerts<\/b>\u00a0\u00e0 Strasbourg ou \u00e0 l\u2019\u00e9tranger sont organis\u00e9s tout au long de l\u2019ann\u00e9e.<\/p>\n<p>Et si tu veux rejoindre ou former un groupe, tu trouveras s\u00fbrement des partenaires motiv\u00e9(e)s sur<b> la page Facebook <\/b><a href=\"https:\/\/www.facebook.com\/groups\/322097584797753\" target=\"_blank\" rel=\"noopener nofollow\"><b>Musicien.ne.s de Strasbourg<\/b><\/a><b>, <\/b>qui compte plus de 5 000 membres. Et oui, \u00e7a joue pas mal par chez nous ! Si tu pr\u00e9f\u00e8res utiliser tes cordes vocales comme instrument, plusieurs chorales existent \u00e0 Strasbourg, comme l\u2019incontournable <a href=\"https:\/\/evus.unistra.fr\/\" target=\"_blank\" rel=\"noopener nofollow\"><b>Ensemble vocal universitaire de Strasbourg<\/b><\/a><b>.<\/b><\/p>\n<p>    <img width=\"800\" height=\"532\" src=\"https:\/\/www.europesays.com\/fr\/wp-content\/uploads\/2025\/09\/231113-pka-charlotte-juillard-9-800x532.jpg\" class=\"attachment-image-size-L size-image-size-L\" alt=\"Charlotte Juillard premier violon Orchestre Philharmonique de Strasbourg OPS\" decoding=\"async\" loading=\"lazy\"  \/>         \u00a9 Adrien Labit \/ Pokaa  <\/p>\n<p>Pour les cin\u00e9philes<\/p>\n<p>Si tu es fan de cinoche et que tu passes ton temps libre dans les salles obscures, tu trouveras forc\u00e9ment ton bonheur <b>parmi les cin\u00e9-clubs pr\u00e9sents sur le campus. <\/b>De nombreuses composantes en ont un, comme <a href=\"https:\/\/www.facebook.com\/p\/Cin%C3%A9club-Insa-Strasbourg-100064717537154\/?paipv=0&amp;eav=Afa5EkpMxQhWgsxJXm7Bq0zyqVDvK7q8POcPRuxvFov68dGhdlBpCKMt1h3Ovq6GBs4&amp;_rdr\" target=\"_blank\" rel=\"noopener nofollow\">l\u2019INSA<\/a> par exemple. L\u2019id\u00e9al, c\u2019est de <b>se rapprocher de ta fac<\/b> ou des associations \u00e9tudiantes pour trouver celui qui te convient. <\/p>\n<p>Le centre-ville de Strasbourg poss\u00e8de aussi <strong>4 cin\u00e9mas diff\u00e9rents<\/strong> : le Vox, l\u2019UGC, les cin\u00e9mas Star \/ Saint-Ex et le Cosmos. De quoi trouver chaussure \u00e0 ton pied. Et petite particularit\u00e9 strasbourgeoise : <strong>la carte UGC illimit\u00e9, \u00e0 23,90 \u20ac par mois, te permet de profiter de s\u00e9ances en illimit\u00e9 dans toutes les salles de la ville !\u00a0<\/strong><\/p>\n<p>    <img width=\"400\" height=\"600\" src=\"https:\/\/www.europesays.com\/fr\/wp-content\/uploads\/2025\/07\/cinema-odyssee.jpg\" class=\"attachment-image-size-M size-image-size-M\" alt=\"cin\u00e9ma odyss\u00e9e\" decoding=\"async\" loading=\"lazy\"  \/>         \u00a9 Mathilde Piaud \/ Pokaa <\/p>\n<p>Des ateliers et des sorties culturelles<\/p>\n<p>Les \u00e9tudiant(e)s qui ont pay\u00e9 ou qui sont exon\u00e9r\u00e9(e)s de la CVEC ont directement la <a href=\"https:\/\/www.carte-culture.org\/fr\/utilisation\/\" target=\"_blank\" rel=\"noopener nofollow\"><b>Carte Culture int\u00e9gr\u00e9e \u00e0 leur Pass Campus<\/b><\/a><b>. <\/b>Elle permet d\u2019obtenir <b>des r\u00e9ductions sur \u00e9norm\u00e9ment de choses <\/b>comme les mus\u00e9es, certains spectacles ou encore le cin\u00e9.<\/p>\n<p>Si tu veux d\u00e9couvrir les mus\u00e9es de la ville, sache que leur visite est enti\u00e8rement gratuite gr\u00e2ce \u00e0 la Carte Culture. Et si tu veux assister \u00e0 des repr\u00e9sentations ou des spectacles \u00e0 <a href=\"https:\/\/www.operanationaldurhin.eu\/fr\/l-onr-pour-vous\/pour-les-moins-de-28-ans\" target=\"_blank\" rel=\"noopener nofollow\"><b>l\u2019Op\u00e9ra national du Rhin<\/b><\/a><b> ou bien au <\/b><a href=\"https:\/\/tns.fr\/\" target=\"_blank\" rel=\"noopener nofollow\"><b>Th\u00e9\u00e2tre national de Strasbourg<\/b><\/a><b>,<\/b> le tarif est fix\u00e9 \u00e0 6\u20ac par spectacle tout au long de la saison.<\/p>\n<p><b>Le Crous de Strasbourg<\/b> met en ligne <a href=\"https:\/\/www.crous-strasbourg.fr\/evenement\/\" target=\"_blank\" rel=\"noopener nofollow\"><b>un agenda tr\u00e8s fourni toute l\u2019ann\u00e9e<\/b><\/a>. Au programme, des s\u00e9ances de sport directement dans les cit\u00e9s U, des ateliers artistiques et cr\u00e9atifs et des sorties en tout genre. Les places sont limit\u00e9es, <b>mais tout ce qui est propos\u00e9 est enti\u00e8rement gratuit !<\/b><\/p>\n<p>                <a href=\"https:\/\/pokaa.fr\/2025\/08\/31\/pres-de-15000-guides-a-strasbourg-pokaa-sort-son-3e-papier-destine-aux-etudiantes\/\" rel=\"nofollow noopener\" target=\"_blank\"><br \/>\n                    <img width=\"450\" height=\"270\" src=\"https:\/\/www.europesays.com\/fr\/wp-content\/uploads\/2025\/09\/packshotetudiant3-33-450x270.png\" class=\"attachment-card-horizontal--same-subject size-card-horizontal--same-subject wp-post-image\" alt=\"\" decoding=\"async\" loading=\"lazy\"  \/>                <\/a><\/p>\n<p><script async src=\"\/\/www.instagram.com\/embed.js\"><\/script><\/p>\n","protected":false},"excerpt":{"rendered":"\u00c0 Strasbourg, les occasions de bouger et de s\u2019exprimer ne manquent pas. Sport, musique, th\u00e9\u00e2tre, danse ou chant,&hellip;\n","protected":false},"author":2,"featured_media":364259,"comment_status":"","ping_status":"","sticky":false,"template":"","format":"standard","meta":{"footnotes":""},"categories":[2820],"tags":[1111,11,251,6379,1777,674,1011,27,775,49264,12,25,517,640,30161],"class_list":{"0":"post-364258","1":"post","2":"type-post","3":"status-publish","4":"format-standard","5":"has-post-thumbnail","7":"category-strasbourg","8":"tag-actu","9":"tag-actualites","10":"tag-culture","11":"tag-etudiants","12":"tag-eu","13":"tag-europe","14":"tag-fr","15":"tag-france","16":"tag-grand-est","17":"tag-guide-etudiant","18":"tag-news","19":"tag-republique-francaise","20":"tag-sport","21":"tag-strasbourg","22":"tag-universite-de-strasbourg"},"share_on_mastodon":{"url":"https:\/\/pubeurope.com\/@fr\/115142673943846573","error":""},"_links":{"self":[{"href":"https:\/\/www.europesays.com\/fr\/wp-json\/wp\/v2\/posts\/364258","targetHints":{"allow":["GET"]}}],"collection":[{"href":"https:\/\/www.europesays.com\/fr\/wp-json\/wp\/v2\/posts"}],"about":[{"href":"https:\/\/www.europesays.com\/fr\/wp-json\/wp\/v2\/types\/post"}],"author":[{"embeddable":true,"href":"https:\/\/www.europesays.com\/fr\/wp-json\/wp\/v2\/users\/2"}],"replies":[{"embeddable":true,"href":"https:\/\/www.europesays.com\/fr\/wp-json\/wp\/v2\/comments?post=364258"}],"version-history":[{"count":0,"href":"https:\/\/www.europesays.com\/fr\/wp-json\/wp\/v2\/posts\/364258\/revisions"}],"wp:featuredmedia":[{"embeddable":true,"href":"https:\/\/www.europesays.com\/fr\/wp-json\/wp\/v2\/media\/364259"}],"wp:attachment":[{"href":"https:\/\/www.europesays.com\/fr\/wp-json\/wp\/v2\/media?parent=364258"}],"wp:term":[{"taxonomy":"category","embeddable":true,"href":"https:\/\/www.europesays.com\/fr\/wp-json\/wp\/v2\/categories?post=364258"},{"taxonomy":"post_tag","embeddable":true,"href":"https:\/\/www.europesays.com\/fr\/wp-json\/wp\/v2\/tags?post=364258"}],"curies":[{"name":"wp","href":"https:\/\/api.w.org\/{rel}","templated":true}]}}