{"id":364263,"date":"2025-09-03T22:17:18","date_gmt":"2025-09-03T22:17:18","guid":{"rendered":"https:\/\/www.europesays.com\/fr\/364263\/"},"modified":"2025-09-03T22:17:18","modified_gmt":"2025-09-03T22:17:18","slug":"nice-rentree-scolaire-mon-cartable-ma-sante","status":"publish","type":"post","link":"https:\/\/www.europesays.com\/fr\/364263\/","title":{"rendered":"NICE : Rentr\u00e9e scolaire, \u00ab Mon cartable, ma sant\u00e9 \u00bb"},"content":{"rendered":"<p style=\"text-align: left;\"><strong>Christian Estrosi,\u00a0Maire de Nice, Pr\u00e9sident de la M\u00e9tropole Nice C\u00f4te d\u2019Azur,\u00a0est all\u00e9 \u00e0 la rencontre des \u00e9l\u00e8ves et des personnels municipaux et de l\u2019Education Nationale de l\u2019\u00e9cole\u00a0primaire Rancher pour leur souhaiter une bonne rentr\u00e9e. Il s\u2019est ensuite rendu \u00e0 l\u2019\u00e9cole priv\u00e9e sous contrat Regina Coeli.<\/strong><\/p>\n<p style=\"text-align: left;\">En amont de ces visites, le Maire a tenu un point presse au CSU, dans la salle d\u00e9di\u00e9e \u00e0 la surveillance des \u00e9coles. Il a annonc\u00e9 la pr\u00e9sentation et le lancement dans les prochains jours d\u2019une application, WARY ME, visant \u00e0 renforcer la transmission d\u2019informations au sein des \u00e9coles. Celle-ci vient juste d\u2019\u00eatre valid\u00e9e par la CNIL.<\/p>\n<p style=\"text-align: left;\">Travaux, verdissement des cours, culture, sant\u00e9, sport, inclusion\u2026 dans tous les domaines, la Ville agit pour que les \u00e9l\u00e8ves et les personnels municipaux et de l\u2019Education Nationale travaillent et s\u2019\u00e9panouissent dans les meilleures conditions dans les \u00e9coles de Nice.<\/p>\n<p style=\"text-align: left;\"><strong>A un environnement respectueux de leur sant\u00e9<\/strong><\/p>\n<p style=\"text-align: left;\">La ville de Nice \u0153uvre au quotidien pour la sant\u00e9 des Ni\u00e7oises et des Ni\u00e7ois et particuli\u00e8rement des plus jeunes. Par le biais de nombreuses mesures, la municipalit\u00e9 am\u00e9liore le cadre de vie des \u00e9coliers.<\/p>\n<p style=\"text-align: left;\"><strong>\u00ab Mon cartable, ma sant\u00e9 \u00bb : sensibilisation des parents aux perturbateurs endocriniens<\/strong><\/p>\n<p style=\"text-align: left;\">Le plan ni\u00e7ois de lutte contre les phtalates est une des actions phares du Contrat Local de Sant\u00e9 de Nice 2024-2029 sign\u00e9 par les 10 partenaires institutionnels majeurs du territoire en mati\u00e8re de sant\u00e9 publique (ARS PACA, Pr\u00e9fecture des Alpes Maritimes, CHU de Nice, CPAM06, Education Nationale, Universit\u00e9 Nice C\u00f4te d\u2019Azur, CCAS de Nice, M\u00e9tropole Nice C\u00f4te d\u2019Azur et Ville de Nice) Afin de sensibiliser les familles et les enseignants aux perturbateurs endocriniens et aux comportements \u00e0 adopter pour r\u00e9duire leur pr\u00e9sence, la Ville de Nice a r\u00e9alis\u00e9 un guide de bons r\u00e9flexes \u00e0 avoir lors de l\u2019achat des fournitures scolaires.<\/p>\n<p style=\"text-align: left;\">Le d\u00e9pliant d\u2019informations \u00ab Mon cartable \u2013 ma sant\u00e9 \u00bb a \u00e9t\u00e9 distribu\u00e9 dans les \u00e9coles. Il contient de nombreuses recommandations pour un cartable sain. Par ailleurs, dans cette dynamique de d\u00e9veloppement durable, la Direction Education est engag\u00e9e dans la r\u00e9duction de l\u2019impact environnemental. Aussi, tous les produits d\u2019entretien utilis\u00e9s ainsi que les consommables d\u2019hygi\u00e8ne pr\u00e9sentent les meilleures performances environnementales et r\u00e9pondent aux exigences d\u2019un label \u00e9cologique officiel (Ecolabel europ\u00e9en, NF Environnement, Cygne Nordique, Ange Bleu d\u00e9tergence \u00e9cologique d\u2019Ecocert\u2026 ou \u00e9quivalent).<\/p>\n<p style=\"text-align: left;\"><strong>SOURCE : Rentr\u00e9e scolaire dans les \u00e9coles de la Ville de Nice. <\/strong><\/p>\n","protected":false},"excerpt":{"rendered":"Christian Estrosi,\u00a0Maire de Nice, Pr\u00e9sident de la M\u00e9tropole Nice C\u00f4te d\u2019Azur,\u00a0est all\u00e9 \u00e0 la rencontre des \u00e9l\u00e8ves et&hellip;\n","protected":false},"author":2,"featured_media":362189,"comment_status":"","ping_status":"","sticky":false,"template":"","format":"standard","meta":{"footnotes":""},"categories":[2819],"tags":[1111,11,1777,674,1011,27,12,2401,882,25],"class_list":{"0":"post-364263","1":"post","2":"type-post","3":"status-publish","4":"format-standard","5":"has-post-thumbnail","7":"category-nice","8":"tag-actu","9":"tag-actualites","10":"tag-eu","11":"tag-europe","12":"tag-fr","13":"tag-france","14":"tag-news","15":"tag-nice","16":"tag-provence-alpes-cote-dazur","17":"tag-republique-francaise"},"share_on_mastodon":{"url":"https:\/\/pubeurope.com\/@fr\/115142685107517768","error":""},"_links":{"self":[{"href":"https:\/\/www.europesays.com\/fr\/wp-json\/wp\/v2\/posts\/364263","targetHints":{"allow":["GET"]}}],"collection":[{"href":"https:\/\/www.europesays.com\/fr\/wp-json\/wp\/v2\/posts"}],"about":[{"href":"https:\/\/www.europesays.com\/fr\/wp-json\/wp\/v2\/types\/post"}],"author":[{"embeddable":true,"href":"https:\/\/www.europesays.com\/fr\/wp-json\/wp\/v2\/users\/2"}],"replies":[{"embeddable":true,"href":"https:\/\/www.europesays.com\/fr\/wp-json\/wp\/v2\/comments?post=364263"}],"version-history":[{"count":0,"href":"https:\/\/www.europesays.com\/fr\/wp-json\/wp\/v2\/posts\/364263\/revisions"}],"wp:featuredmedia":[{"embeddable":true,"href":"https:\/\/www.europesays.com\/fr\/wp-json\/wp\/v2\/media\/362189"}],"wp:attachment":[{"href":"https:\/\/www.europesays.com\/fr\/wp-json\/wp\/v2\/media?parent=364263"}],"wp:term":[{"taxonomy":"category","embeddable":true,"href":"https:\/\/www.europesays.com\/fr\/wp-json\/wp\/v2\/categories?post=364263"},{"taxonomy":"post_tag","embeddable":true,"href":"https:\/\/www.europesays.com\/fr\/wp-json\/wp\/v2\/tags?post=364263"}],"curies":[{"name":"wp","href":"https:\/\/api.w.org\/{rel}","templated":true}]}}