{"id":364264,"date":"2025-09-03T22:18:15","date_gmt":"2025-09-03T22:18:15","guid":{"rendered":"https:\/\/www.europesays.com\/fr\/364264\/"},"modified":"2025-09-03T22:18:15","modified_gmt":"2025-09-03T22:18:15","slug":"services-a-la-personne-job-cafe-dans-les-agences-o2-de-loire-atlantique","status":"publish","type":"post","link":"https:\/\/www.europesays.com\/fr\/364264\/","title":{"rendered":"Services \u00e0 la personne\u00a0: job caf\u00e9 dans les agences O2 de Loire-Atlantique"},"content":{"rendered":"<p>Recherche assistant m\u00e9nager, garde d\u2019enfants, auxiliaire de vie, encadrant d\u2019agence, jardinier\u2026 Sp\u00e9cialis\u00e9e dans les services \u00e0 la personne, <a href=\"https:\/\/www.o2.fr\/?wiz_medium=cpc&amp;wiz_source=google&amp;wiz_campaign=6.Marque&amp;gad_source=1&amp;gad_campaignid=1059180616&amp;gbraid=0AAAAAD-KlsKJxU5jaVd-tpvpgRZImdRUn&amp;gclid=Cj0KCQjwzt_FBhCEARIsAJGFWVmMPxU4H-LsbHrATBy1xlbEyPjEwAMboR5WWGEyQBQCmqowCCrIn8QaAp0PEALw_wcB\" target=\"_self\" rel=\"nofollow noopener\">O2<\/a>\u00a0organise un job caf\u00e9 ce jeudi 4\u00a0septembre dans 344\u00a0de ses agences de France. En Loire-Atlantique, \u00e7a se passera \u00e0 Nantes, Rez\u00e9, Saint-Herblain, Orvault, Saint-Nazaire, Pornic, et Ancenis-Saint-G\u00e9r\u00e9on.<\/p>\n<p>Tout au long de la journ\u00e9e, les candidats pourront d\u00e9couvrir diff\u00e9rents m\u00e9tiers propos\u00e9s en CDI ou en CDD. Et passer un premier entretien sans CV ni lettre de motivation.<\/p>\n<p><strong>Jeudi 4\u00a0septembre<\/strong>, de 10\u00a0h \u00e0 19\u00a0h.<\/p>\n<p>\u00a0<\/p>\n","protected":false},"excerpt":{"rendered":"Recherche assistant m\u00e9nager, garde d\u2019enfants, auxiliaire de vie, encadrant d\u2019agence, jardinier\u2026 Sp\u00e9cialis\u00e9e dans les services \u00e0 la personne,&hellip;\n","protected":false},"author":2,"featured_media":364265,"comment_status":"","ping_status":"","sticky":false,"template":"","format":"standard","meta":{"footnotes":""},"categories":[2818],"tags":[1111,11,15634,4586,1777,674,1011,27,1231,3047,766,12,49886,2636,25,1858],"class_list":{"0":"post-364264","1":"post","2":"type-post","3":"status-publish","4":"format-standard","5":"has-post-thumbnail","7":"category-nantes","8":"tag-actu","9":"tag-actualites","10":"tag-agences","11":"tag-cafe","12":"tag-eu","13":"tag-europe","14":"tag-fr","15":"tag-france","16":"tag-job","17":"tag-loire-atlantique","18":"tag-nantes","19":"tag-news","20":"tag-o2","21":"tag-pays-de-la-loire","22":"tag-republique-francaise","23":"tag-services"},"share_on_mastodon":{"url":"https:\/\/pubeurope.com\/@fr\/115142689003091878","error":""},"_links":{"self":[{"href":"https:\/\/www.europesays.com\/fr\/wp-json\/wp\/v2\/posts\/364264","targetHints":{"allow":["GET"]}}],"collection":[{"href":"https:\/\/www.europesays.com\/fr\/wp-json\/wp\/v2\/posts"}],"about":[{"href":"https:\/\/www.europesays.com\/fr\/wp-json\/wp\/v2\/types\/post"}],"author":[{"embeddable":true,"href":"https:\/\/www.europesays.com\/fr\/wp-json\/wp\/v2\/users\/2"}],"replies":[{"embeddable":true,"href":"https:\/\/www.europesays.com\/fr\/wp-json\/wp\/v2\/comments?post=364264"}],"version-history":[{"count":0,"href":"https:\/\/www.europesays.com\/fr\/wp-json\/wp\/v2\/posts\/364264\/revisions"}],"wp:featuredmedia":[{"embeddable":true,"href":"https:\/\/www.europesays.com\/fr\/wp-json\/wp\/v2\/media\/364265"}],"wp:attachment":[{"href":"https:\/\/www.europesays.com\/fr\/wp-json\/wp\/v2\/media?parent=364264"}],"wp:term":[{"taxonomy":"category","embeddable":true,"href":"https:\/\/www.europesays.com\/fr\/wp-json\/wp\/v2\/categories?post=364264"},{"taxonomy":"post_tag","embeddable":true,"href":"https:\/\/www.europesays.com\/fr\/wp-json\/wp\/v2\/tags?post=364264"}],"curies":[{"name":"wp","href":"https:\/\/api.w.org\/{rel}","templated":true}]}}