{"id":364266,"date":"2025-09-03T22:19:11","date_gmt":"2025-09-03T22:19:11","guid":{"rendered":"https:\/\/www.europesays.com\/fr\/364266\/"},"modified":"2025-09-03T22:19:11","modified_gmt":"2025-09-03T22:19:11","slug":"paris-fc-lorient-en-ouverture-brest-nantes-le-samedi-la-programmation-de-la-7e-journee-de-ligue-1","status":"publish","type":"post","link":"https:\/\/www.europesays.com\/fr\/364266\/","title":{"rendered":"Paris FC &#8211; Lorient en ouverture, Brest &#8211; Nantes le samedi\u00a0: la programmation de la 7e journ\u00e9e de Ligue\u00a01"},"content":{"rendered":"<p>La Ligue de football professionnel a d\u00e9voil\u00e9, ce mercredi 3 septembre, la programmation de la septi\u00e8me journ\u00e9e de Ligue 1 (du 3 au 5 octobre).<\/p>\n<p>En ouverture du week-end, les Lorientais se d\u00e9placeront sur la pelouse de Jean-Bouin, le vendredi 3 octobre soir \u00e0 21 h, pour d\u00e9fier leurs anciens rivaux de Ligue 2, le Paris FC. Le Stade Brestois recevra le FC Nantes, le samedi \u00e0 19 h, et le Stade Rennais voyagera au Havre, le dimanche 5 octobre \u00e0 17 h 15.<\/p>\n<p><strong class=\"tech\">La programmation compl\u00e8te de la J7 :<\/strong><\/p>\n<p><strong class=\"tech\">Vendredi 3 octobre 2025 \u00e0 20 h 45 sur Ligue 1 +<\/strong><\/p>\n<p>Paris FC \u2013 FC Lorient<\/p>\n<p><strong class=\"tech\">Samedi 4 octobre 2025 \u00e0 17 h sur beIN Sports 1<\/strong><\/p>\n<p>FC Metz \u2013 Olympique de Marseille<\/p>\n<p><strong class=\"tech\">Samedi 4 octobre 2025 \u00e0 19 h sur Ligue 1 +<\/strong><\/p>\n<p>Stade Brestois \u2013 FC Nantes<\/p>\n<p><strong class=\"tech\">Samedi 4 octobre 2025 \u00e0 21 h 05 sur Ligue 1 +<\/strong><\/p>\n<p>AJ Auxerre \u2013 RC Lens<\/p>\n<p><strong class=\"tech\">Dimanche 5 octobre 2025 \u00e0 15 h sur Ligue 1 +<\/strong><\/p>\n<p>Olympique Lyonnais \u2013 Toulouse FC<\/p>\n<p><strong class=\"tech\">Dimanche 5 octobre 2025 \u00e0 17 h 15 sur Ligue 1 +<\/strong><\/p>\n<p>AS Monaco \u2013 OGC Nice<\/p>\n<p>Havre AC \u2013 Stade Rennais FC<\/p>\n<p>RC Strasbourg Alsace \u2013 Angers SCO<\/p>\n<p><strong class=\"tech\">Dimanche 5 octobre 2025 \u00e0 20 h 45 sur Ligue 1 +<\/strong><\/p>\n<p>LOSC Lille \u2013 Paris Saint-Germain<\/p>\n","protected":false},"excerpt":{"rendered":"La Ligue de football professionnel a d\u00e9voil\u00e9, ce mercredi 3 septembre, la programmation de la septi\u00e8me journ\u00e9e de&hellip;\n","protected":false},"author":2,"featured_media":364267,"comment_status":"","ping_status":"","sticky":false,"template":"","format":"standard","meta":{"footnotes":""},"categories":[2818],"tags":[1111,11,3450,3166,1777,674,3317,63,1011,27,66,1781,766,12,2636,584,25,60,4449,3087],"class_list":{"0":"post-364266","1":"post","2":"type-post","3":"status-publish","4":"format-standard","5":"has-post-thumbnail","7":"category-nantes","8":"tag-actu","9":"tag-actualites","10":"tag-brest","11":"tag-en-continu-sports","12":"tag-eu","13":"tag-europe","14":"tag-fc-lorient","15":"tag-football","16":"tag-fr","17":"tag-france","18":"tag-ligue-1","19":"tag-lorient","20":"tag-nantes","21":"tag-news","22":"tag-pays-de-la-loire","23":"tag-rennes","24":"tag-republique-francaise","25":"tag-sports","26":"tag-stade-brestois","27":"tag-stade-rennais"},"share_on_mastodon":{"url":"https:\/\/pubeurope.com\/@fr\/115142693039258716","error":""},"_links":{"self":[{"href":"https:\/\/www.europesays.com\/fr\/wp-json\/wp\/v2\/posts\/364266","targetHints":{"allow":["GET"]}}],"collection":[{"href":"https:\/\/www.europesays.com\/fr\/wp-json\/wp\/v2\/posts"}],"about":[{"href":"https:\/\/www.europesays.com\/fr\/wp-json\/wp\/v2\/types\/post"}],"author":[{"embeddable":true,"href":"https:\/\/www.europesays.com\/fr\/wp-json\/wp\/v2\/users\/2"}],"replies":[{"embeddable":true,"href":"https:\/\/www.europesays.com\/fr\/wp-json\/wp\/v2\/comments?post=364266"}],"version-history":[{"count":0,"href":"https:\/\/www.europesays.com\/fr\/wp-json\/wp\/v2\/posts\/364266\/revisions"}],"wp:featuredmedia":[{"embeddable":true,"href":"https:\/\/www.europesays.com\/fr\/wp-json\/wp\/v2\/media\/364267"}],"wp:attachment":[{"href":"https:\/\/www.europesays.com\/fr\/wp-json\/wp\/v2\/media?parent=364266"}],"wp:term":[{"taxonomy":"category","embeddable":true,"href":"https:\/\/www.europesays.com\/fr\/wp-json\/wp\/v2\/categories?post=364266"},{"taxonomy":"post_tag","embeddable":true,"href":"https:\/\/www.europesays.com\/fr\/wp-json\/wp\/v2\/tags?post=364266"}],"curies":[{"name":"wp","href":"https:\/\/api.w.org\/{rel}","templated":true}]}}