{"id":364270,"date":"2025-09-03T22:21:19","date_gmt":"2025-09-03T22:21:19","guid":{"rendered":"https:\/\/www.europesays.com\/fr\/364270\/"},"modified":"2025-09-03T22:21:19","modified_gmt":"2025-09-03T22:21:19","slug":"a-bordeaux-la-bastidienne-et-le-racing-club-sunissent-pour-le-football-feminin","status":"publish","type":"post","link":"https:\/\/www.europesays.com\/fr\/364270\/","title":{"rendered":"\u00c0 Bordeaux, la Bastidienne et le Racing Club s\u2019unissent pour le football f\u00e9minin"},"content":{"rendered":"<p>Le Sporting Club de la Bastidienne, club de football historique de Bordeaux-Bastide fond\u00e9 en 1904, fut un pr\u00e9curseur du football f\u00e9minin en cr\u00e9ant des \u00e9quipes de filles d\u00e8s les ann\u00e9es 1970. Depuis, elles font rayonner le club par leur investissement et leurs r\u00e9sultats. Sans oublier les championnes, comme Hoda Lattaf, multiple championne de France, qui a d\u00e9but\u00e9 \u00e0 la Bastidienne.<\/p>\n<p>Partant du principe que l\u2019union fait la force, et qu\u2019il n\u2019est pas mauvais d\u2019\u00e9toffer les effectifs f\u00e9minins en les regroupant, la Bastidienne et le Racing Club de Bordeaux, autre club historique fond\u00e9 en 1929, ont d\u00e9cid\u00e9 de se regrouper. Le 19\u00a0mai, Gennaro Galano, pr\u00e9sident de la Bastidienne, et Claude Boudat, pr\u00e9sident du Racing Club de Bordeaux, ont sign\u00e9 une convention cr\u00e9ant un nouveau groupement f\u00e9minin, baptis\u00e9 le Racing Bastide F\u00e9minin (RBF). Ainsi, les deux\u00a0clubs mettent en commun leurs joueuses (des jeunes U12F jusqu\u2019aux seniors), leurs \u00e9ducateurs et leurs \u00e9quipements, afin d\u2019am\u00e9liorer leurs performances.<\/p>\n<p>Cette nouvelle \u00e9quipe permet \u00e9galement aux joueuses de divers quartiers de Bordeaux comme La\u00a0Bastide, Euratlantique, Bordeaux centre, Nansouty, Barri\u00e8re Saint-Gen\u00e8s et Barri\u00e8re de Toulouse de se conna\u00eetre et de s\u2019entra\u00eener ensemble. Les filles du RBF ont ainsi fait leur premi\u00e8re rentr\u00e9e, avec des entra\u00eenements tous les lundi, mercredi et vendredi aux stades Galin et Suzanne-Lenglen \u00e0 La\u00a0Bastide, et au stade Suzon \u00e0 Talence.<\/p>\n<p>Pour rencontrer l\u2019\u00e9quipe, s\u2019inscrire ou faire un essai, rendez-vous sur <a href=\"https:\/\/www.facebook.com\/profile.php?id=61576097387078\" target=\"_blank\" rel=\"nofollow noopener\">Facebook (racingbastidefeminin)<\/a>, <a href=\"https:\/\/www.instagram.com\/racingbastidefeminin\/\" target=\"_blank\" rel=\"nofollow noopener\">Instagram (@racingbastidefeminin)<\/a> ou contacter le 06\u00a045\u00a014\u00a086\u00a067.<\/p>\n<p>        <script async src=\"\/\/www.instagram.com\/embed.js\"><\/script><\/p>\n","protected":false},"excerpt":{"rendered":"Le Sporting Club de la Bastidienne, club de football historique de Bordeaux-Bastide fond\u00e9 en 1904, fut un pr\u00e9curseur&hellip;\n","protected":false},"author":2,"featured_media":364271,"comment_status":"","ping_status":"","sticky":false,"template":"","format":"standard","meta":{"footnotes":""},"categories":[2817],"tags":[1111,11,1997,1777,674,1011,27,12,2219,25],"class_list":{"0":"post-364270","1":"post","2":"type-post","3":"status-publish","4":"format-standard","5":"has-post-thumbnail","7":"category-bordeaux","8":"tag-actu","9":"tag-actualites","10":"tag-bordeaux","11":"tag-eu","12":"tag-europe","13":"tag-fr","14":"tag-france","15":"tag-news","16":"tag-nouvelle-aquitaine","17":"tag-republique-francaise"},"share_on_mastodon":{"url":"https:\/\/pubeurope.com\/@fr\/115142700928192091","error":""},"_links":{"self":[{"href":"https:\/\/www.europesays.com\/fr\/wp-json\/wp\/v2\/posts\/364270","targetHints":{"allow":["GET"]}}],"collection":[{"href":"https:\/\/www.europesays.com\/fr\/wp-json\/wp\/v2\/posts"}],"about":[{"href":"https:\/\/www.europesays.com\/fr\/wp-json\/wp\/v2\/types\/post"}],"author":[{"embeddable":true,"href":"https:\/\/www.europesays.com\/fr\/wp-json\/wp\/v2\/users\/2"}],"replies":[{"embeddable":true,"href":"https:\/\/www.europesays.com\/fr\/wp-json\/wp\/v2\/comments?post=364270"}],"version-history":[{"count":0,"href":"https:\/\/www.europesays.com\/fr\/wp-json\/wp\/v2\/posts\/364270\/revisions"}],"wp:featuredmedia":[{"embeddable":true,"href":"https:\/\/www.europesays.com\/fr\/wp-json\/wp\/v2\/media\/364271"}],"wp:attachment":[{"href":"https:\/\/www.europesays.com\/fr\/wp-json\/wp\/v2\/media?parent=364270"}],"wp:term":[{"taxonomy":"category","embeddable":true,"href":"https:\/\/www.europesays.com\/fr\/wp-json\/wp\/v2\/categories?post=364270"},{"taxonomy":"post_tag","embeddable":true,"href":"https:\/\/www.europesays.com\/fr\/wp-json\/wp\/v2\/tags?post=364270"}],"curies":[{"name":"wp","href":"https:\/\/api.w.org\/{rel}","templated":true}]}}