{"id":364272,"date":"2025-09-03T22:22:13","date_gmt":"2025-09-03T22:22:13","guid":{"rendered":"https:\/\/www.europesays.com\/fr\/364272\/"},"modified":"2025-09-03T22:22:13","modified_gmt":"2025-09-03T22:22:13","slug":"des-balades-insolites-et-des-lieux-exceptionnellement-ouverts-pendant-4-jours","status":"publish","type":"post","link":"https:\/\/www.europesays.com\/fr\/364272\/","title":{"rendered":"des balades insolites et des lieux exceptionnellement ouverts pendant 4 jours"},"content":{"rendered":"<p>La Ville rose, ce tr\u00e9sor architectural. Du jeudi 16 au dimanche 19 octobre 2025, <a href=\"https:\/\/lopinion.com\/articles\/art-de-vivre\/23951_toulouse-architectes-creations-originales-public\" rel=\"noopener noreferrer nofollow\" target=\"_blank\">les architectes et l&rsquo;ensemble des acteurs de l&rsquo;architecture<\/a> se mobilisent pour c\u00e9l\u00e9brer <strong>la 10\u00e8me \u00e9dition des Journ\u00e9es nationales de l&rsquo;architecture<\/strong>.<\/p>\n<p>Organis\u00e9 chaque ann\u00e9e depuis 2016 par le minist\u00e8re de la Culture, avec le soutien de nombreux partenaires m\u00e9dias et institutionnels, cet \u00e9v\u00e9nement majeur <strong>se d\u00e9roulera dans un format exceptionnellement plus long cette ann\u00e9e<\/strong>, sur 4 jours.<\/p>\n<p>Un \u00e9v\u00e9nement pour tous les publics<\/p>\n<p>Plac\u00e9es sous le th\u00e8me <strong>\u00ab\u00a0Architectures du quotidien\u00a0\u00bb<\/strong>, ces journ\u00e9es affichent une ambition renouvel\u00e9e : <strong>r\u00e9v\u00e9ler et sensibiliser tous les publics<\/strong> (enfants, amateurs ou simples curieux) \u00e0 l&rsquo;architecture dans sa plus grande diversit\u00e9, dans tous les territoires, urbains comme ruraux.<\/p>\n<p>Les Journ\u00e9es nationales de l&rsquo;architecture invitent ainsi tous les publics \u00e0 d\u00e9couvrir des lieux emprunt\u00e9s ou travers\u00e9s chaque jour comme nos maisons, \u00e9coles, \u00e9quipements sportifs, commerces, lieux de travail, infrastructures publiques, etc., et avec lesquels il est possible d&rsquo;interagir &#8211; \u00e0 l&rsquo;image des tiers-lieux, jardins partag\u00e9s, habitats participatifs ou encore chantiers b\u00e9n\u00e9voles.<\/p>\n<p style=\"padding-top: 12px;\">Pour aller encore plus loin dans la d\u00e9couverte,<strong> cette 10e \u00e9dition pr\u00e9voit une programmation foisonnante<\/strong> de rencontres, d\u00e9bats, visites d&rsquo;agence d&rsquo;architecture et de chantiers, promenades urbaines, portes ouvertes, exposition, atelier jeune public&#8230; Et bien plus encore !<\/p>\n<p>Un programme riche et vari\u00e9 pour Toulouse<\/p>\n<p style=\"padding-top: 12px;\">\u00c0 <a href=\"https:\/\/lopinion.com\/\" rel=\"noopener noreferrer nofollow\" target=\"_blank\">Toulouse<\/a>, le programme sera riche, vari\u00e9 et <strong>100 % gratuit<\/strong> :<\/p>\n<ul>\n<li style=\"padding-top: 12px;\"><strong>L&rsquo;\u00c9cole Nationale Sup\u00e9rieure de l&rsquo;Architecture de Toulouse<\/strong> (ENSA) ouvrira exceptionnellement ses portes pour des visites, des projections, des ateliers&#8230;<\/li>\n<li>Rendez-vous le samedi 18 octobre 2025 de 10 heures \u00e0 12 heures \u00e0 la Garonnette pour <strong>une balade dans le centre-ville toulousain<\/strong>, avec un guide et un architecte qui proposent\u00a0une exploration originale des b\u00e2timents modernes et contemporains.<\/li>\n<li style=\"padding-top: 12px;\"><strong>Une conf\u00e9rence sera tenue par Christophe Hutin<\/strong> au Centre Culturel Bellegarde (date \u00e0 d\u00e9finir).<\/li>\n<li style=\"padding-top: 12px;\">Rendez-vous le samedi 18 octobre 2025 de 14 heures \u00e0 16 heures \u00e0 Saint-Michel pour <strong>une balade \u00e0 travers des b\u00e2timents modernes et contemporains de l\u2019\u00eele du Ramier<\/strong>.<\/li>\n<li style=\"padding-top: 12px;\"><strong>Des d\u00e9bats et conf\u00e9rences seront organis\u00e9s<\/strong> le samedi 18 octobre 2025 de 17 heures \u00e0 19 heures au Lieu Commun, artist run space au 25 rue d&rsquo;Armagnac \u00e0 Toulouse.<\/li>\n<li style=\"padding-top: 12px;\">Venez d\u00e9couvrir<strong> le quartier du pont de Demoiselles et son histoire, le b\u00e2timent des Archives en ext\u00e9rieur, ainsi que du canal du Midi<\/strong> le samedi 18 octobre 2025 de 14h30 \u00e0 15h45 ou le samedi 18 octobre 2025 de 16 heures \u00e0 17h15.<\/li>\n<li style=\"padding-top: 12px;\">La Galerie 24, au 24 rue Croix Baragnon, exposera, du jeudi 16 octobre 2025 au samedi 18 octobre 2025, <strong>des photographies<\/strong> autour de \u00ab\u00a0La Nature des Friches\u00a0\u00bb.<\/li>\n<\/ul>\n<p>Un temps consacr\u00e9 aux scolaires<\/p>\n<p>Comme chaque ann\u00e9e depuis sa cr\u00e9ation, l&rsquo;op\u00e9ration \u00ab\u00a0Levez les yeux !\u00a0\u00bb, men\u00e9e en partenariat avec le minist\u00e8re de l&rsquo;\u00c9ducation nationale, de l&rsquo;Enseignement sup\u00e9rieur et de la Recherche, invite \u00e9galement les \u00e9l\u00e8ves, de la maternelle \u00e0 la terminale, <strong>\u00e0 s&rsquo;initier \u00e0 la lecture du paysage urbain et architectural<\/strong>.<\/p>\n<p>\u00ab\u00a0Cependant, en raison de la proximit\u00e9 des vacances scolaires, cette op\u00e9ration culturelle, initialement programm\u00e9e le vendredi 17 octobre, se tiendra le jeudi 16 octobre, offrant ainsi aux Journ\u00e9es nationales de l&rsquo;architecture une amplitude in\u00e9dite de quatre jours\u00a0\u00bb, pr\u00e9cisent les \u00e9quipes au sujet de ce chamboulement.\u00a0<\/p>\n<p>&gt;&gt; \u00c0 LIRE AUSSI : <a href=\"https:\/\/lopinion.com\/articles\/art-de-vivre\/30091_piste-geants-toulouse-evenement-journee-unique\" rel=\"noopener noreferrer nofollow\" target=\"_blank\">La Piste des G\u00e9ants \u00e0 Toulouse transform\u00e9e pour une occasion sp\u00e9ciale (et unique dans l&rsquo;ann\u00e9e)<\/a><\/p>\n","protected":false},"excerpt":{"rendered":"La Ville rose, ce tr\u00e9sor architectural. Du jeudi 16 au dimanche 19 octobre 2025, les architectes et l&rsquo;ensemble&hellip;\n","protected":false},"author":2,"featured_media":364273,"comment_status":"","ping_status":"","sticky":false,"template":"","format":"standard","meta":{"footnotes":""},"categories":[2816],"tags":[1111,11,1777,674,1011,27,12,2680,25,2312],"class_list":{"0":"post-364272","1":"post","2":"type-post","3":"status-publish","4":"format-standard","5":"has-post-thumbnail","7":"category-toulouse","8":"tag-actu","9":"tag-actualites","10":"tag-eu","11":"tag-europe","12":"tag-fr","13":"tag-france","14":"tag-news","15":"tag-occitanie","16":"tag-republique-francaise","17":"tag-toulouse"},"share_on_mastodon":{"url":"https:\/\/pubeurope.com\/@fr\/115142704847490495","error":""},"_links":{"self":[{"href":"https:\/\/www.europesays.com\/fr\/wp-json\/wp\/v2\/posts\/364272","targetHints":{"allow":["GET"]}}],"collection":[{"href":"https:\/\/www.europesays.com\/fr\/wp-json\/wp\/v2\/posts"}],"about":[{"href":"https:\/\/www.europesays.com\/fr\/wp-json\/wp\/v2\/types\/post"}],"author":[{"embeddable":true,"href":"https:\/\/www.europesays.com\/fr\/wp-json\/wp\/v2\/users\/2"}],"replies":[{"embeddable":true,"href":"https:\/\/www.europesays.com\/fr\/wp-json\/wp\/v2\/comments?post=364272"}],"version-history":[{"count":0,"href":"https:\/\/www.europesays.com\/fr\/wp-json\/wp\/v2\/posts\/364272\/revisions"}],"wp:featuredmedia":[{"embeddable":true,"href":"https:\/\/www.europesays.com\/fr\/wp-json\/wp\/v2\/media\/364273"}],"wp:attachment":[{"href":"https:\/\/www.europesays.com\/fr\/wp-json\/wp\/v2\/media?parent=364272"}],"wp:term":[{"taxonomy":"category","embeddable":true,"href":"https:\/\/www.europesays.com\/fr\/wp-json\/wp\/v2\/categories?post=364272"},{"taxonomy":"post_tag","embeddable":true,"href":"https:\/\/www.europesays.com\/fr\/wp-json\/wp\/v2\/tags?post=364272"}],"curies":[{"name":"wp","href":"https:\/\/api.w.org\/{rel}","templated":true}]}}