{"id":364274,"date":"2025-09-03T22:23:16","date_gmt":"2025-09-03T22:23:16","guid":{"rendered":"https:\/\/www.europesays.com\/fr\/364274\/"},"modified":"2025-09-03T22:23:16","modified_gmt":"2025-09-03T22:23:16","slug":"les-derniers-recteurs-sont-dorigine-maghrebine-toulouse-merite-mieux-derapage-raciste-chez-reconquete","status":"publish","type":"post","link":"https:\/\/www.europesays.com\/fr\/364274\/","title":{"rendered":"\u00ab\u00a0Les derniers recteurs sont d&rsquo;origine maghr\u00e9bine [\u2026] Toulouse m\u00e9rite mieux\u00a0\u00bb : d\u00e9rapage raciste chez Reconqu\u00eate"},"content":{"rendered":"<p>            Par<br \/>\n        <strong><br \/>\n            <a href=\"https:\/\/actu.fr\/auteur\/david-saint-sernin\" title=\"Consulter tous les articles de David Saint-Sernin\" rel=\"nofollow noopener\" target=\"_blank\">David Saint-Sernin<\/a><br \/>\n        <\/strong><\/p>\n<p>        Publi\u00e9 le<\/p>\n<p>            3 sept. 2025 \u00e0 18h49<br \/>\n        ; mis \u00e0 jour le 3 sept. 2025 \u00e0 20h02    <\/p>\n<p>C\u2019est un message qui a \u00e9t\u00e9 post\u00e9 de fa\u00e7on \u00e9ph\u00e9m\u00e8re sur les r\u00e9seaux sociaux, mais qui suscite de vives r\u00e9actions ce mercredi 3\u00a0septembre 2025 \u00e0 <a href=\"https:\/\/actu.fr\/toulouse\/\" rel=\"nofollow noopener\" target=\"_blank\"><strong>Toulouse<\/strong>.<\/a><\/p>\n<p>Un message qui cible les deux derniers recteurs<\/p>\n<p class=\" wall-content\">Dans l\u2019apr\u00e8s-midi, le compte Facebook du parti politique<a href=\"https:\/\/www.facebook.com\/ReconqueteHauteGaronne\" rel=\"nofollow noopener\" target=\"_blank\"> Reconqu\u00eate Haute-Garonne<\/a> a publi\u00e9 un message sans \u00e9quivoque concernant les <strong>deux derniers recteurs<\/strong> de l\u2019Acad\u00e9mie de Toulouse\u2009:<\/p>\n<p class=\" wall-content\">\u00ab\u2009Les deux derniers recteurs de l\u2019acad\u00e9mie de Toulouse sont d\u2019origine maghr\u00e9bine, \u00e0 savoir Mostafa Fourar et Karim Benmiloud [\u2026] <strong>Toulouse m\u00e9rite mieux<\/strong>\u2026 jamais 2 sans 3, dit-on On commence quand la Reconqu\u00eate du Pays pour inverser la tendance islamo-gauchiste, surtout au regard du niveau scolaire de nos \u00e9l\u00e8ves qui ne cesse de se d\u00e9t\u00e9riorer de jour en jour\u2009! On a besoin de Vous\u2009! On a besoin de Toi\u2009\u00bb.<\/p>\n<p class=\" wall-content\">Le massage est rapidement supprim\u00e9\u2026<\/p>\n<p>Le maire de Toulouse \u00ab\u2009condamne des propos x\u00e9nophobes\u2009\u00bb<\/p>\n<p class=\" wall-content\">Un message visiblement rep\u00e9r\u00e9 par le maire (DVD) de Toulouse, <strong><a href=\"https:\/\/actu.fr\/tag\/jean-luc-moudenc\" rel=\"nofollow noopener\" target=\"_blank\">Jean-Luc Moudenc<\/a><\/strong>, qui publie \u00e0 son tour une capture d\u2019\u00e9cran du post, et \u00ab\u2009condamne des <strong>propos x\u00e9nophobes\u2009\u00bb.<\/strong><\/p>\n<p class=\" wall-content\">\u00ab\u2009Je suis <strong>choqu\u00e9 par ces propos x\u00e9nophobes<\/strong>, que je condamne. Ils visent \u00e0 <strong>salir deux personnalit\u00e9s<\/strong> qui ont d\u00e9di\u00e9 leur vie professionnelle \u00e0 la promotion des savoirs, \u00e0 l\u2019\u00e9l\u00e9vation de nos enfants et plus largement des jeunes g\u00e9n\u00e9rations, par l\u2019\u00e9ducation\u2009! Mostafa Fourar et Karim Benmiloud ont un <strong>parcours r\u00e9publicain exemplaire<\/strong>. Ce sont des mod\u00e8les d\u2019int\u00e9gration inspirants et positifs, \u00e0 contre-courant de tendances s\u00e9paratistes dangereuses en rupture avec nos valeurs. La m\u00e9ritocratie doit primer\u2009: ce sont les comp\u00e9tences, l\u2019effort et l\u2019engagement qui comptent, pas l\u2019origine\u2009\u00bb.<\/p>\n<p>Vid\u00e9os : en ce moment sur Actu<\/p>\n<p class=\" wall-content\">\n<p>Le chef de Reconqu\u00eate Haute-Garonne \u00ab\u2009condamne absolument\u2009\u00bb<\/p>\n<p class=\" wall-content\">Contact\u00e9 par Actu Toulouse, <strong>Arthur Cottrel, <\/strong>d\u00e9l\u00e9gu\u00e9 d\u00e9partemental du parti Reconqu\u00eate en Haute-Garonne, qui vient par ailleurs d\u2019\u00eatre<a href=\"https:\/\/actu.fr\/occitanie\/toulouse_31555\/municipales-2026-a-toulouse-il-vient-d-etre-designe-par-eric-zemmour-qui-est-le-candidat-de-reconquete_63098909.html\" rel=\"nofollow noopener\" target=\"_blank\"> officiellement <strong>investi par \u00c9ric Zemmour<\/strong> lors de l\u2019universit\u00e9 d\u2019\u00e9t\u00e9 du mouvement, ce dimanche 31\u00a0ao\u00fbt, pour mener la bataille de Toulouse<\/a>, dans six mois, \u00ab\u2009condamne absolument\u2009\u00bb, lui aussi, le message post\u00e9 sur le compte Facebook de son parti. Il dit \u00ab\u2009se\u2009d\u00e9solidariser totalement du contenu\u2009\u00bb. Et explique ce qu\u2019il s\u2019est pass\u00e9\u2009:<\/p>\n<p class=\" wall-content\">\u00ab\u2009C\u2019est un message qui a \u00e9t\u00e9 post\u00e9 ce mardi par un militant qui n\u2019avait pas l\u2019autorisation du parti de poster sur notre page, mais disposait n\u00e9anmoins d\u2019un compte d\u2019\u00e9diteur. D\u00e8s que notre community manager a vu le message, ce dernier a \u00e9t\u00e9 retir\u00e9 de la page. L\u2019opinion diffus\u00e9e par le message n\u2019est absolument pas partag\u00e9e, ni par moi-m\u00eame, ni par Reconqu\u00eate, ni par mes \u00e9quipes\u2009\u00bb.<\/p>\n<p>Votre r\u00e9gion, votre actu !<\/p>\n<p>Recevez chaque jour les infos qui comptent pour vous.<\/p>\n<p>\t<a href=\"https:\/\/actu.fr\/newsletter\" class=\"ac-btn ac-btn--corner ac-btn--medium ac-btn--blue800\" rel=\"nofollow noopener\" target=\"_blank\">S&rsquo;incrire<\/a><br \/>\n\u00ab\u2009Un m\u00e9lange d\u2019\u00e9l\u00e9ments de langage et d\u2019Intelligence artificielle\u2009\u00bb<\/p>\n<p class=\" wall-content\">Mais comment cette personne \u00ab\u2009qui n\u2019avait pas l\u2019autorisation\u2009\u00bb a pu \u00e9crire un tel message\u2009? Arthur Cottrel explique en avoir discut\u00e9 avec l\u2019auteur du post et d\u00e9fend\u2009:<\/p>\n<p class=\" wall-content\">\u00ab\u2009La personne a m\u00e9lang\u00e9 un \u00e9l\u00e9ment de langage national de Reconqu\u00eate, \u2018la reconqu\u00eate du Pays\u2019, avec un copi\u00e9-coll\u00e9 d\u2019une minibio des deux recteurs r\u00e9alis\u00e9e avec l\u2019aide de l\u2019intelligence artificielle (IA). Elle n\u2019a pas saisi la port\u00e9e du message diffus\u00e9\u2026 C\u2019est tr\u00e8s f\u00e2cheux. On lui a imm\u00e9diatement retir\u00e9 ses droits d\u2019\u00e9diteur sur notre page\u2009\u00bb.<\/p>\n<p>Une plainte va \u00eatre d\u00e9pos\u00e9e<\/p>\n<p class=\" wall-content\">De son c\u00f4t\u00e9, <strong>Mostafa Fourar<\/strong>, a imm\u00e9diatement saisi son avocat, Me <strong>Marc Sztulman<\/strong>, pour voir quelle suite donner \u00e0 cette affaire.<\/p>\n<p class=\" wall-content\">Contact\u00e9 par Actu Toulouse ce mercredi soir, l\u2019avocat confirme qu\u2019un d\u00e9p\u00f4t de plainte va \u00eatre effectu\u00e9\u2009:<\/p>\n<p class=\" wall-content\">\u00ab\u2009Ce post est totalement abject. Nous allons porter plainte car \u00e0 un moment donn\u00e9, la question derri\u00e8re la mise en cause des origines, c\u2019est la banalisation d\u2019un racisme ordinaire, c\u2019est le fait qu\u2019on ram\u00e8ne les gens \u00e0 leur suppos\u00e9e origine, et c\u2019est intol\u00e9rable dans une R\u00e9publique. On ne peut pas laisser passer \u00e7a. Monsieur Cottrel et l\u2019autre personne concern\u00e9e auront la possibilit\u00e9 d\u2019expliquer les raisons de ce qu\u2019il s\u2019est pass\u00e9 devant un tribunal\u2009\u00bb.<\/p>\n<p class=\" wall-content\">Personnalisez votre actualit\u00e9 en ajoutant vos villes et m\u00e9dias en favori avec <a href=\"https:\/\/moncompte.actu.fr\" title=\"D\u00e9couvez Mon Actu\" rel=\"nofollow noopener\" data-trk=\"{&quot;cta&quot;:{&quot;action&quot;:&quot;https:\\\/\\\/moncompte.actu.fr&quot;,&quot;category&quot;:&quot;mon compte&quot;,&quot;from&quot;:&quot;article footer&quot;,&quot;name&quot;:&quot;Mon actu&quot;,&quot;type&quot;:&quot;cta&quot;}}\" target=\"_blank\">Mon Actu<\/a>.<\/p>\n","protected":false},"excerpt":{"rendered":"Par David Saint-Sernin Publi\u00e9 le 3 sept. 2025 \u00e0 18h49 ; mis \u00e0 jour le 3 sept. 2025&hellip;\n","protected":false},"author":2,"featured_media":364275,"comment_status":"","ping_status":"","sticky":false,"template":"","format":"standard","meta":{"footnotes":""},"categories":[2816],"tags":[1111,11,1777,674,1011,27,3434,12,2680,316,25,2312],"class_list":{"0":"post-364274","1":"post","2":"type-post","3":"status-publish","4":"format-standard","5":"has-post-thumbnail","7":"category-toulouse","8":"tag-actu","9":"tag-actualites","10":"tag-eu","11":"tag-europe","12":"tag-fr","13":"tag-france","14":"tag-municipales-2026","15":"tag-news","16":"tag-occitanie","17":"tag-politique","18":"tag-republique-francaise","19":"tag-toulouse"},"share_on_mastodon":{"url":"https:\/\/pubeurope.com\/@fr\/115142708595262298","error":""},"_links":{"self":[{"href":"https:\/\/www.europesays.com\/fr\/wp-json\/wp\/v2\/posts\/364274","targetHints":{"allow":["GET"]}}],"collection":[{"href":"https:\/\/www.europesays.com\/fr\/wp-json\/wp\/v2\/posts"}],"about":[{"href":"https:\/\/www.europesays.com\/fr\/wp-json\/wp\/v2\/types\/post"}],"author":[{"embeddable":true,"href":"https:\/\/www.europesays.com\/fr\/wp-json\/wp\/v2\/users\/2"}],"replies":[{"embeddable":true,"href":"https:\/\/www.europesays.com\/fr\/wp-json\/wp\/v2\/comments?post=364274"}],"version-history":[{"count":0,"href":"https:\/\/www.europesays.com\/fr\/wp-json\/wp\/v2\/posts\/364274\/revisions"}],"wp:featuredmedia":[{"embeddable":true,"href":"https:\/\/www.europesays.com\/fr\/wp-json\/wp\/v2\/media\/364275"}],"wp:attachment":[{"href":"https:\/\/www.europesays.com\/fr\/wp-json\/wp\/v2\/media?parent=364274"}],"wp:term":[{"taxonomy":"category","embeddable":true,"href":"https:\/\/www.europesays.com\/fr\/wp-json\/wp\/v2\/categories?post=364274"},{"taxonomy":"post_tag","embeddable":true,"href":"https:\/\/www.europesays.com\/fr\/wp-json\/wp\/v2\/tags?post=364274"}],"curies":[{"name":"wp","href":"https:\/\/api.w.org\/{rel}","templated":true}]}}