{"id":364276,"date":"2025-09-03T22:25:15","date_gmt":"2025-09-03T22:25:15","guid":{"rendered":"https:\/\/www.europesays.com\/fr\/364276\/"},"modified":"2025-09-03T22:25:15","modified_gmt":"2025-09-03T22:25:15","slug":"tuiles-arrachees-ligne-haute-tension-a-terre-arbres-tombes-de-violents-orages-dans-le-nord-pas-de-calais","status":"publish","type":"post","link":"https:\/\/www.europesays.com\/fr\/364276\/","title":{"rendered":"Tuiles arrach\u00e9es, ligne haute-tension \u00e0 terre, arbres tomb\u00e9s,&#8230; de violents orages dans le Nord-Pas-de-Calais"},"content":{"rendered":"<p>La pr\u00e9fecture du Nord appelle \u00e0 la vigilance, mercredi soir, face au risque de fortes pluies, orages et tornades. Des \u00e9v\u00e9nements m\u00e9t\u00e9orologiques violents peuvent se produire jusqu&rsquo;\u00e0 20h. Le Nord et le Pas-de-Calais sont en vigilance jaune vents et orages.<\/p>\n<p>De fortes pluies et des orages, accompagn\u00e9s de vents violents, traversent les Hauts-de-France, mercredi, en fin d&rsquo;apr\u00e8s-midi. La r\u00e9gion est plac\u00e9e en vigilance jaune orages et vents violents. L&rsquo;observatoire des \u00e9v\u00e9nements m\u00e9t\u00e9orologiques violents, Keraunos, \u00e9voque m\u00eame un risque de tornade localement. Des vents violents ont \u00e9t\u00e9 mesur\u00e9s dans la r\u00e9gion ces derni\u00e8res heures\u00a0:<\/p>\n<ul>\n<li><strong>Cap Gris-Nez\u00a0: 95 km\/h<\/strong><\/li>\n<li><strong>Cambrai\u00a0: 76 km\/h<\/strong><\/li>\n<li><strong>Lille et Valenciennes\u00a0: 73 km\/h<\/strong><\/li>\n<li><strong>Collines de l&rsquo;Artois\u00a0: 70 km\/h<\/strong><\/li>\n<\/ul>\n<p> Chute d&rsquo;arbre et d&rsquo;un c\u00e2ble haute tension<\/p>\n<p>Le trafic sur l&rsquo;autoroute A1 \u00e9tait perturb\u00e9, vers 18h, selon un auditeur d&rsquo;ICI Nord qui parlait d&rsquo;<strong>un arbre couch\u00e9 sur la chauss\u00e9e au niveau de l&rsquo;aire de Phalempin<\/strong>, en direction de Paris, sur le c\u00f4t\u00e9 droit de la chauss\u00e9e.<\/p>\n<p>A <strong>Bruille-lez-Marchiennes, dans le Nord<\/strong>, une rafale de vent a fait tomber un c\u00e2ble haute tension de 20 000 volts, ce qui a provoqu\u00e9 un d\u00e9part de feu dans le jardin d&rsquo;un particulier. Les pompiers du Nord indiquent qu&rsquo;il n&rsquo;y a aucun danger, un p\u00e9rim\u00e8tre de s\u00e9curit\u00e9 a \u00e9t\u00e9 mis en place en lien avec Enedis, le gestionnaire du r\u00e9seau \u00e9lectrique.<\/p>\n<p><strong>A Noeux-les-Mines, dans le Pas-de-Calais, de fortes pluies<\/strong>\u00a0ont provoqu\u00e9 un ruissellement sur la route nationale, sans provoquer d&rsquo;accident. Plusieurs secteurs de la commune sont inond\u00e9s indiquent les pompiers, des interventions sont en cours. A Arras, quelques tuiles se sont envol\u00e9es et <strong>la rue des teinturiers a \u00e9t\u00e9 ponctuellement et partiellement inond\u00e9e<\/strong>.<\/p>\n<p>A Lille, les rafales de vent et les chutes de pluie \u00e9taient impressionnantes vers 17h30 :<\/p>\n<p>loading<\/p>\n<p>Perturbations sur l&rsquo;\u00e9metteur de Bouvigny-Boyeffles<\/p>\n<p>Ces conditions m\u00e9t\u00e9orologiques ont perturb\u00e9 l&rsquo;\u00e9metteur TDF de Bouvignies-Boyeffles, dans le Pas-de-Calais. Votre radio ICI Nord a ainsi pu conna\u00eetre, tout comme d&rsquo;autres stations, des probl\u00e8mes de r\u00e9ception.<\/p>\n","protected":false},"excerpt":{"rendered":"La pr\u00e9fecture du Nord appelle \u00e0 la vigilance, mercredi soir, face au risque de fortes pluies, orages et&hellip;\n","protected":false},"author":2,"featured_media":364277,"comment_status":"","ping_status":"","sticky":false,"template":"","format":"standard","meta":{"footnotes":""},"categories":[2815],"tags":[1111,11,1777,674,1011,27,811,1307,12,25],"class_list":{"0":"post-364276","1":"post","2":"type-post","3":"status-publish","4":"format-standard","5":"has-post-thumbnail","7":"category-lille","8":"tag-actu","9":"tag-actualites","10":"tag-eu","11":"tag-europe","12":"tag-fr","13":"tag-france","14":"tag-hauts-de-france","15":"tag-lille","16":"tag-news","17":"tag-republique-francaise"},"share_on_mastodon":{"url":"https:\/\/pubeurope.com\/@fr\/115142716555228128","error":""},"_links":{"self":[{"href":"https:\/\/www.europesays.com\/fr\/wp-json\/wp\/v2\/posts\/364276","targetHints":{"allow":["GET"]}}],"collection":[{"href":"https:\/\/www.europesays.com\/fr\/wp-json\/wp\/v2\/posts"}],"about":[{"href":"https:\/\/www.europesays.com\/fr\/wp-json\/wp\/v2\/types\/post"}],"author":[{"embeddable":true,"href":"https:\/\/www.europesays.com\/fr\/wp-json\/wp\/v2\/users\/2"}],"replies":[{"embeddable":true,"href":"https:\/\/www.europesays.com\/fr\/wp-json\/wp\/v2\/comments?post=364276"}],"version-history":[{"count":0,"href":"https:\/\/www.europesays.com\/fr\/wp-json\/wp\/v2\/posts\/364276\/revisions"}],"wp:featuredmedia":[{"embeddable":true,"href":"https:\/\/www.europesays.com\/fr\/wp-json\/wp\/v2\/media\/364277"}],"wp:attachment":[{"href":"https:\/\/www.europesays.com\/fr\/wp-json\/wp\/v2\/media?parent=364276"}],"wp:term":[{"taxonomy":"category","embeddable":true,"href":"https:\/\/www.europesays.com\/fr\/wp-json\/wp\/v2\/categories?post=364276"},{"taxonomy":"post_tag","embeddable":true,"href":"https:\/\/www.europesays.com\/fr\/wp-json\/wp\/v2\/tags?post=364276"}],"curies":[{"name":"wp","href":"https:\/\/api.w.org\/{rel}","templated":true}]}}