{"id":364280,"date":"2025-09-03T22:28:12","date_gmt":"2025-09-03T22:28:12","guid":{"rendered":"https:\/\/www.europesays.com\/fr\/364280\/"},"modified":"2025-09-03T22:28:12","modified_gmt":"2025-09-03T22:28:12","slug":"pres-de-lyon-un-elu-menace-de-mort","status":"publish","type":"post","link":"https:\/\/www.europesays.com\/fr\/364280\/","title":{"rendered":"Pr\u00e8s de Lyon. Un \u00e9lu menac\u00e9 de mort &#8211;"},"content":{"rendered":"<p>\t\t\t\t<img fetchpriority=\"high\" decoding=\"async\" width=\"900\" height=\"662\" src=\"https:\/\/www.europesays.com\/fr\/wp-content\/uploads\/2025\/09\/Julien-Smati-menaces-de-mort.jpg\" alt=\"\" title=\"Julien Smati menaces de mort\"   class=\"wp-image-163975\"\/><\/p>\n<p>Julien Smati, premier adjoint au maire de Rillieux-la-Pape \u00e0 sa sortie du commissariat &#8211; Photos \u00a9 DR<\/p>\n<p><strong>Texte\u00a0: Morgan Couturier \u2013<\/strong> Alors que de nouveaux \u00e9pisodes de vandalisme sont survenus \u00e0 Rillieux-la-Pape, des menaces de mort ont \u00e9t\u00e9 prof\u00e9r\u00e9es \u00e0 l\u2019encontre du premier adjoint, Julien Smati. L\u2019\u00e9lu a port\u00e9 plainte, mais reste fid\u00e8le \u00e0 sa ligne de conduite\u00a0: lutter contre l\u2019ins\u00e9curit\u00e9 et les trafics qui gangr\u00e8nent \u00ab\u00a0sa ville\u00a0\u00bb.<\/p>\n<p>Dans les flammes illuminant l\u2019avenue des Nations, le message s\u2019effa\u00e7a en arri\u00e8re-plan. Mais lorsque les incendies furent ma\u00eetris\u00e9s, <strong>Julien Smati<\/strong> eut bien du mal \u00e0 passer outre ces mots on ne peut plus clair, tagu\u00e9s sur la porte d\u2019un immeuble\u00a0: \u00ab\u00a0t\u2019es mort Smati\u00a0\u00bb, avenue des Nations, dans le quartier des Semailles.<\/p>\n<p>Une \u00e9ni\u00e8me menace \u00e0 l\u2019intention de l\u2019adjoint au maire, dont le combat contre les trafiquants de drogue provoque l\u2019ire de certains gangs. \u00ab\u00a0C\u2019est la r\u00e9v\u00e9lation que l\u2019on fait du bon boulot. Je ne laisse rien passer\u00a0\u00bb, confie l\u2019\u00e9lu, tout juste sorti du commissariat de police.<\/p>\n<p><strong>\u00ab\u00a0J\u2019en ferai encore plus, parce que c\u2019est ma ville\u00a0\u00bb<\/strong><\/p>\n<p>En effet, si l\u2019ancien maire int\u00e9rimaire assure ne pas \u00eatre intimid\u00e9 par ces menaces, celles-ci sont n\u00e9anmoins prises tr\u00e8s au s\u00e9rieux, en t\u00e9moigne la plainte contre X enregistr\u00e9e ce mardi 2 septembre 2025.<\/p>\n<p>\u00ab\u00a0\u00c7a n\u2019enl\u00e8ve rien \u00e0 ma d\u00e9termination. Au contraire, \u00e7a la renforce. Je ne l\u00e2che rien. Oui il y a un risque, je me m\u00e9fie, mais je n\u2019ai pas peur. J\u2019en ferai encore plus, parce que c\u2019est ma ville\u00a0\u00bb, t\u00e9moigne le bras droit d\u2019<strong>Alexandre Vincendet<\/strong>.<\/p>\n<p>L\u2019enqu\u00eate en cours, Julien Smati esp\u00e8re tirer profit des images de vid\u00e9osurveillance pour identifier les auteurs de ces menaces. Une tentative d\u2019intimidation en lien avec les deux nuits d\u2019incidents survenus les samedi 30 et dimanche 31 ao\u00fbt, avec un v\u00e9hicule incendi\u00e9 et un poteau surmont\u00e9 d\u2019une cam\u00e9ra de vid\u00e9o-surveillance. \u00ab\u00a0Je suis assimil\u00e9 aux policiers\u00a0\u00bb, analyse l\u2019int\u00e9ress\u00e9.<\/p>\n<p><strong>LFI point\u00e9 du doigt<\/strong><\/p>\n<p>L\u00e0 encore, des investigations sont men\u00e9es pour mettre la main sur les individus cagoul\u00e9s ayant agress\u00e9 les policiers municipaux \u00e0 coups de mortiers et de jets de pierre. Preuve que le combat s\u00e9curitaire reste entier. Mais du c\u00f4t\u00e9 de l\u2019ex\u00e9cutif rilliard, on ne compte pas rendre les armes dans un contexte d\u00e9l\u00e9t\u00e8re attis\u00e9 par le d\u00e9put\u00e9 LFI de la circonscription, selon Julien Smati.<\/p>\n<p>\u00ab\u00a0Le contexte local et national encourage ces comportements notamment avec un d\u00e9put\u00e9 LFI qui veut d\u00e9sarmer la police et un responsable LFI qui d\u00e9clare que la police tue partout ! Un d\u00e9put\u00e9 anti-police qui promet aux voyous de faire sauter les amendes et s\u2019en prend aux forces de l\u2019ordre qui selon lui sont provocantes et la source de toute violence urbaine\u00a0\u00bb.<\/p>\n","protected":false},"excerpt":{"rendered":"Julien Smati, premier adjoint au maire de Rillieux-la-Pape \u00e0 sa sortie du commissariat &#8211; Photos \u00a9 DR Texte\u00a0:&hellip;\n","protected":false},"author":2,"featured_media":364281,"comment_status":"","ping_status":"","sticky":false,"template":"","format":"standard","meta":{"footnotes":""},"categories":[1889],"tags":[4257,1111,11,2430,1777,674,1011,27,49888,2428,7775,12,25],"class_list":{"0":"post-364280","1":"post","2":"type-post","3":"status-publish","4":"format-standard","5":"has-post-thumbnail","7":"category-lyon","8":"tag-0top","9":"tag-actu","10":"tag-actualites","11":"tag-auvergne-rhone-alpes","12":"tag-eu","13":"tag-europe","14":"tag-fr","15":"tag-france","16":"tag-julien-smati","17":"tag-lyon","18":"tag-menaces-de-mort","19":"tag-news","20":"tag-republique-francaise"},"share_on_mastodon":{"url":"https:\/\/pubeurope.com\/@fr\/115142728948581184","error":""},"_links":{"self":[{"href":"https:\/\/www.europesays.com\/fr\/wp-json\/wp\/v2\/posts\/364280","targetHints":{"allow":["GET"]}}],"collection":[{"href":"https:\/\/www.europesays.com\/fr\/wp-json\/wp\/v2\/posts"}],"about":[{"href":"https:\/\/www.europesays.com\/fr\/wp-json\/wp\/v2\/types\/post"}],"author":[{"embeddable":true,"href":"https:\/\/www.europesays.com\/fr\/wp-json\/wp\/v2\/users\/2"}],"replies":[{"embeddable":true,"href":"https:\/\/www.europesays.com\/fr\/wp-json\/wp\/v2\/comments?post=364280"}],"version-history":[{"count":0,"href":"https:\/\/www.europesays.com\/fr\/wp-json\/wp\/v2\/posts\/364280\/revisions"}],"wp:featuredmedia":[{"embeddable":true,"href":"https:\/\/www.europesays.com\/fr\/wp-json\/wp\/v2\/media\/364281"}],"wp:attachment":[{"href":"https:\/\/www.europesays.com\/fr\/wp-json\/wp\/v2\/media?parent=364280"}],"wp:term":[{"taxonomy":"category","embeddable":true,"href":"https:\/\/www.europesays.com\/fr\/wp-json\/wp\/v2\/categories?post=364280"},{"taxonomy":"post_tag","embeddable":true,"href":"https:\/\/www.europesays.com\/fr\/wp-json\/wp\/v2\/tags?post=364280"}],"curies":[{"name":"wp","href":"https:\/\/api.w.org\/{rel}","templated":true}]}}