{"id":364282,"date":"2025-09-03T22:29:13","date_gmt":"2025-09-03T22:29:13","guid":{"rendered":"https:\/\/www.europesays.com\/fr\/364282\/"},"modified":"2025-09-03T22:29:13","modified_gmt":"2025-09-03T22:29:13","slug":"lyon-ici-auvergne-rhone-alpes-lance-une-chaine-ephemere-uhd-pour-la-biennale-de-la-danse-de-lyon-2025","status":"publish","type":"post","link":"https:\/\/www.europesays.com\/fr\/364282\/","title":{"rendered":"LYON : ici Auvergne-Rh\u00f4ne-Alpes lance une chaine \u00e9ph\u00e9m\u00e8re UHD pour la Biennale de la danse de Lyon 2025"},"content":{"rendered":"<p style=\"text-align: left;\"><strong data-olk-copy-source=\"MessageBody\">\u00c9v\u00e9nement incontournable de la rentr\u00e9e en Auvergne-Rh\u00f4ne-Alpes, la Biennale de la danse revient \u00e0 Lyon du 6 au 28 septembre 2025 pour sa 21e \u00e9dition.<\/strong><\/p>\n<p style=\"text-align: left;\">Pour permettre \u00e0 tous ses publics de vivre pleinement l\u2019un des plus grand moment de danse au monde, Ici Auvergne-Rh\u00f4ne-Alpes proposera pendant 4 jours une cha\u00eene \u00e9ph\u00e9m\u00e8re en Ultra Haute D\u00e9finition 100% d\u00e9di\u00e9e \u00e0 la danse, et sera en direct au c\u0153ur du grand d\u00e9fil\u00e9 qui ouvre les festivit\u00e9s.<\/p>\n<p style=\"text-align: left;\"><strong>Du 6 au 9 septembre : une chaine \u00e9ph\u00e9m\u00e8re d\u00e9di\u00e9e \u00e0 la danse<\/strong><\/p>\n<p style=\"text-align: left;\">\u00c0 l\u2019occasion de la 21e Biennale de la danse, ici Auvergne-Rh\u00f4ne-Alpes cr\u00e9e\u00a0<strong>une cha\u00eene \u00e9ph\u00e9m\u00e8re en Ultra Haute D\u00e9finition (UHD)<\/strong>. Une chaine 100% consacr\u00e9e \u00e0 la danse qui proposera au total\u00a0<strong>plus de vingt-quatre heures de programmes<\/strong>\u00a0autour de cette th\u00e9matique.\u00a0Une premi\u00e8re dans la r\u00e9gion, pens\u00e9e pour faire rayonner ce temps fort culturel aupr\u00e8s du plus grand nombre.<\/p>\n<p style=\"text-align: left;\">Tout au long de ces quatre jours, la cha\u00eene proposera de la danse avec une qualit\u00e9 d\u2019image jamais vue \u00e0 travers la diffusion de programmes des \u00e9ditions pr\u00e9c\u00e9dentes en HD converti en UHD HDR, pour permettre \u00e0 ses publics de vivre et revivre l\u2019un des plus grands \u00e9v\u00e8nements chor\u00e9graphiques au monde.<\/p>\n<p style=\"text-align: left;\">Cette chaine sera accessible sur le canal 53 de la TNT, du samedi 6 septembre \u00e0 8h00 au mardi 9 septembre \u00e0 23h00.\u00a0<\/p>\n<p style=\"text-align: left;\">Dimanche 7 septembre : focus sur le d\u00e9fil\u00e9 de la Biennale de la Danse<\/p>\n<p style=\"text-align: left;\"><strong>Dimanche 7 septembre \u00e0 partir de 16h00<\/strong>, ici Auvergne-Rh\u00f4ne-Alpes UHD vous donne rendez-vous en direct pour suivre le grand D\u00e9fil\u00e9 de la Biennale de la danse 2025.<\/p>\n<p style=\"text-align: left;\">Depuis un plateau install\u00e9 Place de la R\u00e9publique, la journaliste\u00a0<strong>Marie Morin<\/strong>\u00a0animera cette \u00e9dition sp\u00e9ciale aux c\u00f4t\u00e9s de nombreux invit\u00e9s.<\/p>\n<p style=\"text-align: left;\">Deux journalistes viendront enrichir cette immersion :<\/p>\n<ul style=\"text-align: left;\" type=\"disc\">\n<li><strong>Fleur De Boer<\/strong>\u00a0sera Place des Terreaux pour faire vivre l\u2019effervescence des pr\u00e9paratifs, avant de suivre le cort\u00e8ge tout au long de son parcours. Elle recueillera les \u00e9motions du public jusqu\u2019\u00e0 la Place Bellecour pour d\u00e9couvrir le spectacle propos\u00e9 par Mehdi Kerkouche qui, comme le veut la tradition, transformera le lieu en un gigantesque dancefloor.<\/li>\n<li><strong>L\u00e9o Chapuis<\/strong>, install\u00e9 Place de la R\u00e9publique, sera aupr\u00e8s des chor\u00e9graphes, des danseurs et des 3 000 participants pour faire d\u00e9couvrir les coulisses de cette grande aventure collective.<\/li>\n<\/ul>\n<p style=\"text-align: left;\">Grace \u00e0 ce dispositif,\u00a0<strong>ici Auvergne-Rh\u00f4ne-Alpes vous propose une exp\u00e9rience unique, immersive et vivante,<\/strong>\u00a0\u00e0 la hauteur de ce d\u00e9fil\u00e9 hors normes.<\/p>\n<p style=\"text-align: left;\">Et pour que le plus grand nombre puisse en profiter, le D\u00e9fil\u00e9 sera rediffus\u00e9 le lundi 8 septembre \u00e0 19h00 et mardi 9 septembre \u00e0 21h00.<\/p>\n<p style=\"text-align: left;\">Le d\u00e9fil\u00e9 sera diffus\u00e9 en direct simultan\u00e9ment sur la cha\u00eene UHD, le site aura.france3.fr, sur la plateforme france.tv et sur YouTube et Facebook. (plus d\u2019infos\u00a0<a title=\"https:\/\/services.hosting.augure.com\/Response\/c2tDH\/%7bdce92092-f27f-4139-a365-7768520d5621%7d\" href=\"https:\/\/services.hosting.augure.com\/Response\/c2tDH\/%7bdce92092-f27f-4139-a365-7768520d5621%7d\" target=\"_blank\" rel=\"noopener noreferrer nofollow\" data-auth=\"NotApplicable\" data-linkindex=\"5\">ICI<\/a>)<\/p>\n<p style=\"text-align: left;\">ici Auvergne-Rh\u00f4ne-Alpes lance une chaine \u00e9ph\u00e9m\u00e8re UHD pour la Biennale de la danse de Lyon 2025<br \/>Du 6 au 9 septembre<\/p>\n","protected":false},"excerpt":{"rendered":"\u00c9v\u00e9nement incontournable de la rentr\u00e9e en Auvergne-Rh\u00f4ne-Alpes, la Biennale de la danse revient \u00e0 Lyon du 6 au&hellip;\n","protected":false},"author":2,"featured_media":364283,"comment_status":"","ping_status":"","sticky":false,"template":"","format":"standard","meta":{"footnotes":""},"categories":[1889],"tags":[1111,11,2430,1777,674,1011,27,2428,12,25],"class_list":{"0":"post-364282","1":"post","2":"type-post","3":"status-publish","4":"format-standard","5":"has-post-thumbnail","7":"category-lyon","8":"tag-actu","9":"tag-actualites","10":"tag-auvergne-rhone-alpes","11":"tag-eu","12":"tag-europe","13":"tag-fr","14":"tag-france","15":"tag-lyon","16":"tag-news","17":"tag-republique-francaise"},"share_on_mastodon":{"url":"https:\/\/pubeurope.com\/@fr\/115142732247596207","error":""},"_links":{"self":[{"href":"https:\/\/www.europesays.com\/fr\/wp-json\/wp\/v2\/posts\/364282","targetHints":{"allow":["GET"]}}],"collection":[{"href":"https:\/\/www.europesays.com\/fr\/wp-json\/wp\/v2\/posts"}],"about":[{"href":"https:\/\/www.europesays.com\/fr\/wp-json\/wp\/v2\/types\/post"}],"author":[{"embeddable":true,"href":"https:\/\/www.europesays.com\/fr\/wp-json\/wp\/v2\/users\/2"}],"replies":[{"embeddable":true,"href":"https:\/\/www.europesays.com\/fr\/wp-json\/wp\/v2\/comments?post=364282"}],"version-history":[{"count":0,"href":"https:\/\/www.europesays.com\/fr\/wp-json\/wp\/v2\/posts\/364282\/revisions"}],"wp:featuredmedia":[{"embeddable":true,"href":"https:\/\/www.europesays.com\/fr\/wp-json\/wp\/v2\/media\/364283"}],"wp:attachment":[{"href":"https:\/\/www.europesays.com\/fr\/wp-json\/wp\/v2\/media?parent=364282"}],"wp:term":[{"taxonomy":"category","embeddable":true,"href":"https:\/\/www.europesays.com\/fr\/wp-json\/wp\/v2\/categories?post=364282"},{"taxonomy":"post_tag","embeddable":true,"href":"https:\/\/www.europesays.com\/fr\/wp-json\/wp\/v2\/tags?post=364282"}],"curies":[{"name":"wp","href":"https:\/\/api.w.org\/{rel}","templated":true}]}}