{"id":364289,"date":"2025-09-03T22:34:10","date_gmt":"2025-09-03T22:34:10","guid":{"rendered":"https:\/\/www.europesays.com\/fr\/364289\/"},"modified":"2025-09-03T22:34:10","modified_gmt":"2025-09-03T22:34:10","slug":"saint-denis-une-religieuse-victime-dune-tentative-de-viol-un-ambulancier-incarcere","status":"publish","type":"post","link":"https:\/\/www.europesays.com\/fr\/364289\/","title":{"rendered":"Saint-Denis\u00a0: une religieuse victime d\u2019une tentative de viol, un ambulancier incarc\u00e9r\u00e9"},"content":{"rendered":"<p class=\"paragraph text_align_left lp-f-body-02\">Depuis le 21 ao\u00fbt, l\u2019auteur pr\u00e9sum\u00e9 d\u2019une tentative de viol sur une religieuse \u00e2g\u00e9e de 88 ans dort en prison. Son statut est assez surprenant puisqu\u2019il s\u2019agit d\u2019un ambulancier. Cet homme de 43 ans a \u00e9t\u00e9 mis en examen pour \u00ab tentative de viol sur personne vuln\u00e9rable et plac\u00e9 en d\u00e9tention provisoire \u00bb, indique le parquet de Bobigny, ce mercredi, confirmant une information de Paris Match.<\/p>\n<p class=\"paragraph text_align_left lp-f-body-02\">L\u2019homme n\u2019\u00e9tait pas inscrit au Fijais, le fichier des d\u00e9linquants sexuels, pr\u00e9cise le parquet. En revanche, \u00ab il a \u00e9t\u00e9 condamn\u00e9 en 2022 pour des violences conjugales \u00bb.<\/p>\n<p class=\"paragraph text_align_left lp-f-body-02\">Cette fois le suspect a dirig\u00e9 ses violences sur une octog\u00e9naire, religieuse retrait\u00e9e qui \u00e9tait de surcro\u00eet en situation de faiblesse. Les faits se sont d\u00e9roul\u00e9s alors qu\u2019il l\u2019avait pris en charge \u00e0 sa maison de retraite, \u00ab Ma maison \u00bb. Situ\u00e9 \u00e0 Saint-Denis c\u2019est un \u00e9tablissement pour personnes \u00e2g\u00e9es tenu par des religieuses appartenant \u00e0 la congr\u00e9gation des Petites S\u0153urs des Pauvres. Il accueille d\u2019anciens pr\u00eatres et religieuses mais aussi des la\u00efques.<\/p>\n<p class=\"paragraph text_align_left lp-f-body-02\">La victime, dont la sant\u00e9 \u00e9tait chancelante, devait \u00eatre transport\u00e9e vers un h\u00f4pital parisien. Les faits se seraient d\u00e9roul\u00e9s dans l\u2019ambulance. La patiente se trouvait \u00e0 l\u2019arri\u00e8re et <a href=\"https:\/\/www.leparisien.fr\/yvelines-78\/poissy-elle-accuse-un-ambulancier-de-viol-laffaire-classe-sans-suite-09-08-2022-ZCT4VOZFFBGO5AWYVPOVQPVSZY.php\" target=\"_self\" rel=\"nofollow noopener\">l\u2019ambulancier <\/a>aurait cherch\u00e9 \u00e0 plusieurs reprises \u00e0 lui toucher le sexe. Malgr\u00e9 les assauts r\u00e9p\u00e9t\u00e9s, elle aurait r\u00e9ussi \u00e0 le repousser avant qu\u2019il n\u2019aille encore plus loin.<\/p>\n<p>Une enqu\u00eate ouverte \u00e0 la recherche d\u2019\u00e9ventuelles autres victimes<\/p>\n<p class=\"paragraph text_align_left lp-f-body-02\">C\u2019est finalement cinq mois plus tard que l\u2019individu a pu \u00eatre identifi\u00e9. Il a \u00e9t\u00e9 interpell\u00e9 \u00e0 son domicile. \u00c2g\u00e9 de 43 ans, il a ni\u00e9 les faits et aurait affirm\u00e9 qu\u2019il cherchait \u00e0 v\u00e9rifier ses constantes m\u00e9dicales et non \u00e0 lui infliger des attouchements.<\/p>\n<p class=\"paragraph text_align_left lp-f-body-02\">De retour en lieu s\u00fbr, la vieille dame a d\u00e9nonc\u00e9 les faits et port\u00e9 plainte. Ces agissements tr\u00e8s graves \u00e9taient rest\u00e9s confidentiels. Le dioc\u00e8se de Saint-Denis lui-m\u00eame n\u2019\u00e9tait pas au courant. Contact\u00e9 ce mercredi, celui-ci a affirm\u00e9 qu\u2019il \u00e9tait tomb\u00e9 des nues en prenant connaissance de cette affaire \u00ab absolument abominable \u00bb, ajoutant que \u00ab l\u2019\u00e9v\u00eaque l\u2019avait appris ce matin (mercredi) \u00bb.<\/p>\n<p class=\"paragraph text_align_left lp-f-body-02\">L\u2019enqu\u00eate polici\u00e8re, confi\u00e9e au commissariat de Saint-Denis, se poursuit. Elle s\u2019attachera \u00e0 rechercher d\u2019\u00e9ventuelles autres victimes de l\u2019ambulancier.<\/p>\n","protected":false},"excerpt":{"rendered":"Depuis le 21 ao\u00fbt, l\u2019auteur pr\u00e9sum\u00e9 d\u2019une tentative de viol sur une religieuse \u00e2g\u00e9e de 88 ans dort&hellip;\n","protected":false},"author":2,"featured_media":364290,"comment_status":"","ping_status":"","sticky":false,"template":"","format":"standard","meta":{"footnotes":""},"categories":[1888],"tags":[11,1777,674,1011,27,1944,12,626,25,1945],"class_list":{"0":"post-364289","1":"post","2":"type-post","3":"status-publish","4":"format-standard","5":"has-post-thumbnail","7":"category-paris","8":"tag-actualites","9":"tag-eu","10":"tag-europe","11":"tag-fr","12":"tag-france","13":"tag-ma-ville","14":"tag-news","15":"tag-paris","16":"tag-republique-francaise","17":"tag-seine-saint-denis"},"share_on_mastodon":{"url":"https:\/\/pubeurope.com\/@fr\/115142752010407383","error":""},"_links":{"self":[{"href":"https:\/\/www.europesays.com\/fr\/wp-json\/wp\/v2\/posts\/364289","targetHints":{"allow":["GET"]}}],"collection":[{"href":"https:\/\/www.europesays.com\/fr\/wp-json\/wp\/v2\/posts"}],"about":[{"href":"https:\/\/www.europesays.com\/fr\/wp-json\/wp\/v2\/types\/post"}],"author":[{"embeddable":true,"href":"https:\/\/www.europesays.com\/fr\/wp-json\/wp\/v2\/users\/2"}],"replies":[{"embeddable":true,"href":"https:\/\/www.europesays.com\/fr\/wp-json\/wp\/v2\/comments?post=364289"}],"version-history":[{"count":0,"href":"https:\/\/www.europesays.com\/fr\/wp-json\/wp\/v2\/posts\/364289\/revisions"}],"wp:featuredmedia":[{"embeddable":true,"href":"https:\/\/www.europesays.com\/fr\/wp-json\/wp\/v2\/media\/364290"}],"wp:attachment":[{"href":"https:\/\/www.europesays.com\/fr\/wp-json\/wp\/v2\/media?parent=364289"}],"wp:term":[{"taxonomy":"category","embeddable":true,"href":"https:\/\/www.europesays.com\/fr\/wp-json\/wp\/v2\/categories?post=364289"},{"taxonomy":"post_tag","embeddable":true,"href":"https:\/\/www.europesays.com\/fr\/wp-json\/wp\/v2\/tags?post=364289"}],"curies":[{"name":"wp","href":"https:\/\/api.w.org\/{rel}","templated":true}]}}